{"id":538086,"date":"2025-11-16T12:00:16","date_gmt":"2025-11-16T12:00:16","guid":{"rendered":"https:\/\/www.europesays.com\/fr\/538086\/"},"modified":"2025-11-16T12:00:16","modified_gmt":"2025-11-16T12:00:16","slug":"paris-annonce-la-liberation-de-camilo-castro-un-francais-detenu-au-venezuela","status":"publish","type":"post","link":"https:\/\/www.europesays.com\/fr\/538086\/","title":{"rendered":"Paris annonce la lib\u00e9ration de Camilo Castro, un Fran\u00e7ais d\u00e9tenu au Venezuela"},"content":{"rendered":"<p>  Par&amp;nbsp<a href=\"https:\/\/fr.euronews.com\/profils\/2264\" rel=\"nofollow noopener\" target=\"_blank\">Alexander Kazakevich<\/a>&amp;nbspavec&amp;nbsp<b>AP<\/b><\/p>\n<p>\n                    Publi\u00e9 le                 16\/11\/2025 &#8211; 12:26 UTC+1<br \/>\n                \u2022Mis \u00e0 jour<br \/>\n                                     12:26\n                                        <\/p>\n<p>Le gouvernement fran\u00e7ais a annonc\u00e9 dimanche la lib\u00e9ration d&rsquo;un ressortissant franco-chilien qui \u00e9tait d\u00e9tenu depuis quatre mois par les autorit\u00e9s v\u00e9n\u00e9zu\u00e9liennes. <\/p>\n<p>Le ministre fran\u00e7ais des Affaires \u00e9trang\u00e8res, Jean-No\u00ebl Barrot, a <a href=\"https:\/\/x.com\/jnbarrot\/status\/1989936507583414431?s=20\" target=\"_blank\" rel=\"noreferrer nofollow\"><strong>d\u00e9clar\u00e9<\/strong><\/a> sur X que Camilo Castro \u00e9tait en train d&rsquo;\u00eatre rapatri\u00e9 en France. <\/p>\n<p>\u00ab\u00a0D\u00e9tenu depuis 4 mois au Venezuela, il est d\u00e9sormais en s\u00e9curit\u00e9, dans l&rsquo;avion qui le ram\u00e8ne en France\u00a0\u00bb, a-t-il \u00e9crit. Le ministre a rendu hommage \u00e0 la diplomatie fran\u00e7aise pour avoir obtenu sa lib\u00e9ration et a remerci\u00e9 les \u00ab\u00a0partenaires qui ont appuy\u00e9 nos efforts.\u00a0\u00bb<\/p>\n<p>\u00ab\u00a0Pens\u00e9es pour sa famille que j&rsquo;ai inform\u00e9e de la nouvelle et qui le retrouvera dans quelques heures\u00a0\u00bb, a-t-il conclu.<\/p>\n<p>Dans un autre message, publi\u00e9 quasi simultan\u00e9ment, le pr\u00e9sident fran\u00e7ais Emmanuel Macron a exprim\u00e9 son soulagement que Camilo Castro soit libre.<\/p>\n<p>\u00ab\u00a0La France avance parfois sans bruit, mais toujours avec d\u00e9termination et sang-froid : c\u2019est ainsi que nous prot\u00e9geons les n\u00f4tres\u00a0\u00bb, a d\u00e9clar\u00e9 le chef de l&rsquo;\u00c9tat.<\/p>\n<p>Camilo Castro, professeur de yoga de 41 ans, vivait en Colombie et a disparu en juin dernier apr\u00e8s avoir travers\u00e9 la fronti\u00e8re avec le Venezuela voisin dans l&rsquo;espoir, selon Amnesty International, de faire un aller-retour rapide pour prolonger son visa colombien.<\/p>\n<p>Un rassemblement avait \u00e9t\u00e9 organis\u00e9 fin septembre \u00e0 Toulouse, dont il est originaire, pour demander la lib\u00e9ration du Fran\u00e7ais. <\/p>\n<p>D&rsquo;autres citoyens europ\u00e9ens sont \u00e0 ce jour d\u00e9tenus au Venezuela. C&rsquo;est le cas d&rsquo;Alberto Trentini, l&rsquo;un des quelque 15 Italiens qui se trouvent dans cette situation. Il avait \u00e9t\u00e9 arr\u00eat\u00e9 avec son chauffeur de taxi v\u00e9n\u00e9zu\u00e9lien par les autorit\u00e9s de Caracas le 15 novembre 2024, alors qu&rsquo;il se rendait dans l&rsquo;\u00c9tat d&rsquo;Apure pour une mission humanitaire.<\/p>\n<p>D&rsquo;apr\u00e8s les informations de la presse italienne, l&#8217;employ\u00e9 de l&rsquo;ONG Handicap International, souffre d&rsquo;hypertension et a un acc\u00e8s limit\u00e9 aux soins. Il n&rsquo;a pu contacter sa famille que trois fois. <\/p>\n<p>Amnesty International d\u00e9nonce cette arrestation comme arbitraire, s&rsquo;inscrivant dans le cadre de la r\u00e9pression du Nicol\u00e1s Maduro contre les pr\u00e9tendus \u00ab\u00a0mercenaires \u00e9trangers\u00a0\u00bb, qui se seraient infiltr\u00e9s sur le sol v\u00e9n\u00e9zu\u00e9lien pour renverser le r\u00e9gime chaviste. <\/p>\n","protected":false},"excerpt":{"rendered":"Par&amp;nbspAlexander Kazakevich&amp;nbspavec&amp;nbspAP Publi\u00e9 le 16\/11\/2025 &#8211; 12:26 UTC+1 \u2022Mis \u00e0 jour 12:26 Le gouvernement fran\u00e7ais a annonc\u00e9 dimanche&hellip;\n","protected":false},"author":2,"featured_media":538087,"comment_status":"","ping_status":"","sticky":false,"template":"","format":"standard","meta":{"footnotes":""},"categories":[1888],"tags":[1111,1928,11,1927,312,1777,674,1011,27,12,1926,626,1925,4293,25,337],"class_list":{"0":"post-538086","1":"post","2":"type-post","3":"status-publish","4":"format-standard","5":"has-post-thumbnail","7":"category-paris","8":"tag-actu","9":"tag-actu-paris","10":"tag-actualites","11":"tag-actualites-paris","12":"tag-diplomatie","13":"tag-eu","14":"tag-europe","15":"tag-fr","16":"tag-france","17":"tag-news","18":"tag-news-paris","19":"tag-paris","20":"tag-paris-news","21":"tag-prisonnier","22":"tag-republique-francaise","23":"tag-venezuela"},"share_on_mastodon":{"url":"https:\/\/pubeurope.com\/@fr\/115559269782538638","error":""},"_links":{"self":[{"href":"https:\/\/www.europesays.com\/fr\/wp-json\/wp\/v2\/posts\/538086","targetHints":{"allow":["GET"]}}],"collection":[{"href":"https:\/\/www.europesays.com\/fr\/wp-json\/wp\/v2\/posts"}],"about":[{"href":"https:\/\/www.europesays.com\/fr\/wp-json\/wp\/v2\/types\/post"}],"author":[{"embeddable":true,"href":"https:\/\/www.europesays.com\/fr\/wp-json\/wp\/v2\/users\/2"}],"replies":[{"embeddable":true,"href":"https:\/\/www.europesays.com\/fr\/wp-json\/wp\/v2\/comments?post=538086"}],"version-history":[{"count":0,"href":"https:\/\/www.europesays.com\/fr\/wp-json\/wp\/v2\/posts\/538086\/revisions"}],"wp:featuredmedia":[{"embeddable":true,"href":"https:\/\/www.europesays.com\/fr\/wp-json\/wp\/v2\/media\/538087"}],"wp:attachment":[{"href":"https:\/\/www.europesays.com\/fr\/wp-json\/wp\/v2\/media?parent=538086"}],"wp:term":[{"taxonomy":"category","embeddable":true,"href":"https:\/\/www.europesays.com\/fr\/wp-json\/wp\/v2\/categories?post=538086"},{"taxonomy":"post_tag","embeddable":true,"href":"https:\/\/www.europesays.com\/fr\/wp-json\/wp\/v2\/tags?post=538086"}],"curies":[{"name":"wp","href":"https:\/\/api.w.org\/{rel}","templated":true}]}}