{"id":538100,"date":"2025-11-16T12:08:12","date_gmt":"2025-11-16T12:08:12","guid":{"rendered":"https:\/\/www.europesays.com\/fr\/538100\/"},"modified":"2025-11-16T12:08:12","modified_gmt":"2025-11-16T12:08:12","slug":"immigration-cest-quoi-ce-billet-en-or-que-le-royaume-uni-veut-supprimer-pour-les-migrants","status":"publish","type":"post","link":"https:\/\/www.europesays.com\/fr\/538100\/","title":{"rendered":"Immigration\u00a0: c\u2019est quoi ce \u00ab\u00a0billet en or\u00a0\u00bb que le Royaume-Uni veut supprimer pour les migrants\u00a0?"},"content":{"rendered":"<p class=\"paragraph text_align_left lp-f-body-02\">Fini le \u00ab\u00a0billet en or\u00a0\u00bb. Le gouvernement britannique a annonc\u00e9 une <a href=\"https:\/\/www.leparisien.fr\/international\/royaume-uni\/immigration-pour-reduire-le-nombre-de-migrants-arrivant-au-royaume-uni-le-gouvernement-va-reduire-les-droits-des-refugies-16-11-2025-URZHDZ2ECBH37IB5MNPBSDH2JE.php\" target=\"_blank\" rel=\"noreferrer nofollow noopener\">refonte drastique de sa politique d\u2019asile<\/a>, visant \u00e0 rendre le Royaume-Uni bien moins attractif pour les demandeurs de protection internationale. Une r\u00e9volution dans un pays confront\u00e9 \u00e0 une pression migratoire record.<\/p>\n<p class=\"paragraph text_align_left lp-f-body-02\">\u00ab\u00a0Un billet en or a fait grimper les demandes d\u2019asile au Royaume-Uni, poussant les gens \u00e0 traverser l\u2019Europe, via des pays s\u00fbrs, pour monter \u00e0 bord d\u2019embarcations de fortune\u00a0\u00bb, a d\u00e9plor\u00e9 samedi dans un communiqu\u00e9 la ministre de l\u2019Int\u00e9rieur Shabana Mahmood, tenante de la <a href=\"https:\/\/www.leparisien.fr\/international\/royaume-uni\/lordre-dans-notre-systeme-migratoire-le-gouvernement-britannique-veut-utiliser-des-sites-militaires-pour-les-migrants-07-09-2025-DCHFUWC4K5HNDGBLDEBQBMJX3M.php\" target=\"_blank\" rel=\"noreferrer nofollow noopener\">frange conservatrice<\/a> du parti travailliste Blue Labour. Et d\u2019enfoncer le clou\u00a0: \u00ab\u00a0Je vais mettre fin \u00e0 ce ticket en or\u00a0\u00bb.<\/p>\n<p class=\"paragraph text_align_left lp-f-body-02\">Ce \u00ab\u00a0golden ticket\u00a0\u00bb d\u00e9signe, selon le gouvernement travailliste, les <a href=\"https:\/\/www.leparisien.fr\/international\/royaume-uni\/royaume-uni-le-gouvernement-britannique-devoile-un-plan-radical-pour-reduire-limmigration-12-05-2025-AF3IHYJSBFFT3CTD6ICJL77GAM.php\" target=\"_blank\" rel=\"noreferrer nofollow noopener\">conditions actuelles jug\u00e9es trop g\u00e9n\u00e9reuses<\/a>. Les r\u00e9fugi\u00e9s peuvent aujourd\u2019hui demander \u00e0 s\u2019installer d\u00e9finitivement au Royaume-Uni, sans frais, apr\u00e8s cinq ans de pr\u00e9sence, \u00ab\u00a0sans avoir contribu\u00e9\u00a0\u00bb au pays, estime le minist\u00e8re de l\u2019Int\u00e9rieur. Un syst\u00e8me per\u00e7u comme un appel d\u2019air pour les candidats \u00e0 l\u2019exil.<\/p>\n<p>Demander la r\u00e9sidence permanente au bout de 20\u00a0ans<\/p>\n<p class=\"paragraph text_align_left lp-f-body-02\">Le nouveau dispositif, qui s\u2019inspire du mod\u00e8le danois, bouleverse radicalement la donne. La dur\u00e9e de s\u00e9jour initiale accord\u00e9e aux r\u00e9fugi\u00e9s sera r\u00e9duite de cinq ans \u00e0 seulement trente mois. Surtout, le d\u00e9lai n\u00e9cessaire pour demander la r\u00e9sidence permanente sera multipli\u00e9 par quatre\u00a0: il passera donc de cinq \u00e0 vingt ans. Un changement d\u2019ampleur qui transforme la nature m\u00eame de l\u2019asile britannique, d\u00e9sormais con\u00e7u comme strictement temporaire.<\/p>\n<p>Installation \u00ab\u00a0au m\u00e9rite\u00a0\u00bb<\/p>\n<p class=\"paragraph text_align_left lp-f-body-02\">Les r\u00e9fugi\u00e9s souhaitant acc\u00e9der plus rapidement au statut de r\u00e9sident permanent \u00ab\u00a0devront travailler ou \u00e9tudier\u00a0\u00bb, selon le minist\u00e8re. Une logique de \u00ab\u00a0m\u00e9rite\u00a0\u00bb que le <a href=\"https:\/\/www.leparisien.fr\/international\/legislatives-au-royaume-uni-keir-starmer-le-monsieur-ennuyeux-qui-a-revolutionne-la-gauche-britannique-04-07-2024-LLQHNO4VHVDDBLFMK7JWDJQM5E.php\" target=\"_blank\" rel=\"noreferrer nofollow noopener\">Premier ministre travailliste Keir Starmer<\/a> avait d\u00e9j\u00e0 d\u00e9fendue dans un tweet publi\u00e9 en octobre\u00a0: \u00ab\u00a0Il n\u2019y aura pas de billet en or pour s\u2019installer au Royaume-Uni. L\u2019\u00e9tablissement se m\u00e9rite en contribuant \u00e0 notre soci\u00e9t\u00e9, pas en payant un passeur pour traverser la Manche\u00a0\u00bb.<\/p>\n<blockquote class=\"twitter-tweet\">\n<p lang=\"en\" dir=\"ltr\">There will be no golden ticket to settling in the UK.<\/p>\n<p>Settlement is earned by contributing to our society, not by paying a people smuggler to cross the Channel.<\/p>\n<p>I am determined to make our asylum system fairer and smash the business model of criminal people smugglers.<\/p>\n<p>\u2014 Keir Starmer (@Keir_Starmer) <a href=\"https:\/\/twitter.com\/Keir_Starmer\/status\/1973644217223123234?ref_src=twsrc%5Etfw\" rel=\"nofollow noopener\" target=\"_blank\">October 2, 2025<\/a><\/p><\/blockquote>\n<p>Protection \u00ab\u00a0temporaire\u00a0\u00bb<\/p>\n<p class=\"paragraph text_align_left lp-f-body-02\">Autre mesure phare\u00a0: la protection accord\u00e9e aux r\u00e9fugi\u00e9s deviendra temporaire. Ils seront \u00ab\u00a0forc\u00e9s de rentrer dans leur pays d\u2019origine d\u00e8s qu\u2019il sera jug\u00e9 s\u00fbr\u00a0\u00bb, pr\u00e9cise le communiqu\u00e9 du gouvernement. L\u2019acc\u00e8s automatique aux aides sociales sera \u00e9galement supprim\u00e9 pour les demandeurs d\u2019asile aptes \u00e0 travailler mais qui choisissent de ne pas le faire, ou pour ceux qui enfreignent la loi britannique.<\/p>\n<p>Le regroupement familial dans le viseur<\/p>\n<p class=\"paragraph text_align_left lp-f-body-02\">Le gouvernement entend \u00e9galement restreindre le regroupement familial. Actuellement, les r\u00e9fugi\u00e9s peuvent faire venir leurs proches au Royaume-Uni dans des conditions relativement favorables. Ce droit, consid\u00e9r\u00e9 comme fondamental par les organisations humanitaires, pourrait \u00eatre s\u00e9v\u00e8rement encadr\u00e9.<\/p>\n<p class=\"paragraph text_align_left lp-f-body-02\">L\u2019objectif affich\u00e9\u00a0: limiter ce que l\u2019ex\u00e9cutif consid\u00e8re comme un effet domino, o\u00f9 chaque r\u00e9fugi\u00e9 accueilli peut entra\u00eener l\u2019arriv\u00e9e de plusieurs membres de sa famille, contribuant selon lui \u00e0 l\u2019augmentation des flux migratoires.<\/p>\n<p class=\"paragraph text_align_left lp-f-body-02\">L\u2019ensemble de ces mesures, que la ministre qualifie de \u00ab\u00a0changements les plus radicaux apport\u00e9s au syst\u00e8me d\u2019asile depuis une g\u00e9n\u00e9ration\u00a0\u00bb, sera d\u00e9taill\u00e9 lundi devant le Parlement par Shabana Mahmood. \u00ab\u00a0Je vois bien que l\u2019immigration clandestine d\u00e9chire notre pays\u00a0\u00bb, a-t-elle d\u00e9clar\u00e9 au Sunday Times.<\/p>\n<p>Manifestations anti-immigtration<\/p>\n<p class=\"paragraph text_align_left lp-f-body-02\">Car la pression est \u00e9norme. Depuis son arriv\u00e9e au pouvoir \u00e0 l\u2019\u00e9t\u00e9 2024, le gouvernement de Keir Starmer fait face \u00e0 une contestation quasi quotidienne sur la question migratoire. Cet \u00e9t\u00e9, <a href=\"https:\/\/www.leparisien.fr\/international\/royaume-uni\/arretez-linvasion-au-royaume-uni-au-coeur-des-gilets-jaunes-anti-migrants-30-08-2025-AZ7IF3NTCBCEJB3I5FQG3XXOLY.php\" target=\"_blank\" rel=\"noreferrer nofollow noopener\">de nombreuses manifestations<\/a> ont cibl\u00e9 des h\u00f4tels h\u00e9bergeant des demandeurs d\u2019asile. Mi-septembre, une manifestation organis\u00e9e par l\u2019extr\u00eame droite \u00e0 Londres a r\u00e9uni jusqu\u2019\u00e0 150\u00a0000 personnes selon la police. Dans les sondages, le parti anti-immigration Reform UK de Nigel Farage caracole en t\u00eate depuis des mois, <a href=\"https:\/\/www.leparisien.fr\/societe\/sexe-age-pays-dorigine-qui-sont-les-migrants-qui-arrivent-chaque-jour-en-grande-bretagne-en-7-infographies-24-10-2025-DDCQP7DHURBHXILPT73X3U6UWQ.php\" target=\"_blank\" rel=\"noreferrer nofollow noopener\">port\u00e9 par les derniers chiffres sur l\u2019immigration<\/a>.<\/p>\n<p class=\"title-embed-dailymotion lp-color-text lp-f-subtitle-04\">Vid\u00e9o\u00ab\u00a0C&rsquo;est notre pays \u00bb\u00a0: l\u2019extr\u00eame-droite mobilise en masse \u00e0 Londres<\/p>\n<p class=\"paragraph text_align_left lp-f-body-02\">Depuis le 1er\u00a0janvier 2025, plus de 39\u00a0000 personnes ont d\u00e9barqu\u00e9 sur les c\u00f4tes anglaises apr\u00e8s avoir travers\u00e9 la Manche \u00e0 bord d\u2019embarcations de fortune, un chiffre qui d\u00e9passe d\u00e9j\u00e0 celui de toute l\u2019ann\u00e9e 2024 (36\u00a0816).<\/p>\n<p class=\"paragraph text_align_left lp-f-body-02\">Par ailleurs, les demandes d\u2019asile ont bondi de 18\u00a0% en 2024 au Royaume-Uni, alors qu\u2019elles reculaient de 13\u00a0% dans l\u2019Union europ\u00e9enne sur la m\u00eame p\u00e9riode. Pr\u00e8s de 350\u00a0000 demandes ont \u00e9t\u00e9 enregistr\u00e9es depuis 2021, contre environ 130\u00a0000 sur la p\u00e9riode 2011-2015.<\/p>\n<p><script async src=\"https:\/\/platform.twitter.com\/widgets.js\" charset=\"utf-8\"><\/script><\/p>\n","protected":false},"excerpt":{"rendered":"Fini le \u00ab\u00a0billet en or\u00a0\u00bb. Le gouvernement britannique a annonc\u00e9 une refonte drastique de sa politique d\u2019asile, visant&hellip;\n","protected":false},"author":2,"featured_media":538101,"comment_status":"","ping_status":"","sticky":false,"template":"","format":"standard","meta":{"footnotes":""},"categories":[1588],"tags":[11,1777,674,14,12,473,1853,1851,1850,1852],"class_list":{"0":"post-538100","1":"post","2":"type-post","3":"status-publish","4":"format-standard","5":"has-post-thumbnail","7":"category-royaume-uni","8":"tag-actualites","9":"tag-eu","10":"tag-europe","11":"tag-international","12":"tag-news","13":"tag-royaume-uni","14":"tag-royaume-uni-de-grande-bretagne-et-dirlande-du-nord","15":"tag-uk","16":"tag-united-kingdom","17":"tag-united-kingdom-of-great-britain-and-northern-ireland"},"share_on_mastodon":{"url":"https:\/\/pubeurope.com\/@fr\/115559301446271797","error":""},"_links":{"self":[{"href":"https:\/\/www.europesays.com\/fr\/wp-json\/wp\/v2\/posts\/538100","targetHints":{"allow":["GET"]}}],"collection":[{"href":"https:\/\/www.europesays.com\/fr\/wp-json\/wp\/v2\/posts"}],"about":[{"href":"https:\/\/www.europesays.com\/fr\/wp-json\/wp\/v2\/types\/post"}],"author":[{"embeddable":true,"href":"https:\/\/www.europesays.com\/fr\/wp-json\/wp\/v2\/users\/2"}],"replies":[{"embeddable":true,"href":"https:\/\/www.europesays.com\/fr\/wp-json\/wp\/v2\/comments?post=538100"}],"version-history":[{"count":0,"href":"https:\/\/www.europesays.com\/fr\/wp-json\/wp\/v2\/posts\/538100\/revisions"}],"wp:featuredmedia":[{"embeddable":true,"href":"https:\/\/www.europesays.com\/fr\/wp-json\/wp\/v2\/media\/538101"}],"wp:attachment":[{"href":"https:\/\/www.europesays.com\/fr\/wp-json\/wp\/v2\/media?parent=538100"}],"wp:term":[{"taxonomy":"category","embeddable":true,"href":"https:\/\/www.europesays.com\/fr\/wp-json\/wp\/v2\/categories?post=538100"},{"taxonomy":"post_tag","embeddable":true,"href":"https:\/\/www.europesays.com\/fr\/wp-json\/wp\/v2\/tags?post=538100"}],"curies":[{"name":"wp","href":"https:\/\/api.w.org\/{rel}","templated":true}]}}