{"id":538102,"date":"2025-11-16T12:09:16","date_gmt":"2025-11-16T12:09:16","guid":{"rendered":"https:\/\/www.europesays.com\/fr\/538102\/"},"modified":"2025-11-16T12:09:16","modified_gmt":"2025-11-16T12:09:16","slug":"google-condamne-a-payer-573-millions-deuros-pour-abus-de-position-dominante-en-allemagne","status":"publish","type":"post","link":"https:\/\/www.europesays.com\/fr\/538102\/","title":{"rendered":"Google condamn\u00e9 \u00e0 payer 573 millions d&rsquo;euros pour abus de position dominante en Allemagne"},"content":{"rendered":"<p><strong>Google a \u00e9t\u00e9 condamn\u00e9 par le tribunal r\u00e9gional de Berlin \u00e0 verser 573 millions d\u2019euros de dommages et int\u00e9r\u00eats \u00e0 deux comparateurs de prix en Allemagne. Ce verdict marque une \u00e9tape majeure dans les retomb\u00e9es de la sanction antitrust historique inflig\u00e9e par l\u2019Union europ\u00e9enne en 2017, bien que la bataille judiciaire soit loin d\u2019\u00eatre termin\u00e9e.<\/strong><\/p>\n<p><img loading=\"lazy\" decoding=\"async\" class=\"aligncenter size-large wp-image-296970\" src=\"https:\/\/www.europesays.com\/fr\/wp-content\/uploads\/2025\/11\/Google-Logo-Icone-Application-1024x682.jpg\" alt=\"Google Logo Icone Application\" width=\"1024\" height=\"682\"  \/><\/p>\n<p>Une facture de 573 millions d\u2019euros pour Google<\/p>\n<p>Dans le d\u00e9tail, la justice a accord\u00e9 465 millions d\u2019euros \u00e0 Idealo, propri\u00e9t\u00e9 du groupe Axel Springer, et pr\u00e8s de 108 millions d\u2019euros \u00e0 un autre service, Producto. Ces sommes restent cependant bien en de\u00e7\u00e0 des demandes initiales des plaignants. Idealo, par exemple, r\u00e9clamait \u00e0 l\u2019origine 3,3 milliards d\u2019euros.<\/p>\n<p>Google a r\u00e9agi aupr\u00e8s de <a href=\"https:\/\/www.bloomberg.com\/news\/articles\/2025-11-14\/google-ordered-to-pay-573-million-in-german-shopping-suits\" rel=\"external nofollow noopener\" target=\"_blank\">Bloomberg<\/a> en annon\u00e7ant son intention de faire appel. L\u2019entreprise s\u2019est dite \u00ab satisfaite que le tribunal ait rejet\u00e9 la majorit\u00e9 de ces demandes exorbitantes \u00bb, tout en exprimant son d\u00e9saccord avec le verdict.<\/p>\n<p>Ces poursuites civiles sont la cons\u00e9quence directe d\u2019une d\u00e9cision de la Commission europ\u00e9enne. En 2017, celle-ci <a href=\"https:\/\/kulturegeek.fr\/news-114260\/abus-position-dominante-leurope-punit-google-amende-record-24-milliards-deuros\" target=\"_blank\" rel=\"noopener\">avait inflig\u00e9<\/a> une amende de 2,4 milliards d\u2019euros \u00e0 Google pour avoir ill\u00e9galement utilis\u00e9 sa position dominante dans la recherche en ligne afin de favoriser son propre service de shopping au d\u00e9triment de ses concurrents.<\/p>\n<p>Cette condamnation a ouvert la voie \u00e0 une vague de poursuites dites \u00ab cons\u00e9cutives \u00bb o\u00f9 les entreprises l\u00e9s\u00e9es n\u2019ont plus \u00e0 prouver la culpabilit\u00e9 de Google, celle-ci \u00e9tant d\u00e9j\u00e0 \u00e9tablie. Dans sa d\u00e9fense, Google a fait valoir que les mesures correctives prises en 2017 avaient r\u00e9solu le probl\u00e8me, argumentant que le nombre de comparateurs de prix partenaires \u00e9tait depuis pass\u00e9 de 7 \u00e0 1 550.<\/p>\n<p>Un combat judiciaire qui n\u2019est pas termin\u00e9<\/p>\n<p>L\u2019argument de Google n\u2019a pas enti\u00e8rement convaincu le tribunal et la d\u00e9cision ne satisfait pleinement aucune des parties. Idealo a \u00e9galement annonc\u00e9 faire appel pour obtenir une compensation plus importante. Selon son cofondateur, Albrecht von Sonntag, il est crucial que \u00ab l\u2019abus de march\u00e9 ne devienne pas un mod\u00e8le \u00e9conomique lucratif qui vaille la peine malgr\u00e9 les amendes et les dommages et int\u00e9r\u00eats \u00bb.<\/p>\n<p>Surtout, les juges de Berlin ont estim\u00e9 que l\u2019infraction de Google s\u2019\u00e9tait poursuivie jusqu\u2019au 29 f\u00e9vrier 2024. Cette conclusion ouvre la porte \u00e0 des dommages et int\u00e9r\u00eats suppl\u00e9mentaires pour les deux plaignants qui pourront r\u00e9clamer une compensation pour les pr\u00e9judices subis jusqu\u2019\u00e0 cette date, prolongeant ainsi une saga judiciaire d\u00e9j\u00e0 complexe.<\/p>\n","protected":false},"excerpt":{"rendered":"Google a \u00e9t\u00e9 condamn\u00e9 par le tribunal r\u00e9gional de Berlin \u00e0 verser 573 millions d\u2019euros de dommages et&hellip;\n","protected":false},"author":2,"featured_media":538103,"comment_status":"","ping_status":"","sticky":false,"template":"","format":"standard","meta":{"footnotes":""},"categories":[1587],"tags":[11,672,1804,65688,1805,1803,1777,674,1801,323,303,12,1802],"class_list":{"0":"post-538102","1":"post","2":"type-post","3":"status-publish","4":"format-standard","5":"has-post-thumbnail","7":"category-allemagne","8":"tag-actualites","9":"tag-allemagne","10":"tag-bundesrepublik-deutschland","11":"tag-comparateur","12":"tag-de","13":"tag-deutschland","14":"tag-eu","15":"tag-europe","16":"tag-germany","17":"tag-google","18":"tag-justice","19":"tag-news","20":"tag-republique-federale-dallemagne"},"share_on_mastodon":{"url":"https:\/\/pubeurope.com\/@fr\/115559305964350472","error":""},"_links":{"self":[{"href":"https:\/\/www.europesays.com\/fr\/wp-json\/wp\/v2\/posts\/538102","targetHints":{"allow":["GET"]}}],"collection":[{"href":"https:\/\/www.europesays.com\/fr\/wp-json\/wp\/v2\/posts"}],"about":[{"href":"https:\/\/www.europesays.com\/fr\/wp-json\/wp\/v2\/types\/post"}],"author":[{"embeddable":true,"href":"https:\/\/www.europesays.com\/fr\/wp-json\/wp\/v2\/users\/2"}],"replies":[{"embeddable":true,"href":"https:\/\/www.europesays.com\/fr\/wp-json\/wp\/v2\/comments?post=538102"}],"version-history":[{"count":0,"href":"https:\/\/www.europesays.com\/fr\/wp-json\/wp\/v2\/posts\/538102\/revisions"}],"wp:featuredmedia":[{"embeddable":true,"href":"https:\/\/www.europesays.com\/fr\/wp-json\/wp\/v2\/media\/538103"}],"wp:attachment":[{"href":"https:\/\/www.europesays.com\/fr\/wp-json\/wp\/v2\/media?parent=538102"}],"wp:term":[{"taxonomy":"category","embeddable":true,"href":"https:\/\/www.europesays.com\/fr\/wp-json\/wp\/v2\/categories?post=538102"},{"taxonomy":"post_tag","embeddable":true,"href":"https:\/\/www.europesays.com\/fr\/wp-json\/wp\/v2\/tags?post=538102"}],"curies":[{"name":"wp","href":"https:\/\/api.w.org\/{rel}","templated":true}]}}