{"id":538107,"date":"2025-11-16T12:12:16","date_gmt":"2025-11-16T12:12:16","guid":{"rendered":"https:\/\/www.europesays.com\/fr\/538107\/"},"modified":"2025-11-16T12:12:16","modified_gmt":"2025-11-16T12:12:16","slug":"un-adolescent-de-12-ans-grievement-blesse-par-balles-sur-un-point-de-deal","status":"publish","type":"post","link":"https:\/\/www.europesays.com\/fr\/538107\/","title":{"rendered":"un adolescent de 12 ans gri\u00e8vement bless\u00e9 par balles sur un point de deal"},"content":{"rendered":"<p>\n    La victime a \u00e9t\u00e9 transport\u00e9e \u00e0 l\u2019h\u00f4pital avec un pronostic vital engag\u00e9, dans la nuit de samedi \u00e0 dimanche.<\/p>\n<p class=\"fig-paragraph\">Un adolescent de 12 ans a \u00e9t\u00e9 gri\u00e8vement bless\u00e9 apr\u00e8s avoir \u00e9t\u00e9 vis\u00e9 par des tirs d\u2019armes \u00e0 feu dans la nuit de samedi \u00e0 dimanche, vers 3h du matin, \u00e0\u00a0<a href=\"http:\/\/www.lefigaro.fr\/faits-divers\/une-femme-de-24-ans-tuee-a-l-arme-blanche-a-grenoble-sa-voisine-placee-en-garde-a-vue-20251019\" target=\"_blank\" data-fig-type=\"NewsFlash\" rel=\"noopener\" data-gtm-custom-categorie=\"navigation\" data-gtm-custom-action=\"crossclick\" data-gtm-custom-label=\"Contextuel\" data-gtm-event=\"customEventSPE\" data-fig-domain=\"LEFIGARO\">Grenoble<\/a>, a appris Le Figaro de source polici\u00e8re. Les faits ont eu lieu sur un point de deal, rue du Drac, \u00e0 l\u2019ouest de la ville.<\/p>\n<p class=\"fig-paragraph\">Apr\u00e8s avoir entendu des d\u00e9tonations en pleine nuit et vu un v\u00e9hicule en fuite, des riverains ont pr\u00e9venu la police. Les forces de l\u2019ordre ont retrouv\u00e9 la victime de 12 ans en arr\u00eat cardio-respiratoire, bless\u00e9e par balles au dos et aux jambes. L\u2019adolescent a \u00e9t\u00e9 transport\u00e9 \u00e0 l\u2019h\u00f4pital avec un pronostic vital engag\u00e9.<\/p>\n<p>                                    <a class=\"fig-a11y-skip a11y-hidden\" href=\"#fig-a11y-skip-main-inarticle\"><br \/>\n        Passer la publicit\u00e9<br \/>\n    <\/a><\/p>\n<p class=\"fig-paragraph\">La police judiciaire a \u00e9t\u00e9 saisie de l\u2019enqu\u00eate. Neuf \u00e9tuis de balles de 9 mm ont \u00e9t\u00e9 d\u00e9couverts sur place. La vid\u00e9osurveillance ne couvre pas le secteur de l\u2019agression.<\/p>\n","protected":false},"excerpt":{"rendered":"La victime a \u00e9t\u00e9 transport\u00e9e \u00e0 l\u2019h\u00f4pital avec un pronostic vital engag\u00e9, dans la nuit de samedi \u00e0&hellip;\n","protected":false},"author":2,"featured_media":538108,"comment_status":"","ping_status":"","sticky":false,"template":"","format":"standard","meta":{"footnotes":""},"categories":[2],"tags":[11,5141,17489,1011,27,2731,12,25],"class_list":{"0":"post-538107","1":"post","2":"type-post","3":"status-publish","4":"format-standard","5":"has-post-thumbnail","7":"category-actualites","8":"tag-actualites","9":"tag-arme-a-feu","10":"tag-dealer","11":"tag-fr","12":"tag-france","13":"tag-grenoble","14":"tag-news","15":"tag-republique-francaise"},"share_on_mastodon":{"url":"https:\/\/pubeurope.com\/@fr\/115559317361490092","error":""},"_links":{"self":[{"href":"https:\/\/www.europesays.com\/fr\/wp-json\/wp\/v2\/posts\/538107","targetHints":{"allow":["GET"]}}],"collection":[{"href":"https:\/\/www.europesays.com\/fr\/wp-json\/wp\/v2\/posts"}],"about":[{"href":"https:\/\/www.europesays.com\/fr\/wp-json\/wp\/v2\/types\/post"}],"author":[{"embeddable":true,"href":"https:\/\/www.europesays.com\/fr\/wp-json\/wp\/v2\/users\/2"}],"replies":[{"embeddable":true,"href":"https:\/\/www.europesays.com\/fr\/wp-json\/wp\/v2\/comments?post=538107"}],"version-history":[{"count":0,"href":"https:\/\/www.europesays.com\/fr\/wp-json\/wp\/v2\/posts\/538107\/revisions"}],"wp:featuredmedia":[{"embeddable":true,"href":"https:\/\/www.europesays.com\/fr\/wp-json\/wp\/v2\/media\/538108"}],"wp:attachment":[{"href":"https:\/\/www.europesays.com\/fr\/wp-json\/wp\/v2\/media?parent=538107"}],"wp:term":[{"taxonomy":"category","embeddable":true,"href":"https:\/\/www.europesays.com\/fr\/wp-json\/wp\/v2\/categories?post=538107"},{"taxonomy":"post_tag","embeddable":true,"href":"https:\/\/www.europesays.com\/fr\/wp-json\/wp\/v2\/tags?post=538107"}],"curies":[{"name":"wp","href":"https:\/\/api.w.org\/{rel}","templated":true}]}}