{"id":538109,"date":"2025-11-16T12:13:18","date_gmt":"2025-11-16T12:13:18","guid":{"rendered":"https:\/\/www.europesays.com\/fr\/538109\/"},"modified":"2025-11-16T12:13:18","modified_gmt":"2025-11-16T12:13:18","slug":"les-gardiens-de-la-revolution-confirment-avoir-saisi-un-petrolier-dans-le-golfe","status":"publish","type":"post","link":"https:\/\/www.europesays.com\/fr\/538109\/","title":{"rendered":"les Gardiens de la r\u00e9volution confirment avoir saisi un p\u00e9trolier dans le Golfe"},"content":{"rendered":"<p>Une interception qui fait parler. Les Gardiens de la r\u00e9volution, arm\u00e9e id\u00e9ologique de la R\u00e9publique islamique d\u2019<a href=\"https:\/\/www.20minutes.fr\/monde\/iran\/\" class=\"c-link c-link--is-underlined\" target=\"_blank\" rel=\"noopener\">Iran<\/a>, ont confirm\u00e9 samedi avoir saisi dans les eaux du Golfe un p\u00e9trolier qui avait chang\u00e9 soudainement de cap vendredi dans le <a href=\"https:\/\/www.20minutes.fr\/dossier\/detroit_d_ormuz\" class=\"c-link c-link--is-underlined\" target=\"_blank\" rel=\"noopener\">d\u00e9troit d\u2019Ormuz<\/a> pour se diriger vers les eaux iraniennes.<\/p>\n<p>Vendredi \u00e0 4 heures GMT (5 heures \u00e0 Paris), \u00ab\u00a0suite \u00e0 une d\u00e9cision de justice ordonnant la saisie de la cargaison d\u2019un p\u00e9trolier, le Talara, battant pavillon des \u00celes Marshall, les unit\u00e9s d\u2019intervention rapide de la marine des Gardiens de la r\u00e9volution ont surveill\u00e9 ses mouvements, l\u2019ont intercept\u00e9 et arraisonn\u00e9\u00a0\u00bb, ont indiqu\u00e9 ces derniers dans un communiqu\u00e9. \u00ab\u00a0Le p\u00e9trolier \u00e9tait en infraction pour avoir transport\u00e9 une cargaison non autoris\u00e9e\u00a0\u00bb, ont-ils affirm\u00e9. Il \u00ab\u00a0transportait 30.000 tonnes de produits p\u00e9trochimiques et se dirigeait vers <a href=\"https:\/\/www.20minutes.fr\/dossier\/singapour\" class=\"c-link c-link--is-underlined\" target=\"_blank\" rel=\"noopener\">Singapour<\/a>. Il a \u00e9t\u00e9 conduit ce matin \u00e0 un mouillage\u00a0\u00bb, ont pr\u00e9cis\u00e9 les Gardiens.<\/p>\n<p>Le \u00ab\u00a0principal responsable\u00a0\u00bb est iranien<\/p>\n<p>Les Gardiens de la r\u00e9volution sont une force distincte de celles de l\u2019arm\u00e9e nationale. L\u2019agence locale iranienne Fars a \u00e9cart\u00e9 le fait que cette saisie soit une mesure de r\u00e9torsion vis-\u00e0-vis d\u2019un autre pays. La cargaison saisie comprenait des \u00ab\u00a0produits p\u00e9trochimiques iraniens [\u2026] transport\u00e9s ill\u00e9galement\u00a0\u00bb et \u00ab\u00a0le principal responsable \u00e9tait un individu ou une entreprise iranienne\u00a0\u00bb, selon Fars. Le navire \u00e9tait parti d\u2019Ajman aux \u00c9<a href=\"https:\/\/www.20minutes.fr\/dossier\/emirats_arabes_unis\" class=\"c-link c-link--is-underlined\" target=\"_blank\" rel=\"noopener\">mirats arabes unis<\/a> pour Singapour, selon la soci\u00e9t\u00e9 maritime Ambrey. Il a \u00e9t\u00e9 approch\u00e9 par trois petits bateaux alors qu\u2019il traversait le d\u00e9troit d\u2019Ormuz en direction du sud.<\/p>\n<\/p>\n<p>Le d\u00e9troit d\u2019Ormuz, un passage cl\u00e9 pour le transport mondial de <a href=\"https:\/\/www.20minutes.fr\/dossier\/petrole\" class=\"c-link c-link--is-underlined\" target=\"_blank\" rel=\"noopener\">p\u00e9trole <\/a>et de gaz naturel liqu\u00e9fi\u00e9, a \u00e9t\u00e9 le th\u00e9\u00e2tre de plusieurs incidents dans le pass\u00e9. L\u2019an dernier, les Gardiens de la r\u00e9volution avaient arraisonn\u00e9 un porte-conteneurs, accusant son armateur d\u2019\u00eatre \u00ab\u00a0li\u00e9 \u00e0 <a href=\"https:\/\/www.20minutes.fr\/monde\/israel\/\" class=\"c-link c-link--is-underlined\" target=\"_blank\" rel=\"noopener\">Isra\u00ebl\u00a0<\/a>\u00bb, apr\u00e8s une attaque meurtri\u00e8re contre le consulat iranien en <a href=\"https:\/\/www.20minutes.fr\/monde\/syrie\/\" class=\"c-link c-link--is-underlined\" target=\"_blank\" rel=\"noopener\">Syrie<\/a>, imput\u00e9e \u00e0 Isra\u00ebl.<\/p>\n","protected":false},"excerpt":{"rendered":"Une interception qui fait parler. Les Gardiens de la r\u00e9volution, arm\u00e9e id\u00e9ologique de la R\u00e9publique islamique d\u2019Iran, ont&hellip;\n","protected":false},"author":2,"featured_media":538110,"comment_status":"","ping_status":"","sticky":false,"template":"","format":"standard","meta":{"footnotes":""},"categories":[2],"tags":[47,11,5160,65689,1011,27,3019,74,11678,12,844,25,10900],"class_list":{"0":"post-538109","1":"post","2":"type-post","3":"status-publish","4":"format-standard","5":"has-post-thumbnail","7":"category-actualites","8":"tag-actualite","9":"tag-actualites","10":"tag-bateau","11":"tag-detroit-dormuz","12":"tag-fr","13":"tag-france","14":"tag-iran","15":"tag-monde","16":"tag-navire","17":"tag-news","18":"tag-petrole","19":"tag-republique-francaise","20":"tag-saisie"},"share_on_mastodon":{"url":"https:\/\/pubeurope.com\/@fr\/115559321030161543","error":""},"_links":{"self":[{"href":"https:\/\/www.europesays.com\/fr\/wp-json\/wp\/v2\/posts\/538109","targetHints":{"allow":["GET"]}}],"collection":[{"href":"https:\/\/www.europesays.com\/fr\/wp-json\/wp\/v2\/posts"}],"about":[{"href":"https:\/\/www.europesays.com\/fr\/wp-json\/wp\/v2\/types\/post"}],"author":[{"embeddable":true,"href":"https:\/\/www.europesays.com\/fr\/wp-json\/wp\/v2\/users\/2"}],"replies":[{"embeddable":true,"href":"https:\/\/www.europesays.com\/fr\/wp-json\/wp\/v2\/comments?post=538109"}],"version-history":[{"count":0,"href":"https:\/\/www.europesays.com\/fr\/wp-json\/wp\/v2\/posts\/538109\/revisions"}],"wp:featuredmedia":[{"embeddable":true,"href":"https:\/\/www.europesays.com\/fr\/wp-json\/wp\/v2\/media\/538110"}],"wp:attachment":[{"href":"https:\/\/www.europesays.com\/fr\/wp-json\/wp\/v2\/media?parent=538109"}],"wp:term":[{"taxonomy":"category","embeddable":true,"href":"https:\/\/www.europesays.com\/fr\/wp-json\/wp\/v2\/categories?post=538109"},{"taxonomy":"post_tag","embeddable":true,"href":"https:\/\/www.europesays.com\/fr\/wp-json\/wp\/v2\/tags?post=538109"}],"curies":[{"name":"wp","href":"https:\/\/api.w.org\/{rel}","templated":true}]}}