{"id":53811,"date":"2025-04-26T07:22:13","date_gmt":"2025-04-26T07:22:13","guid":{"rendered":"https:\/\/www.europesays.com\/fr\/53811\/"},"modified":"2025-04-26T07:22:13","modified_gmt":"2025-04-26T07:22:13","slug":"le-cidff-accompagne-les-femmes-depuis-50-ans","status":"publish","type":"post","link":"https:\/\/www.europesays.com\/fr\/53811\/","title":{"rendered":"le CIDFF accompagne les femmes depuis 50 ans"},"content":{"rendered":"<p>80\u00a0% des plus de 10\u00a0000 personnes qui ont recours aux conseils du CIDFF chaque ann\u00e9e sont des femmes, \u00ab\u00a0mais on accueille et on accompagne les hommes de la m\u00eame mani\u00e8re. Eux aussi peuvent avoir besoin d\u2019aide \u00e0 l\u2019acc\u00e8s au droit ou \u00e0 la recherche d\u2019emploi\u00a0\u00bb, explique Anna Matteoli, directrice de la structure.<\/p>\n<p>  \u00ab\u00a0Pour nous le f\u00e9minisme, c\u2019est l\u2019inverse de la domination\u00a0\u00bb<\/p>\n<p>C\u2019est juste qu\u2019ici, au QG d\u00e9partemental du CIDFF \u00e0 Strasbourg, dans son antenne de Haguenau ou dans l\u2019un des treize autres points d\u2019accueil dans le Bas-Rhin, l\u2019oreille est \u00ab\u00a0f\u00e9ministe. Au sens de vouloir l\u2019\u00e9galit\u00e9 entre les femmes et les hommes. Beaucoup de gens croient que le f\u00e9minisme c\u2019est vouloir prendre le pouvoir sur les hommes. Au contraire, pour nous le f\u00e9minisme, c\u2019est l\u2019inverse de la domination.\u00a0\u00bb<\/p>\n<p>Cr\u00e9\u00e9 en 1972 sous l\u2019impulsion de Fran\u00e7oise Giroud, le mouvement des CIDFF s\u2019est d\u00e9ploy\u00e9 partout en France. Celui de Strasbourg, pour l\u2019Alsace, a \u00e9t\u00e9 parmi les premiers, en 1975. Celui de Mulhouse, pour le Haut-Rhin, a suivi en 1982. La mission \u00e9tait alors de permettre la mise en \u0153uvre concr\u00e8te des objectifs pos\u00e9s par la premi\u00e8re ministre charg\u00e9e de la Condition f\u00e9minine\u00a0: promouvoir l\u2019\u00e9galit\u00e9 entre hommes et femmes, aider les femmes \u00e0 conna\u00eetre leurs droits, et lutter contre les discriminations.<\/p>\n<p>Cinquante ans plus tard, <a href=\"https:\/\/www.lalsace.fr\/societe\/2025\/03\/08\/les-droits-des-femmes-un-combat-du-quotidien-au-cidff\" target=\"_blank\" rel=\"noopener\">la n\u00e9cessit\u00e9 de ces missions demeure<\/a>. D\u2019autres se sont ajout\u00e9es, ou du moins sont devenues beaucoup plus explicites\u00a0: la lutte contre les violences sexuelles et sexistes (VSS) est devenue un sujet de soci\u00e9t\u00e9, et fait partie de l\u2019\u00e9ventail de prises en charge et de formations dispens\u00e9es par le CIDFF, aupr\u00e8s de scolaires ou de professionnels. Apprendre l\u2019\u00e9galit\u00e9 aux ados, former les r\u00e9f\u00e9rents VSS en entreprise (dont la nomination est obligatoire depuis 2019) ou former des membres des forces de l\u2019ordre \u00e0 \u00e9couter les victimes, autant d\u2019actions qui constituent les maillons de la cha\u00eene, fragile, du chemin vers l\u2019\u00e9galit\u00e9 r\u00e9elle.<\/p>\n<p>Depuis son arriv\u00e9e au CIDFF en 1997, Anna Matteoli a pu voir \u00ab\u00a0beaucoup de choses \u00e9voluer dans le droit et la soci\u00e9t\u00e9. Le sujet de l\u2019\u00e9galit\u00e9 a pris de l\u2019importance.\u00a0\u00bb Mais les \u00ab\u00a0mais\u00a0\u00bb restent nombreux.<\/p>\n<p>Par exemple, \u00ab\u00a0on entend de plus en plus de propos masculinistes lors de nos interventions en milieu scolaire. Les st\u00e9r\u00e9otypes de genre sont tr\u00e8s pr\u00e9sents chez les jeunes, et le dernier rapport du Haut conseil \u00e0 l\u2019\u00e9galit\u00e9 entre les femmes et les hommes (HCE) est tr\u00e8s inqui\u00e9tant\u00a0: les jeunes femmes sont de plus en plus f\u00e9ministes et les jeunes gar\u00e7ons de plus en plus masculinistes. Il y a une rigidification de l\u2019image que beaucoup ont des r\u00f4les des uns et des autres.\u00a0\u00bb<\/p>\n<p>  Perspectives budg\u00e9taires \u00ab\u00a0anxiog\u00e8nes\u00a0\u00bb<\/p>\n<p>Autre inqui\u00e9tude de taille\u00a0: les moyens de fonctionnement\u00a0: \u00ab\u00a0On a d\u2019\u00e9normes difficult\u00e9s \u00e0 boucler nos budgets. Si l\u2019importance de ce qu\u2019on fait \u00e9tait si \u00e9vidente, \u00e7a ne serait pas si difficile de trouver des moyens. L\u2019an dernier, pour la premi\u00e8re fois en 50 ans, on a d\u00fb faire des appels aux dons et au m\u00e9c\u00e9nat\u00a0!\u00a0\u00bb<\/p>\n<p>L\u2019une des nouvelles difficult\u00e9s est celle de la prime S\u00e9gur, obligatoire, destin\u00e9e \u00e0 relever le niveau de vie des employ\u00e9s du secteur sanitaire et social non lucratif. Intention louable pour ces m\u00e9tiers peu consid\u00e9r\u00e9s et mal pay\u00e9s, mais r\u00e9alisation plus d\u00e9licate pour les associations\u00a0: la prime de 183\u00a0euros mensuels par salari\u00e9 co\u00fbte chaque fois 447\u00a0euros \u00e0 la structure. Soit 120\u00a0000\u00a0euros en tout pour cette ann\u00e9e \u00ab\u00a0sans qu\u2019on soit aid\u00e9s pour \u00e7a. Comment on fait\u00a0?\u00a0\u00bb<\/p>\n<p>Pour 2025, le CIDFF67, 30 salari\u00e9s, fonctionne avec 1,5\u00a0million d\u2019euros, patchwork de subventions venant principalement de l\u2019\u00c9tat (via une multitude d\u2019interlocuteurs publics \u00ab\u00a0pour lesquels il faut chaque fois constituer un dossier\u00a0\u00bb) et de la CEA. Or la situation budg\u00e9taire du pays est peu r\u00e9jouissante, et le serrage de ceinture qui s\u2019annonce cr\u00e9e, pour Anna Matteoli, \u00ab\u00a0un climat anxiog\u00e8ne. En termes de financements, on n\u2019a aucune visibilit\u00e9\u00a0\u00bb.<\/p>\n<p class=\"note\">Le CIDFF67 f\u00eate ses 50 ans ce samedi au Shadok, Presqu\u2019\u00eele Malraux, \u00e0 Strasbourg de 15\u00a0h\u00a030 \u00e0 22\u00a0h. Les services assur\u00e9s par les CIDFF sont gratuits. Les locaux de celui du Bas-Rhin sont au 24 rue du 22-Novembre \u00e0 Strasbourg, ainsi que dans 14 autres points d\u2019accueil et de permanence partout dans le d\u00e9partement. Renseignements au 03\u00a088\u00a032\u00a003\u00a022 et sur <a href=\"https:\/\/basrhin.cidff.info\/\" target=\"_blank\" rel=\"noopener\">https:\/\/basrhin.cidff.info\/<\/a> Dans le Haut-Rhin, le CIDFF68 est install\u00e9 9a rue Schlumberger \u00e0 Mulhouse et tient des permanences dans 13 autres communes et quartiers du d\u00e9partement. Renseignements au 03\u00a089\u00a060\u00a045\u00a043 et sur <a href=\"https:\/\/hautrhin.cidff.info\/\" target=\"_blank\" rel=\"noopener\">https:\/\/hautrhin.cidff.info\/ <\/a><\/p>\n","protected":false},"excerpt":{"rendered":"80\u00a0% des plus de 10\u00a0000 personnes qui ont recours aux conseils du CIDFF chaque ann\u00e9e sont des femmes,&hellip;\n","protected":false},"author":2,"featured_media":53812,"comment_status":"","ping_status":"","sticky":false,"template":"","format":"standard","meta":{"footnotes":""},"categories":[2820],"tags":[1111,11,2389,1777,674,6757,107,1011,27,775,12,25,104,640,1631],"class_list":{"0":"post-53811","1":"post","2":"type-post","3":"status-publish","4":"format-standard","5":"has-post-thumbnail","7":"category-strasbourg","8":"tag-actu","9":"tag-actualites","10":"tag-alsace","11":"tag-eu","12":"tag-europe","13":"tag-feminisme","14":"tag-fil-info","15":"tag-fr","16":"tag-france","17":"tag-grand-est","18":"tag-news","19":"tag-republique-francaise","20":"tag-societe","21":"tag-strasbourg","22":"tag-vie-associative"},"share_on_mastodon":{"url":"https:\/\/pubeurope.com\/@fr\/114403065477860507","error":""},"_links":{"self":[{"href":"https:\/\/www.europesays.com\/fr\/wp-json\/wp\/v2\/posts\/53811","targetHints":{"allow":["GET"]}}],"collection":[{"href":"https:\/\/www.europesays.com\/fr\/wp-json\/wp\/v2\/posts"}],"about":[{"href":"https:\/\/www.europesays.com\/fr\/wp-json\/wp\/v2\/types\/post"}],"author":[{"embeddable":true,"href":"https:\/\/www.europesays.com\/fr\/wp-json\/wp\/v2\/users\/2"}],"replies":[{"embeddable":true,"href":"https:\/\/www.europesays.com\/fr\/wp-json\/wp\/v2\/comments?post=53811"}],"version-history":[{"count":0,"href":"https:\/\/www.europesays.com\/fr\/wp-json\/wp\/v2\/posts\/53811\/revisions"}],"wp:featuredmedia":[{"embeddable":true,"href":"https:\/\/www.europesays.com\/fr\/wp-json\/wp\/v2\/media\/53812"}],"wp:attachment":[{"href":"https:\/\/www.europesays.com\/fr\/wp-json\/wp\/v2\/media?parent=53811"}],"wp:term":[{"taxonomy":"category","embeddable":true,"href":"https:\/\/www.europesays.com\/fr\/wp-json\/wp\/v2\/categories?post=53811"},{"taxonomy":"post_tag","embeddable":true,"href":"https:\/\/www.europesays.com\/fr\/wp-json\/wp\/v2\/tags?post=53811"}],"curies":[{"name":"wp","href":"https:\/\/api.w.org\/{rel}","templated":true}]}}