{"id":538114,"date":"2025-11-16T12:16:16","date_gmt":"2025-11-16T12:16:16","guid":{"rendered":"https:\/\/www.europesays.com\/fr\/538114\/"},"modified":"2025-11-16T12:16:16","modified_gmt":"2025-11-16T12:16:16","slug":"heidrich-jordan-egalement-qualifies-rts","status":"publish","type":"post","link":"https:\/\/www.europesays.com\/fr\/538114\/","title":{"rendered":"Heidrich\/Jordan \u00e9galement qualifi\u00e9s | RTS"},"content":{"rendered":"<p>Adrian Heidrich et Jonathan Jordan sont \u00e9galement assur\u00e9s de disputer la phase \u00e0 \u00e9limination directe des Mondiaux d&rsquo;Adelaide. Le duo helv\u00e9tique a gagn\u00e9 le match qu&rsquo;il fallait dans la 3e journ\u00e9e du groupe A.<\/p>\n<p>Heidrich\/Jordan ont d\u00e9croch\u00e9 la 3e place de leur poule, qui leur offre au pire une place en barrages, en battant les Uruguayens Hans Hannibal\/Nicolas Llambias 21-16 21-15. Ils avaient perdu leurs 2 premiers matches, s&rsquo;inclinant d&rsquo;entr\u00e9e dans le derby suisse qui les opposait \u00e0 Marco Krattiger\/Leo Dillier.<\/p>\n<p>Assur\u00e9 depuis la veille de disputer les 16es de finale, le duo Krattiger\/Dillier a pour sa part subi sa 1re d\u00e9faite. Les deux hommes ont \u00e9t\u00e9 battus par les t\u00eates de s\u00e9rie no1 du tableau, les Norv\u00e9giens Anders Mol\/Christian S\u00f6rum, apr\u00e8s avoir offert une superbe r\u00e9sistance (24-26 21-16 15-12).<\/p>\n<p>Haussener\/Friedli en bonne posture<\/p>\n<p>Troisi\u00e8me paire suisse en lice chez les messieurs, Yves Haussener et Julian Friedli sont \u00e9galement bien partis pour atteindre la phase \u00e0 \u00e9limination directe apr\u00e8s avoir gagn\u00e9 un de leurs 2 premiers matches ce week-end. Pour poursuivre l&rsquo;aventure, ils devront battre lundi un duo cubain ayant perdu ses deux premi\u00e8res parties.<\/p>\n<p class=\"sources\">ats\/bur<\/p>\n","protected":false},"excerpt":{"rendered":"Adrian Heidrich et Jonathan Jordan sont \u00e9galement assur\u00e9s de disputer la phase \u00e0 \u00e9limination directe des Mondiaux d&rsquo;Adelaide.&hellip;\n","protected":false},"author":2,"featured_media":538115,"comment_status":"","ping_status":"","sticky":false,"template":"","format":"standard","meta":{"footnotes":""},"categories":[1417],"tags":[65690,3062,27306,2212,14306,12610,1011,27,65691,35803,27307,35804,517,60,1470,1632,1469],"class_list":{"0":"post-538114","1":"post","2":"type-post","3":"status-publish","4":"format-standard","5":"has-post-thumbnail","7":"category-volley","8":"tag-adrian-heidrich","9":"tag-autres-sports","10":"tag-beach-volley","11":"tag-championnat-du-monde","12":"tag-competition-sportive","13":"tag-duo","14":"tag-fr","15":"tag-france","16":"tag-jonathan-jordan-q1345811371","17":"tag-leo-dillier","18":"tag-leona-kernen","19":"tag-marco-krattiger","20":"tag-sport","21":"tag-sports","22":"tag-volley","23":"tag-volley-ball","24":"tag-volleyball"},"share_on_mastodon":{"url":"https:\/\/pubeurope.com\/@fr\/115559332907925788","error":""},"_links":{"self":[{"href":"https:\/\/www.europesays.com\/fr\/wp-json\/wp\/v2\/posts\/538114","targetHints":{"allow":["GET"]}}],"collection":[{"href":"https:\/\/www.europesays.com\/fr\/wp-json\/wp\/v2\/posts"}],"about":[{"href":"https:\/\/www.europesays.com\/fr\/wp-json\/wp\/v2\/types\/post"}],"author":[{"embeddable":true,"href":"https:\/\/www.europesays.com\/fr\/wp-json\/wp\/v2\/users\/2"}],"replies":[{"embeddable":true,"href":"https:\/\/www.europesays.com\/fr\/wp-json\/wp\/v2\/comments?post=538114"}],"version-history":[{"count":0,"href":"https:\/\/www.europesays.com\/fr\/wp-json\/wp\/v2\/posts\/538114\/revisions"}],"wp:featuredmedia":[{"embeddable":true,"href":"https:\/\/www.europesays.com\/fr\/wp-json\/wp\/v2\/media\/538115"}],"wp:attachment":[{"href":"https:\/\/www.europesays.com\/fr\/wp-json\/wp\/v2\/media?parent=538114"}],"wp:term":[{"taxonomy":"category","embeddable":true,"href":"https:\/\/www.europesays.com\/fr\/wp-json\/wp\/v2\/categories?post=538114"},{"taxonomy":"post_tag","embeddable":true,"href":"https:\/\/www.europesays.com\/fr\/wp-json\/wp\/v2\/tags?post=538114"}],"curies":[{"name":"wp","href":"https:\/\/api.w.org\/{rel}","templated":true}]}}