{"id":538118,"date":"2025-11-16T12:18:10","date_gmt":"2025-11-16T12:18:10","guid":{"rendered":"https:\/\/www.europesays.com\/fr\/538118\/"},"modified":"2025-11-16T12:18:10","modified_gmt":"2025-11-16T12:18:10","slug":"corentin-moutet-et-giovanni-mpetshi-perricard-completent-la-selection-francaise-pour-la-coupe-davis-le-monde-fr","status":"publish","type":"post","link":"https:\/\/www.europesays.com\/fr\/538118\/","title":{"rendered":"Corentin Moutet et Giovanni Mpetshi Perricard compl\u00e8tent la s\u00e9lection fran\u00e7aise pour la Coupe Davis &#8211; Le Monde.fr"},"content":{"rendered":"<ol>\n<li><a href=\"https:\/\/news.google.com\/rss\/articles\/CBMi-AFBVV95cUxQeHJzaEE4ZmxZMDhScDZlVkhieHdTOVJBRW1sdlZwMEc0V0hEQU1GaFRya05RaC1abVR4VC1LRW5fWVpoOW9NbWRzam84R3ctMW4weEdsSjBsMkJicmNPdzR1OTIyZmlQYlV5TW9sZTZNdXBTV0pjZ3Rrc2VVa2k0UTEwZ1pMTzRycW1Ja2RkZm9fSHhEc1N5ZXFGajZBWXFvWE1hVmtmYkxTakJIRVYtZ1ZRNFlkVHJITzQ5bVBoMHFvLXcyZGRubmpIeWlRT0tpZ3JEWVlfZGg2dFdXQm1aVnBpYUswZXE5RTU0SDVzd21mS1BLaFJPUw?oc=5\" target=\"_blank\" rel=\"nofollow noopener\">Corentin Moutet et Giovanni Mpetshi Perricard compl\u00e8tent la s\u00e9lection fran\u00e7aise pour la Coupe Davis<\/a>&nbsp;&nbsp;Le Monde.fr<\/li>\n<li><a href=\"https:\/\/news.google.com\/rss\/articles\/CBMikgFBVV95cUxOUzBUUXhlaHRqalJVNFQ5ZzB0d014OEQtSmFNMFJNWE0zbXpJa0VMZXNKWEZoSDROUnhrNVhCOXV6aTcwLV9BcUE3azRnblhrVEtmWGxwQndMWVBWWWY5NjBaYXhnQTlnVm5VYWt6TFNITDgtdXlldzdBMzVQbjVsRHRZRzJjY19ad25zWk5acEh3QQ?oc=5\" target=\"_blank\" rel=\"nofollow noopener\">Paul-Henri Mathieu a fait son choix<\/a>&nbsp;&nbsp;Sports.fr<\/li>\n<li><a href=\"https:\/\/news.google.com\/rss\/articles\/CBMivwFBVV95cUxOR19nTUdacmdBSGdDYnlDeDZLOWc5bUVUTElSV1hUVWJDS2ZSb0pEUjlySTF2MlhpYkNNSDVZcWdaZTl2VF93Y192dHdzUEItaC0zXzlKajNkX3VmZU1WeV9SVFdHYTU5ZG9Ka1RNU3hXcm9ZdkpoUUVVOWRMT0RDZGZCLWNkcm1DRTc2MldVSE9zdFNQcEV2V0Q0VWZYbnR6SDRWcFAzdjdBd3hHWWlLNTIxcmV1MGVjbGxqV0Zybw?oc=5\" target=\"_blank\" rel=\"nofollow noopener\">Benjamin Bonzi s\u00e9lectionn\u00e9 comme pr\u00e9vu en \u00e9quipe de France de Coupe Davis<\/a>&nbsp;&nbsp;lequipe.fr<\/li>\n<li><a href=\"https:\/\/news.google.com\/rss\/articles\/CBMinAFBVV95cUxOWEN5Sm1FN2xSVzdiOFlmUE9DcUN3WUNqdnZ2bkktRWV0bHlxdFBfaHFTTWs2Qm1iN3FETDVFbWxQczBLcVpaQW41UVgzSWotY0FpYTBSbDRyUHQ5Q25zMUNlajdGUVR3V3pqWkFGd21tNG5rLTZXTkJncUZELXFXUzh3aXpwWFRhODUySGNNYnc1eWh0M1l1NlRNV1E?oc=5\" target=\"_blank\" rel=\"nofollow noopener\">Un Jour avec les Bleus #3 | Phase finale | Coupe Davis 2025<\/a>&nbsp;&nbsp;F\u00e9d\u00e9ration Fran\u00e7aise de Tennis<\/li>\n<li><a href=\"https:\/\/news.google.com\/rss\/articles\/CBMikgJBVV95cUxPMzdZZzVPY29rVFEzN0Y2UFgyeVJFRkFKb2tzQklzbDhwc2FldkozN3U2WmJCb1ZGNzJSLWpadXQxTFpsYXVVUF9kUzRsOFBGVU9aVUplbnFMWkNTbXA3UDRlU0FDNFU3aFlJc09PX3E3RWRyNUk2TjJWQkJGRzhHbDEwbnpwSFRfd0RqVkRrUHpGZ3kxbEtjUk1DMy02Y05HbTJrSG9yTFpHMnFoMWJZc2tvdExEX1k1S2hoTlpySjB0elNKeVBiTVlzMWRYbWtVODN3OVk0WjZqSEZHcXFaTkNmTzE5R1lkRnFzRzJHWXhteU1MQU0tZTdNWmhqTXNUNkUyZUZJNEwtWEcwUlV4T1RB?oc=5\" target=\"_blank\" rel=\"nofollow noopener\">Coupe Davis : Corentin Moutet et Giovanni Mpetshi Perricard compl\u00e8tent la s\u00e9lection fran\u00e7aise, Ugo Humbert forfait<\/a>&nbsp;&nbsp;Eurosport<\/li>\n<\/ol>\n","protected":false},"excerpt":{"rendered":"Corentin Moutet et Giovanni Mpetshi Perricard compl\u00e8tent la s\u00e9lection fran\u00e7aise pour la Coupe Davis&nbsp;&nbsp;Le Monde.fr Paul-Henri Mathieu a&hellip;\n","protected":false},"author":2,"featured_media":395849,"comment_status":"","ping_status":"","sticky":false,"template":"","format":"standard","meta":{"footnotes":""},"categories":[1415],"tags":[1011,27,60,1467],"class_list":{"0":"post-538118","1":"post","2":"type-post","3":"status-publish","4":"format-standard","5":"has-post-thumbnail","7":"category-tennis","8":"tag-fr","9":"tag-france","10":"tag-sports","11":"tag-tennis"},"share_on_mastodon":{"url":"https:\/\/pubeurope.com\/@fr\/115559340616808748","error":""},"_links":{"self":[{"href":"https:\/\/www.europesays.com\/fr\/wp-json\/wp\/v2\/posts\/538118","targetHints":{"allow":["GET"]}}],"collection":[{"href":"https:\/\/www.europesays.com\/fr\/wp-json\/wp\/v2\/posts"}],"about":[{"href":"https:\/\/www.europesays.com\/fr\/wp-json\/wp\/v2\/types\/post"}],"author":[{"embeddable":true,"href":"https:\/\/www.europesays.com\/fr\/wp-json\/wp\/v2\/users\/2"}],"replies":[{"embeddable":true,"href":"https:\/\/www.europesays.com\/fr\/wp-json\/wp\/v2\/comments?post=538118"}],"version-history":[{"count":0,"href":"https:\/\/www.europesays.com\/fr\/wp-json\/wp\/v2\/posts\/538118\/revisions"}],"wp:featuredmedia":[{"embeddable":true,"href":"https:\/\/www.europesays.com\/fr\/wp-json\/wp\/v2\/media\/395849"}],"wp:attachment":[{"href":"https:\/\/www.europesays.com\/fr\/wp-json\/wp\/v2\/media?parent=538118"}],"wp:term":[{"taxonomy":"category","embeddable":true,"href":"https:\/\/www.europesays.com\/fr\/wp-json\/wp\/v2\/categories?post=538118"},{"taxonomy":"post_tag","embeddable":true,"href":"https:\/\/www.europesays.com\/fr\/wp-json\/wp\/v2\/tags?post=538118"}],"curies":[{"name":"wp","href":"https:\/\/api.w.org\/{rel}","templated":true}]}}