{"id":53813,"date":"2025-04-26T07:23:28","date_gmt":"2025-04-26T07:23:28","guid":{"rendered":"https:\/\/www.europesays.com\/fr\/53813\/"},"modified":"2025-04-26T07:23:28","modified_gmt":"2025-04-26T07:23:28","slug":"lasse-doit-maintenir-le-cap-a-strasbourg","status":"publish","type":"post","link":"https:\/\/www.europesays.com\/fr\/53813\/","title":{"rendered":"l\u2019ASSE doit maintenir le cap \u00e0 Strasbourg"},"content":{"rendered":"<p>Sur un nuage depuis sa victoire dans le derby dimanche dernier, l\u2019ASSE doit d\u00e9j\u00e0 remettre le bleu de chauffe ce samedi apr\u00e8s-midi (17 heures). Revenus \u00e0 hauteur du\u00a0Havre d\u2019un point de vue comptable, les Verts pointent toujours \u00e0 l\u2019avant-derni\u00e8re place, trois unit\u00e9s derri\u00e8re Angers, premier non rel\u00e9gable.<\/p>\n<p>\u00c0 la Meinau, les hommes d\u2019<a href=\"https:\/\/www.leprogres.fr\/p\/eirik-horneland\" target=\"_blank\" rel=\"noopener\">Eirik Horneland<\/a> savent ce qu\u2019ils ont \u00e0 faire. \u00ab\u00a0Il faut continuer sur cette voie pour prendre des points et bonifier notre travail, lance L\u00e9o P\u00e9trot. Ces trois points pris \u00e0 Lyon doivent nous permettre d\u2019en engranger d\u2019autres.\u00a0\u00bb<\/p>\n<p><strong>&gt;&gt;\u00a0<a href=\"https:\/\/www.leprogres.fr\/sport\/2025\/04\/24\/ils-ont-montre-pourquoi-je-crois-tant-en-eux-l-asse-face-au-defi-de-l-apres-derby\" target=\"_blank\" rel=\"noopener\">\u00ab Ils ont montr\u00e9 pourquoi je&#8230;<\/a><\/strong><\/p>\n","protected":false},"excerpt":{"rendered":"Sur un nuage depuis sa victoire dans le derby dimanche dernier, l\u2019ASSE doit d\u00e9j\u00e0 remettre le bleu de&hellip;\n","protected":false},"author":2,"featured_media":53814,"comment_status":"","ping_status":"","sticky":false,"template":"","format":"standard","meta":{"footnotes":""},"categories":[2820],"tags":[1111,11,4000,7539,1777,674,107,63,1011,27,775,4002,3367,12,25,4001,7538,517,640],"class_list":{"0":"post-53813","1":"post","2":"type-post","3":"status-publish","4":"format-standard","5":"has-post-thumbnail","7":"category-strasbourg","8":"tag-actu","9":"tag-actualites","10":"tag-asse-as-saint-etienne-football","11":"tag-edition-loire-sud","12":"tag-eu","13":"tag-europe","14":"tag-fil-info","15":"tag-football","16":"tag-fr","17":"tag-france","18":"tag-grand-est","19":"tag-haute-loire","20":"tag-loire","21":"tag-news","22":"tag-republique-francaise","23":"tag-saint-etienne","24":"tag-saint-etienne-ville","25":"tag-sport","26":"tag-strasbourg"},"share_on_mastodon":{"url":"https:\/\/pubeurope.com\/@fr\/114403069329272209","error":""},"_links":{"self":[{"href":"https:\/\/www.europesays.com\/fr\/wp-json\/wp\/v2\/posts\/53813","targetHints":{"allow":["GET"]}}],"collection":[{"href":"https:\/\/www.europesays.com\/fr\/wp-json\/wp\/v2\/posts"}],"about":[{"href":"https:\/\/www.europesays.com\/fr\/wp-json\/wp\/v2\/types\/post"}],"author":[{"embeddable":true,"href":"https:\/\/www.europesays.com\/fr\/wp-json\/wp\/v2\/users\/2"}],"replies":[{"embeddable":true,"href":"https:\/\/www.europesays.com\/fr\/wp-json\/wp\/v2\/comments?post=53813"}],"version-history":[{"count":0,"href":"https:\/\/www.europesays.com\/fr\/wp-json\/wp\/v2\/posts\/53813\/revisions"}],"wp:featuredmedia":[{"embeddable":true,"href":"https:\/\/www.europesays.com\/fr\/wp-json\/wp\/v2\/media\/53814"}],"wp:attachment":[{"href":"https:\/\/www.europesays.com\/fr\/wp-json\/wp\/v2\/media?parent=53813"}],"wp:term":[{"taxonomy":"category","embeddable":true,"href":"https:\/\/www.europesays.com\/fr\/wp-json\/wp\/v2\/categories?post=53813"},{"taxonomy":"post_tag","embeddable":true,"href":"https:\/\/www.europesays.com\/fr\/wp-json\/wp\/v2\/tags?post=53813"}],"curies":[{"name":"wp","href":"https:\/\/api.w.org\/{rel}","templated":true}]}}