{"id":538131,"date":"2025-11-16T12:29:14","date_gmt":"2025-11-16T12:29:14","guid":{"rendered":"https:\/\/www.europesays.com\/fr\/538131\/"},"modified":"2025-11-16T12:29:14","modified_gmt":"2025-11-16T12:29:14","slug":"les-aigles-de-la-republique-predator-linconnu-de-la-grande-arche-que-voir-au-cinema-cette-semaine","status":"publish","type":"post","link":"https:\/\/www.europesays.com\/fr\/538131\/","title":{"rendered":"\u00ab\u00a0Les Aigles de La R\u00e9publique\u00a0\u00bb, \u00ab\u00a0Predator\u00a0\u00bb, \u201cL\u2019Inconnu de la Grande Arche\u201d&#8230; Que voir au cin\u00e9ma cette semaine\u00a0?"},"content":{"rendered":"<p>\u201cLes Aigles de La R\u00e9publique\u201d\u00a0de Tarek Saleh<\/p>\n<p class=\"PopSlotParagraph qg-tx2 qg-xtra-lh svelte-1r0pyek\">On\u00a0commence\u00a0avec \u201cLe Pharaon de l\u2019\u00e9cran\u201d,\u00a0com\u00e9dien \u00e9gyptien star, qui parle de lui \u00e0 la troisi\u00e8me personne et personnage\u00a0principal\u00a0des\u00a0\u201cAigles de La R\u00e9publique\u201d\u00a0de Tarek Saleh. \u201cLes Aigles de La R\u00e9publique\u201d\u00a0cl\u00f4t une trilogie commenc\u00e9e en 2017, avec \u201cLe Caire Confidentiel\u201d\u00a0puis\u00a0\u201cLa Conspiration du Caire\u201d,\u00a0l&rsquo;un et l&rsquo;autre avaient\u00a0remport\u00e9 succ\u00e8s critique et public.<\/p>\n<p class=\"PopSlotParagraph qg-tx2 qg-xtra-lh svelte-1r0pyek\">On ne suit pas la m\u00eame histoire entre ces trois films\u00a0mais \u00e0 chaque fois, Tarek Saleh dresse le portrait de l\u2019Egypte contemporaine et l\u2019on retrouve son com\u00e9dien f\u00e9tiche\u00a0: le grand, au propre comme au figur\u00e9,\u00a0Fares Fares. Cette fois\u00a0Fares\u00a0Fares\u00a0interpr\u00e8te\u00a0Georges\u00a0Fahmy, star de cin\u00e9ma, comme je l\u2019ai dit,\u00a0et\u00a0sous la pression du pouvoir, Georges\u00a0est\u00a0contraint d\u2019incarner le dictateur Al-Sassi\u00a0dans un\u00a0biopic\u00a0\u00e0 sa gloire.\u00a0La premi\u00e8re partie du film\u00a0est men\u00e9e sur le\u00a0ton de la\u00a0com\u00e9die italienne, avant de basculer dans le thriller politique, lorsque Georges entre dans les coulisses d\u2019un pouvoir\u00a0corrompu et meurtrier. Lyna\u00a0Khoudri\u00a0interpr\u00e8te la &#8211; tr\u00e8s jeune compagne \u2013 de ce vieux beau qu\u2019est Georges\u00a0Fahmi\u00a0et Zineb\u00a0Triki,\u00a0joue\u00a0sa ma\u00eetresse\u00a0par ailleurs\u00a0\u00e9pouse de ministre.<\/p>\n<p class=\"qg-sr-only\" role=\"heading\" aria-level=\"3\">Pour voir ce contenu, acceptez les cookies.<\/p>\n<p class=\"ConsentNotice-description qg-tx3 svelte-m9wmt1\">Pour afficher ce contenu Youtube, vous devez accepter les cookies <b>Publicit\u00e9<\/b>.<br \/>Ces cookies permettent \u00e0 nos partenaires de vous proposer des publicit\u00e9s et des contenus personnalis\u00e9s en fonction de votre navigation, de votre profil et de vos centres d&rsquo;int\u00e9r\u00eat. <\/p>\n<p>  G\u00e9rer mes choix     J&rsquo;autorise  <\/p>\n<p>\u201cL\u2019Inconnu de la grande arche\u201d\u00a0de St\u00e9phane\u00a0Demoustier<\/p>\n<p class=\"PopSlotParagraph qg-tx2 qg-xtra-lh svelte-1r0pyek\">Le film pr\u00e9c\u00e9dent,\u00a0\u201cBorgo\u201d, avait valu le c\u00e9sar de la meilleure actrice \u00e0\u00a0Hafsia\u00a0Herzi,\u00a0au d\u00e9but de\u00a0cette\u00a0ann\u00e9e. \u201cL\u2019inconnu de la grande arche\u201d\u00a0relate la construction de l\u2019Arche de la d\u00e9fense, qui a compt\u00e9 parmi les grands travaux lanc\u00e9s par Fran\u00e7ois\u00a0Mitterrand au d\u00e9but de son premier mandat. A la surprise g\u00e9n\u00e9rale, Mitterrand choisit un\u00a0architecte totalement\u00a0inconnu\u00a0: Johan Otto von\u00a0Spreckelsen, danois qui n\u2019avait construit\u00a0jusqu\u2019alors\u00a0que\u00a0sa\u00a0maison et quatre \u00e9glises. Il\u00a0d\u00e9barque \u00e0 Paris\u00a0en sandales chaussettes\u00a0avec sa femme\u00a0et\u00a0engage tr\u00e8s vite\u00a0un bras de fer\u00a0avec\u00a0le ma\u00eetre d\u2019\u0153uvre,\u00a0les\u00a0pouvoirs\u00a0politiques et financiers. Quelques mois apr\u00e8s\u00a0\u201cThe\u00a0Brutalist\u201d\u00a0de Brady\u00a0Corbet, l\u2019architecture est\u00a0donc\u00a0\u00e0 nouveau\u00a0moteur de\u00a0sc\u00e9nario et de mise en sc\u00e8ne\u00a0mais dans un registre diff\u00e9rent,\u00a0St\u00e9phane\u00a0Demoustier\u00a0donne par exemple\u00a0une tonalit\u00e9 de com\u00e9die \u00e0 plusieurs sc\u00e8nes. Le film est inspir\u00e9 d\u2019un roman de Laurence Coss\u00e9 et il r\u00e9unit Claes Bang, dans le r\u00f4le de l\u2019architecte, Xavier Dolan, Swann\u00a0Arlaud\u00a0et\u00a0Sidse\u00a0Babett\u00a0Knudsen-que nous sommes nombreux \u00e0 avoir d\u00e9couvert dans la s\u00e9rie Borgen.<\/p>\n<p> \u201cPredator\u00a0: Badlands\u201d\u00a0de Dan\u00a0Trachtenberg<\/p>\n<p class=\"PopSlotParagraph qg-tx2 qg-xtra-lh svelte-1r0pyek\">Dan\u00a0Trachtenberg\u00a0r\u00e9alise le\u00a07\u00b0 volet\u00a0de la franchise\u00a0Pr\u00e9dator,\u00a0balise de la pop culture,\u00a0lanc\u00e9e\u00a0en 1987. Bienvenue sur la plan\u00e8te la plus dangereuse\u00a0au monde \u2013 et la plus\u00a0sonoris\u00e9e\u00a0aussi, avec tout ce qu\u2019il faut de bruitages organiques. Dek\u00a0est un\u00a0Pr\u00e9dator,\u00a0pour rappel, un\u00a0bip\u00e8de reptilien avec dreadlocks et\u00a0canines pro\u00e9minentes. Contrairement aux volets pr\u00e9c\u00e9dents, ce\u00a0Predator-ci\u00a0est un\u00a0\u00e9motif.\u00a0Son\u00a0salopard de\u00a0p\u00e8re veut l\u2019\u00e9liminer\u00a0et le met au d\u00e9fi\u00a0:\u00a0Dek\u00a0ramener\u00a0la t\u00eate d\u2019un monstre\u00a0r\u00e9put\u00e9\u00a0invincible.<\/p>\n<p class=\"PopSlotParagraph qg-tx2 qg-xtra-lh svelte-1r0pyek\">En chemin,\u00a0il\u00a0rencontre\u00a0Thia,\u00a0ou du moins ce qu\u2019il en reste. Car\u00a0Thia\u00a0est\u00a0une andro\u00efde\u00a0cul de jatte. Elle a perdu ses jambes dans un combat avec le monstre invincible sus cit\u00e9.\u00a0Thia\u00a0et\u00a0Dek\u00a0font \u00e9quipe\u00a0pour zigouiller le monstre,\u00a0et leur\u00a0alliance\u00a0est\u00a0disons\u00a0contrari\u00e9e,\u00a0par le\u00a0soeur\u00a0cyborg de\u00a0Thia, qui en est amoureuse. Thia\u00a0et sa\u00a0soeur\u00a0cyborg\u00a0sont interpr\u00e9t\u00e9es par Elle\u00a0Fanning, qui la m\u00eame ann\u00e9e,\u00a0a\u00a0le\u00a0talent\u00a0de jouer dans \u201cValeur Sentimentale\u201d de Joachim Trier et dans ce\u00a0Predator\u00a0: Badlands.<\/p>\n<p class=\"qg-sr-only\" role=\"heading\" aria-level=\"3\">Pour voir ce contenu, acceptez les cookies.<\/p>\n<p class=\"ConsentNotice-description qg-tx3 svelte-m9wmt1\">Pour afficher ce contenu Youtube, vous devez accepter les cookies <b>Publicit\u00e9<\/b>.<br \/>Ces cookies permettent \u00e0 nos partenaires de vous proposer des publicit\u00e9s et des contenus personnalis\u00e9s en fonction de votre navigation, de votre profil et de vos centres d&rsquo;int\u00e9r\u00eat. <\/p>\n<p>  G\u00e9rer mes choix     J&rsquo;autorise  <\/p>\n<p>\u201cLes Braises\u201d de Thomas\u00a0Kruithof<\/p>\n<p class=\"PopSlotParagraph qg-tx2 qg-xtra-lh svelte-1r0pyek\">Jimmy et Karine vivent avec leurs deux ados dans la banlieue d\u2019Angoul\u00eame.\u00a0Lui,\u00a0est \u00e0 la t\u00eate d\u2019une petite entreprise de transport routier, elle,\u00a0tient la cadence comme ouvri\u00e8re dans une usine agro-alimentaire. Ils s\u2019aiment, font l\u2019amour dans la cabine du camion de Jimmy, en attendant de terminer les travaux de leur maison. Lorsque le mouvement des gilets jaunes\u00a0commence, Karine\u00a0rejoint les\u00a0ronds-points\u00a0et\u00a0y trouve un espoir dans le collectif.\u00a0A mesure que l\u2019implication de Karine dans le mouvement grandit, une\u00a0distance s&rsquo;installe entre elle et son\u00a0mari. Jimmy est\u00a0dans une lutte quotidienne, et individuelle,\u00a0pour\u00a0maintenir son entreprise \u00e0 flot. Quelques semaines avant \u201cDossier 137\u201d\u00a0de\u00a0Dominik\u00a0Moll, qui questionne les violences polici\u00e8res, pendant le mouvement des Gilets jaunes, Thomas\u00a0Kruithof\u00a0traite cette mobilisation populaire par le biais de l\u2019intime avec Virginie\u00a0Efira, dans le r\u00f4le de Karine et\u00a0Arieh Worthalter, dans celui de Jimmy.<\/p>\n<p> \u201cL\u2019incroyable femme des neiges\u201d de S\u00e9bastien\u00a0Betbeder<\/p>\n<p class=\"PopSlotParagraph qg-tx2 qg-xtra-lh svelte-1r0pyek\">\u201cJe m\u2019appelle Coline Morel, j\u2019ai 46 ans et je vais bient\u00f4t mourir\u201d.\u00a0C\u2019est ce que dit en voix off\u00a0Blanche\u00a0Gardin,\u00a0interpr\u00e8te de Coline. Coline\u00a0est exploratrice, elle\u00a0a arpent\u00e9 les p\u00f4les avec ses clopes\u00a0et ses jumelles \u00e0 la recherche d\u2019un y\u00e9ti auquel elle est la seule \u00e0 croire. Retrouv\u00e9e \u00e0 moiti\u00e9 gel\u00e9e sur la banquise, elle retourne dans son Jura natal. Impr\u00e9visible,\u00a0auto-centr\u00e9e,\u00a0d\u2019aucuns\u00a0diraient \u201cing\u00e9rable\u201d,\u00a0elle\u00a0y\u00a0retrouve\u00a0ses deux fr\u00e8res\u00a0et\u00a0un amour de jeunesse. Dans sa deuxi\u00e8me partie, le film\u00a0d\u00e9joue les attentes\u00a0avec la fuite de Coline dans\u00a0un village inuit\u00a0du Groenland. Les fr\u00e8res\u00a0jurassiens\u00a0de Coline sont jou\u00e9s par Philippe\u00a0Katerine\u00a0et Bastien Bouillon.<\/p>\n<p class=\"qg-sr-only\" role=\"heading\" aria-level=\"3\">Pour voir ce contenu, acceptez les cookies.<\/p>\n<p class=\"ConsentNotice-description qg-tx3 svelte-m9wmt1\">Pour afficher ce contenu Youtube, vous devez accepter les cookies <b>Publicit\u00e9<\/b>.<br \/>Ces cookies permettent \u00e0 nos partenaires de vous proposer des publicit\u00e9s et des contenus personnalis\u00e9s en fonction de votre navigation, de votre profil et de vos centres d&rsquo;int\u00e9r\u00eat. <\/p>\n<p>  G\u00e9rer mes choix     J&rsquo;autorise  <\/p>\n<p class=\"PopSlotParagraph qg-tx2 qg-xtra-lh svelte-1r0pyek\"><strong>Les coups de c\u0153ur\u00a0:<\/strong><\/p>\n<ul>\n<li><strong>Charlotte\u00a0Garson<\/strong>\u00a0:\u00a0\u00ab\u00a0Deux procureurs\u201d de Sergue\u00ef\u00a0Loznitsa<\/li>\n<li><strong>Pierre\u00a0Murat<\/strong>\u00a0: \u00ab\u00a0Six jours, ce printemps-l\u00e0\u00a0\u00bb de Joachim Lafosse<\/li>\n<li><strong>Florence Colombani<\/strong>\u00a0:\u00a0le documentaire \u00ab\u00a0Pomp\u00e9i sous les nuages\u00a0\u00bb de Gianfranco\u00a0Rosi<\/li>\n<li><strong>Jean-Marc Lalanne<\/strong>\u00a0: \u00ab\u00a0Kika\u00a0\u00bb d\u2019Alexe\u00a0Poukine<\/li>\n<li><strong>Rebecca Manzoni<\/strong>\u00a0: \u00ab\u00a0On vous croit\u00a0\u00bb de Charlotte Devillers et Arnaud\u00a0Dufey<\/li>\n<\/ul>\n","protected":false},"excerpt":{"rendered":"\u201cLes Aigles de La R\u00e9publique\u201d\u00a0de Tarek Saleh On\u00a0commence\u00a0avec \u201cLe Pharaon de l\u2019\u00e9cran\u201d,\u00a0com\u00e9dien \u00e9gyptien star, qui parle de lui&hellip;\n","protected":false},"author":2,"featured_media":538132,"comment_status":"","ping_status":"","sticky":false,"template":"","format":"standard","meta":{"footnotes":""},"categories":[1354],"tags":[58,59,1346,1011,27,1360],"class_list":{"0":"post-538131","1":"post","2":"type-post","3":"status-publish","4":"format-standard","5":"has-post-thumbnail","7":"category-films","8":"tag-divertissement","9":"tag-entertainment","10":"tag-films","11":"tag-fr","12":"tag-france","13":"tag-movies"},"share_on_mastodon":{"url":"https:\/\/pubeurope.com\/@fr\/115559384183011309","error":""},"_links":{"self":[{"href":"https:\/\/www.europesays.com\/fr\/wp-json\/wp\/v2\/posts\/538131","targetHints":{"allow":["GET"]}}],"collection":[{"href":"https:\/\/www.europesays.com\/fr\/wp-json\/wp\/v2\/posts"}],"about":[{"href":"https:\/\/www.europesays.com\/fr\/wp-json\/wp\/v2\/types\/post"}],"author":[{"embeddable":true,"href":"https:\/\/www.europesays.com\/fr\/wp-json\/wp\/v2\/users\/2"}],"replies":[{"embeddable":true,"href":"https:\/\/www.europesays.com\/fr\/wp-json\/wp\/v2\/comments?post=538131"}],"version-history":[{"count":0,"href":"https:\/\/www.europesays.com\/fr\/wp-json\/wp\/v2\/posts\/538131\/revisions"}],"wp:featuredmedia":[{"embeddable":true,"href":"https:\/\/www.europesays.com\/fr\/wp-json\/wp\/v2\/media\/538132"}],"wp:attachment":[{"href":"https:\/\/www.europesays.com\/fr\/wp-json\/wp\/v2\/media?parent=538131"}],"wp:term":[{"taxonomy":"category","embeddable":true,"href":"https:\/\/www.europesays.com\/fr\/wp-json\/wp\/v2\/categories?post=538131"},{"taxonomy":"post_tag","embeddable":true,"href":"https:\/\/www.europesays.com\/fr\/wp-json\/wp\/v2\/tags?post=538131"}],"curies":[{"name":"wp","href":"https:\/\/api.w.org\/{rel}","templated":true}]}}