{"id":538135,"date":"2025-11-16T12:31:13","date_gmt":"2025-11-16T12:31:13","guid":{"rendered":"https:\/\/www.europesays.com\/fr\/538135\/"},"modified":"2025-11-16T12:31:13","modified_gmt":"2025-11-16T12:31:13","slug":"levi-noel-place","status":"publish","type":"post","link":"https:\/\/www.europesays.com\/fr\/538135\/","title":{"rendered":"Levi: No\u00ebl plac\u00e9"},"content":{"rendered":"<p><strong>Ce dimanche matin, \u00e0 Levi en<br \/>\nFinlande, le Fran\u00e7ais Cl\u00e9ment No\u00ebl a sign\u00e9 le deuxi\u00e8me meilleur<br \/>\ntemps de la premi\u00e8re manche du slalom, derri\u00e8re le Br\u00e9silien Lucas<br \/>\nBraathen.<\/strong><\/p>\n<p>Cl\u00e9ment No\u00ebl est en forme. Ce dimanche matin, le Fran\u00e7ais a<br \/>\nsign\u00e9 le deuxi\u00e8me temps de la premi\u00e8re manche du slalom d\u2019ouverture<br \/>\nde Levi en Finlande, comptant pour la saison 2025-2026 de la Coupe<br \/>\ndu monde masculine de ski alpin. Le Tricolore a seulement \u00e9t\u00e9<br \/>\ndevanc\u00e9 par le Br\u00e9silien Lucas Braathen. Ce dernier, auteur d\u2019une<br \/>\nmanche parfaite, poss\u00e8de une avance de 0\u00a0\u00bb41 sur No\u00ebl,<br \/>\nchampion olympique en titre de la sp\u00e9cialit\u00e9.<\/p>\n<p><strong>Le Tricolore avait encore 0\u00a0\u00bb03 d\u2019avance au<br \/>\ndeuxi\u00e8me interm\u00e9diaire, apr\u00e8s \u00eatre notamment bien sorti du<br \/>\nportillon.<\/strong> A ce moment-l\u00e0, le Fran\u00e7ais, peut-\u00eatre victime<br \/>\nd\u2019une faute de concentration, a finalement commis une petite erreur<br \/>\nsur le bas du mur, mais il s\u2019est finalement ensuite parfaitement<br \/>\nbien rattrap\u00e9, apr\u00e8s avoir fr\u00f4l\u00e9 la sortie de piste au moment<br \/>\nd\u2019aborder les portes suivantes. A la troisi\u00e8me place de cette m\u00eame<br \/>\nmanche, on retrouve le Norv\u00e9gien Timon Haugan, qui accuse un retard<br \/>\nde 0\u00a0\u00bb49 apr\u00e8s avoir notamment commis une grosse erreur au<br \/>\nd\u00e9but de son parcours.<\/p>\n<p>Quatre Fran\u00e7ais en seconde<br \/>\nmanche<\/p>\n<p>Du c\u00f4t\u00e9 des autres Tricolores, l\u2019Ann\u00e9cien Steven Amiez, parti<br \/>\navec le dossard n\u00b013, a termin\u00e9 \u00e0 la huiti\u00e8me place, avec un retard<br \/>\nde 1\u00a0\u00bb21 tandis que Paco Rassat, avec son dossard n\u00b023, est<br \/>\n\u00e9galement plac\u00e9, en treizi\u00e8me position, \u00e0 1\u00a0\u00bb38, alors qu\u2019il<br \/>\navait pourtant rat\u00e9 son d\u00e9but de parcours avant de parfaitement<br \/>\nbien limiter la casse. Si les deux Tricolores r\u00eavent donc d\u2019une<br \/>\nbelle remont\u00e9e lors de la deuxi\u00e8me et derni\u00e8re manche,<br \/>\n<strong>Cl\u00e9ment No\u00ebl, quant \u00e0 lui, est id\u00e9alement plac\u00e9 pour aller<br \/>\nchercher sa toute premi\u00e8re victoire de l\u2019hiver<\/strong>.<\/p>\n<p>La seconde manche d\u00e9butera \u00e0 partir de 13h00. A noter qu\u2019un<br \/>\nquatri\u00e8me et dernier Fran\u00e7ais sera \u00e9galement de la partie pour ce<br \/>\nsecond acte. En effet, il s\u2019agit de Victor Muffat-Jeandet, 25e de<br \/>\nla premi\u00e8re manche \u00e0 1\u00a0\u00bb93. En revanche, par de miracle pour<br \/>\nHugo Desgrippes (38e) ou encore Antoine Azzolin (41e) qui n\u2019ont pas<br \/>\nr\u00e9ussi \u00e0 terminer dans le top 30.<\/p>\n","protected":false},"excerpt":{"rendered":"Ce dimanche matin, \u00e0 Levi en Finlande, le Fran\u00e7ais Cl\u00e9ment No\u00ebl a sign\u00e9 le deuxi\u00e8me meilleur temps de&hellip;\n","protected":false},"author":2,"featured_media":538136,"comment_status":"","ping_status":"","sticky":false,"template":"","format":"standard","meta":{"footnotes":""},"categories":[9],"tags":[1011,27,14276,65692,57681,60],"class_list":{"0":"post-538135","1":"post","2":"type-post","3":"status-publish","4":"format-standard","5":"has-post-thumbnail","7":"category-sports","8":"tag-fr","9":"tag-france","10":"tag-ski-alpin","11":"tag-slalom-de-levi","12":"tag-sport365-fr","13":"tag-sports"},"share_on_mastodon":{"url":"https:\/\/pubeurope.com\/@fr\/115559391831814650","error":""},"_links":{"self":[{"href":"https:\/\/www.europesays.com\/fr\/wp-json\/wp\/v2\/posts\/538135","targetHints":{"allow":["GET"]}}],"collection":[{"href":"https:\/\/www.europesays.com\/fr\/wp-json\/wp\/v2\/posts"}],"about":[{"href":"https:\/\/www.europesays.com\/fr\/wp-json\/wp\/v2\/types\/post"}],"author":[{"embeddable":true,"href":"https:\/\/www.europesays.com\/fr\/wp-json\/wp\/v2\/users\/2"}],"replies":[{"embeddable":true,"href":"https:\/\/www.europesays.com\/fr\/wp-json\/wp\/v2\/comments?post=538135"}],"version-history":[{"count":0,"href":"https:\/\/www.europesays.com\/fr\/wp-json\/wp\/v2\/posts\/538135\/revisions"}],"wp:featuredmedia":[{"embeddable":true,"href":"https:\/\/www.europesays.com\/fr\/wp-json\/wp\/v2\/media\/538136"}],"wp:attachment":[{"href":"https:\/\/www.europesays.com\/fr\/wp-json\/wp\/v2\/media?parent=538135"}],"wp:term":[{"taxonomy":"category","embeddable":true,"href":"https:\/\/www.europesays.com\/fr\/wp-json\/wp\/v2\/categories?post=538135"},{"taxonomy":"post_tag","embeddable":true,"href":"https:\/\/www.europesays.com\/fr\/wp-json\/wp\/v2\/tags?post=538135"}],"curies":[{"name":"wp","href":"https:\/\/api.w.org\/{rel}","templated":true}]}}