{"id":538137,"date":"2025-11-16T12:32:13","date_gmt":"2025-11-16T12:32:13","guid":{"rendered":"https:\/\/www.europesays.com\/fr\/538137\/"},"modified":"2025-11-16T12:32:13","modified_gmt":"2025-11-16T12:32:13","slug":"et-doucement-elle-a-sombre-britney-spears-petite-fille-de-louisiane-devenue-femme-la-plus-puissante-du-monde","status":"publish","type":"post","link":"https:\/\/www.europesays.com\/fr\/538137\/","title":{"rendered":"\u00ab\u00a0Et doucement, elle a sombr\u00e9\u00a0\u00bb\u00a0: Britney Spears, petite fille de Louisiane devenue femme la plus puissante du monde"},"content":{"rendered":"<p>S\u00e9rie\u00c9pisode 1Son ex-mari l\u2019\u00e9trille dans un livre, son compte Instagram, o\u00f9 elle multiplie les vid\u00e9os \u00e9nigmatiques, a \u00e9t\u00e9 ponctuellement d\u00e9sactiv\u00e9\u2026 Qui est vraiment Britney Spears\u00a0? Retour sur le parcours chaotique de l\u2019ex-princesse de la pop devenue cible pr\u00e9f\u00e9r\u00e9e des paparazzis. Premier volet\u00a0: la naissance d\u2019un ph\u00e9nom\u00e8ne.<\/p>\n<p class=\"lp-f-ui-04-strong lp-mt-03 lp-mb-01\">Par\u00a0<a href=\"https:\/\/www.leparisien.fr\/auteur\/pauline-conradsson\/\" class=\"lp-link lp-link--underline lp-link--text lp-link--size-ui-04-strong\" rel=\"nofollow noopener\" target=\"_blank\">Pauline  Conradsson<\/a><\/p>\n<p class=\"lp-f-ui-05 lp-color-text-muted\">Le 16 novembre 2025 \u00e0 10h00, modifi\u00e9 le 16 novembre 2025 \u00e0 12h05<\/p>\n","protected":false},"excerpt":{"rendered":"S\u00e9rie\u00c9pisode 1Son ex-mari l\u2019\u00e9trille dans un livre, son compte Instagram, o\u00f9 elle multiplie les vid\u00e9os \u00e9nigmatiques, a \u00e9t\u00e9&hellip;\n","protected":false},"author":2,"featured_media":538138,"comment_status":"","ping_status":"","sticky":false,"template":"","format":"standard","meta":{"footnotes":""},"categories":[8],"tags":[872,58,59,1011,27,14,873],"class_list":{"0":"post-538137","1":"post","2":"type-post","3":"status-publish","4":"format-standard","5":"has-post-thumbnail","7":"category-divertissement","8":"tag-culture-et-loisirs","9":"tag-divertissement","10":"tag-entertainment","11":"tag-fr","12":"tag-france","13":"tag-international","14":"tag-musique"},"share_on_mastodon":{"url":"https:\/\/pubeurope.com\/@fr\/115559396109679138","error":""},"_links":{"self":[{"href":"https:\/\/www.europesays.com\/fr\/wp-json\/wp\/v2\/posts\/538137","targetHints":{"allow":["GET"]}}],"collection":[{"href":"https:\/\/www.europesays.com\/fr\/wp-json\/wp\/v2\/posts"}],"about":[{"href":"https:\/\/www.europesays.com\/fr\/wp-json\/wp\/v2\/types\/post"}],"author":[{"embeddable":true,"href":"https:\/\/www.europesays.com\/fr\/wp-json\/wp\/v2\/users\/2"}],"replies":[{"embeddable":true,"href":"https:\/\/www.europesays.com\/fr\/wp-json\/wp\/v2\/comments?post=538137"}],"version-history":[{"count":0,"href":"https:\/\/www.europesays.com\/fr\/wp-json\/wp\/v2\/posts\/538137\/revisions"}],"wp:featuredmedia":[{"embeddable":true,"href":"https:\/\/www.europesays.com\/fr\/wp-json\/wp\/v2\/media\/538138"}],"wp:attachment":[{"href":"https:\/\/www.europesays.com\/fr\/wp-json\/wp\/v2\/media?parent=538137"}],"wp:term":[{"taxonomy":"category","embeddable":true,"href":"https:\/\/www.europesays.com\/fr\/wp-json\/wp\/v2\/categories?post=538137"},{"taxonomy":"post_tag","embeddable":true,"href":"https:\/\/www.europesays.com\/fr\/wp-json\/wp\/v2\/tags?post=538137"}],"curies":[{"name":"wp","href":"https:\/\/api.w.org\/{rel}","templated":true}]}}