{"id":538150,"date":"2025-11-16T12:43:17","date_gmt":"2025-11-16T12:43:17","guid":{"rendered":"https:\/\/www.europesays.com\/fr\/538150\/"},"modified":"2025-11-16T12:43:17","modified_gmt":"2025-11-16T12:43:17","slug":"nationale-2-nancy-handball-grosse-frayeur-pour-ibrahim-souley","status":"publish","type":"post","link":"https:\/\/www.europesays.com\/fr\/538150\/","title":{"rendered":"Nationale 2. Nancy Handball : grosse frayeur pour Ibrahim Souley"},"content":{"rendered":"<p>   Apr\u00e8s Nancy &#8211; Abbeville (29-34) <\/p>\n<p>Comme souvent impeccable dans son r\u00f4le de \u00ab gratteur \u00bb de ballons et d\u2019emp\u00eacheur de \u00ab jouer en rond \u00bb, Ibrahim Souley a beaucoup donn\u00e9 <a href=\"https:\/\/www.estrepublicain.fr\/sport\/2025\/11\/15\/nancy-dans-le-dur-face-a-abbeville\" target=\"_blank\" rel=\"noopener\">samedi soir contre Abbeville (29-34)<\/a> \u2026 Il a aussi pas mal re\u00e7u ! Victime d\u2019une faute grossi\u00e8re en premi\u00e8re p\u00e9riode (qui aurait pu valoir \u00e0 son auteur une sanction dissuasive), puis exclu, assez s\u00e9v\u00e8rement, apr\u00e8s s\u2019\u00eatre sacrifi\u00e9 (44e) sur une action d\u00e9fensive, le \u00ab doyen \u00bb du Nancy handball (25 ans) n\u2019a pas seulement pass\u00e9 une mauvaise soir\u00e9e sur le terrain. Ce dernier s\u2019est aussi fait une belle frayeur. Terrass\u00e9 par des douleurs aux cervicales et au thorax apr\u00e8s avoir gagn\u00e9 &#8211; sur ses jambes &#8211; les tribunes du gymnase Proven\u00e7al, le joueur du NH a finalement d\u00fb \u00eatre \u00e9vacu\u00e9 par les secours, sur une civi\u00e8re, en direction du CHRU de Nancy, o\u00f9 il a pass\u00e9 une partie de la nuit avant de regagner son domicile. Apr\u00e8s nous avoir communiqu\u00e9 des nouvelles rassurantes\u2026<\/p>\n<p>\u00ab Les radios n\u2019ont rien r\u00e9v\u00e9l\u00e9. A priori, je serai simplement tenu au repos tant que les douleurs persistent, mais j\u2019esp\u00e8re revenir vite \u00bb, nous expliquait ainsi Ibrahim Souley, qui devrait &#8211; selon toutes vraisemblances &#8211; \u00eatre m\u00e9nag\u00e9 lors du prochain d\u00e9placement \u00e0 Lille (samedi 22 novembre). Un moindre mal\u2026<\/p>\n","protected":false},"excerpt":{"rendered":"Apr\u00e8s Nancy &#8211; Abbeville (29-34) Comme souvent impeccable dans son r\u00f4le de \u00ab gratteur \u00bb de ballons et&hellip;\n","protected":false},"author":2,"featured_media":538151,"comment_status":"","ping_status":"","sticky":false,"template":"","format":"standard","meta":{"footnotes":""},"categories":[9635],"tags":[1111,11,1704,1777,674,107,1701,1011,27,775,1792,1702,13622,1703,12,25,517,1700,5711],"class_list":{"0":"post-538150","1":"post","2":"type-post","3":"status-publish","4":"format-standard","5":"has-post-thumbnail","7":"category-nancy","8":"tag-actu","9":"tag-actualites","10":"tag-edition-nancy-et-agglomeration","11":"tag-eu","12":"tag-europe","13":"tag-fil-info","14":"tag-fil-info-sport","15":"tag-fr","16":"tag-france","17":"tag-grand-est","18":"tag-handball","19":"tag-nancy","20":"tag-nancy-handball","21":"tag-nancy-ville-54b","22":"tag-news","23":"tag-republique-francaise","24":"tag-sport","25":"tag-sport-lorrain","26":"tag-vandoeuvre-les-nancy"},"share_on_mastodon":{"url":"https:\/\/pubeurope.com\/@fr\/115559438907414096","error":""},"_links":{"self":[{"href":"https:\/\/www.europesays.com\/fr\/wp-json\/wp\/v2\/posts\/538150","targetHints":{"allow":["GET"]}}],"collection":[{"href":"https:\/\/www.europesays.com\/fr\/wp-json\/wp\/v2\/posts"}],"about":[{"href":"https:\/\/www.europesays.com\/fr\/wp-json\/wp\/v2\/types\/post"}],"author":[{"embeddable":true,"href":"https:\/\/www.europesays.com\/fr\/wp-json\/wp\/v2\/users\/2"}],"replies":[{"embeddable":true,"href":"https:\/\/www.europesays.com\/fr\/wp-json\/wp\/v2\/comments?post=538150"}],"version-history":[{"count":0,"href":"https:\/\/www.europesays.com\/fr\/wp-json\/wp\/v2\/posts\/538150\/revisions"}],"wp:featuredmedia":[{"embeddable":true,"href":"https:\/\/www.europesays.com\/fr\/wp-json\/wp\/v2\/media\/538151"}],"wp:attachment":[{"href":"https:\/\/www.europesays.com\/fr\/wp-json\/wp\/v2\/media?parent=538150"}],"wp:term":[{"taxonomy":"category","embeddable":true,"href":"https:\/\/www.europesays.com\/fr\/wp-json\/wp\/v2\/categories?post=538150"},{"taxonomy":"post_tag","embeddable":true,"href":"https:\/\/www.europesays.com\/fr\/wp-json\/wp\/v2\/tags?post=538150"}],"curies":[{"name":"wp","href":"https:\/\/api.w.org\/{rel}","templated":true}]}}