{"id":538152,"date":"2025-11-16T12:45:15","date_gmt":"2025-11-16T12:45:15","guid":{"rendered":"https:\/\/www.europesays.com\/fr\/538152\/"},"modified":"2025-11-16T12:45:15","modified_gmt":"2025-11-16T12:45:15","slug":"alcaraz-sinner-combien-gagne-le-vainqueur-de-latp-finals-sport","status":"publish","type":"post","link":"https:\/\/www.europesays.com\/fr\/538152\/","title":{"rendered":"Alcaraz &#8211; Sinner. Combien gagne le vainqueur de l\u2019ATP Finals\u00a0? . Sport"},"content":{"rendered":"<p>\u00c7a aura \u00e9t\u00e9 sans conteste le duel de cette saison 2025 et c\u2019est on ne peut plus logique <a href=\"https:\/\/rennes.maville.com\/sport\/detail_-carlos-alcaraz-jannik-sinner.-a-quelle-heure-et-sur-quelle-chaine-suivre-la-finale-du-masters-atp-_54135-7065734_actu.Htm\" target=\"_blank\" rel=\"noopener\">qu\u2019on le retrouve en finale de l\u2019ultime comp\u00e9tition de l\u2019ann\u00e9e<\/a>\u2026 Ce dimanche 16\u00a0novembre, <a href=\"https:\/\/rennes.maville.com\/sport\/detail_-masters-atp.-carlos-alcaraz-domine-felix-auger-aliassime-et-rejoint-jannik-sinner-en-finale-_54135-7065555_actu.Htm\" target=\"_blank\" rel=\"noopener\">Carlos Alcaraz<\/a> est oppos\u00e9 \u00e0 <a href=\"https:\/\/rennes.maville.com\/sport\/detail_-masters-atp.-jannik-sinner-ecarte-alex-de-minaur-et-se-qualifie-pour-sa-3e-finale-consecutive-_54135-7065392_actu.Htm\" target=\"_blank\" rel=\"noopener\">Jannik Sinner<\/a> en finale de l\u2019ATP Finals de Turin.<\/p>\n<p>Un record de dotation<\/p>\n<p>Cette saison, les deux hommes se sont retrouv\u00e9s \u00e0 batailler dans de nombreuses finales, trois du Grands Chelems exactement, avec Roland-Garros, Wimbledon et l\u2019US Open. L\u2019Espagnol comme l\u2019Italien ont remport\u00e9 deux titres\u00a0: Roland-Garros et l\u2019US Open pour Alcaraz, l\u2019Open d\u2019Australie et Wimbledon pour Sinner.<\/p>\n<p><strong>Lire aussi.<\/strong>\u00a0<a href=\"https:\/\/rennes.maville.com\/sport\/detail_-atp.-carlos-alcaraz-finira-l-annee-2025-a-la-premiere-place-mondiale-_54135-7062652_actu.Htm\" target=\"_blank\" rel=\"noopener\">ATP. Carlos Alcaraz finira l\u2019ann\u00e9e 2025 \u00e0 la premi\u00e8re place mondiale<\/a><\/p>\n<p>Ce sera donc l\u2019occasion \u00e0 Turin de prendre l\u2019avantage, m\u00eame si ce tournoi n\u2019a pas la valeur d\u2019un Grand Chelem\u2026 En revanche il promet une belle dotation au vainqueur. En 2024 d\u00e9j\u00e0, Jannik Sinner avait empoch\u00e9 4\u00a0881\u00a0100\u00a0dollars (pr\u00e8s de 4,2\u00a0millions d\u2019euros) en tant que champion invaincu. Cette ann\u00e9e, sans avoir perdu en poules, Carlos Alcaraz et Jannik Sinner ambitionnent aussi la prime du champion invaincu, fix\u00e9 \u00e0 5\u00a0071\u00a0000\u00a0dollars (pr\u00e8s de 4,4\u00a0millions d\u2019euros). C\u2019est la premi\u00e8re fois de l\u2019histoire du Masters qu\u2019il d\u00e9passe la barre symbolique des 5\u00a0millions de dollars pour le vainqueur.<\/p>\n<p>\u00a0<\/p>\n","protected":false},"excerpt":{"rendered":"\u00c7a aura \u00e9t\u00e9 sans conteste le duel de cette saison 2025 et c\u2019est on ne peut plus logique&hellip;\n","protected":false},"author":2,"featured_media":538153,"comment_status":"","ping_status":"","sticky":false,"template":"","format":"standard","meta":{"footnotes":""},"categories":[9619],"tags":[1111,11,3809,1465,1777,674,63,1011,27,1792,1922,12,882,25,479,517,2310,1470],"class_list":{"0":"post-538152","1":"post","2":"type-post","3":"status-publish","4":"format-standard","5":"has-post-thumbnail","7":"category-toulon","8":"tag-actu","9":"tag-actualites","10":"tag-ball","11":"tag-basket","12":"tag-eu","13":"tag-europe","14":"tag-football","15":"tag-fr","16":"tag-france","17":"tag-handball","18":"tag-info","19":"tag-news","20":"tag-provence-alpes-cote-dazur","21":"tag-republique-francaise","22":"tag-rugby","23":"tag-sport","24":"tag-toulon","25":"tag-volley"},"share_on_mastodon":{"url":"https:\/\/pubeurope.com\/@fr\/115559446803628388","error":""},"_links":{"self":[{"href":"https:\/\/www.europesays.com\/fr\/wp-json\/wp\/v2\/posts\/538152","targetHints":{"allow":["GET"]}}],"collection":[{"href":"https:\/\/www.europesays.com\/fr\/wp-json\/wp\/v2\/posts"}],"about":[{"href":"https:\/\/www.europesays.com\/fr\/wp-json\/wp\/v2\/types\/post"}],"author":[{"embeddable":true,"href":"https:\/\/www.europesays.com\/fr\/wp-json\/wp\/v2\/users\/2"}],"replies":[{"embeddable":true,"href":"https:\/\/www.europesays.com\/fr\/wp-json\/wp\/v2\/comments?post=538152"}],"version-history":[{"count":0,"href":"https:\/\/www.europesays.com\/fr\/wp-json\/wp\/v2\/posts\/538152\/revisions"}],"wp:featuredmedia":[{"embeddable":true,"href":"https:\/\/www.europesays.com\/fr\/wp-json\/wp\/v2\/media\/538153"}],"wp:attachment":[{"href":"https:\/\/www.europesays.com\/fr\/wp-json\/wp\/v2\/media?parent=538152"}],"wp:term":[{"taxonomy":"category","embeddable":true,"href":"https:\/\/www.europesays.com\/fr\/wp-json\/wp\/v2\/categories?post=538152"},{"taxonomy":"post_tag","embeddable":true,"href":"https:\/\/www.europesays.com\/fr\/wp-json\/wp\/v2\/tags?post=538152"}],"curies":[{"name":"wp","href":"https:\/\/api.w.org\/{rel}","templated":true}]}}