{"id":538158,"date":"2025-11-16T12:48:16","date_gmt":"2025-11-16T12:48:16","guid":{"rendered":"https:\/\/www.europesays.com\/fr\/538158\/"},"modified":"2025-11-16T12:48:16","modified_gmt":"2025-11-16T12:48:16","slug":"le-beaujolais-nouveau-arrive-aux-halles-biltoki-on-trinque-le-20-novembre","status":"publish","type":"post","link":"https:\/\/www.europesays.com\/fr\/538158\/","title":{"rendered":"Le Beaujolais nouveau arrive aux Halles Biltoki : on trinque le 20 novembre !"},"content":{"rendered":"<p>            D\u00e9gustation et planches ap\u00e9ro aux Halles Agrivin pour c\u00e9l\u00e9brer le mill\u00e9sime 2025<\/p>\n<p>Ah, le <strong>Beaujolais nouveau<\/strong>\u2026 Ce rendez-vous incontournable de novembre qui sent bon la convivialit\u00e9, les retrouvailles entre potes et les ap\u00e9ros qui s\u2019\u00e9ternisent. Cette ann\u00e9e encore, les <strong>Halles Biltoki<\/strong> ne ratent pas le coche et vous donnent rendez-vous le <strong>jeudi 20 novembre 2025<\/strong> pour c\u00e9l\u00e9brer l\u2019arriv\u00e9e du mill\u00e9sime 2025 comme il se doit.<\/p>\n<p>Un jeudi qui commence bien<\/p>\n<p>D\u00e8s <strong>11h<\/strong>, direction les <strong>Halles Agrivin<\/strong> sur le parvis des <strong>Docks 76<\/strong> pour go\u00fbter ce petit vin primeur qui fait tant parler de lui chaque ann\u00e9e. Au programme : d\u00e9gustation et vente \u00e0 la <strong><a href=\"https:\/\/www.cavespierrenoble.fr\/\" target=\"_blank\" rel=\"noopener nofollow\">Cave Pierre Noble<\/a><\/strong>, histoire de d\u00e9couvrir si ce mill\u00e9sime 2025 tient toutes ses promesses. Et parce qu\u2019on ne boit jamais mieux qu\u2019en grignotant, pr\u00e9parez-vous \u00e0 l\u2019offre qui fait plaisir : <strong>une bouteille achet\u00e9e = un bol de saucisson offert<\/strong>. <\/p>\n<blockquote class=\"instagram-media\" data-instgrm-permalink=\"https:\/\/www.instagram.com\/p\/DQ_TjwbgvJE\/?utm_source=ig_embed&amp;utm_campaign=loading\" data-instgrm-version=\"14\" style=\" background:#FFF; border:0; border-radius:3px; box-shadow:0 0 1px 0 rgba(0,0,0,0.5),0 1px 10px 0 rgba(0,0,0,0.15); margin: 1px; max-width:540px; min-width:326px; padding:0; width:99.375%; width:-webkit-calc(100% - 2px); width:calc(100% - 2px);\" wp_automatic_readability=\"-0.21649484536082\"\/><p>L\u2019ap\u00e9ro parfait sign\u00e9 Halles Biltoki<\/p>\n<p>Les commer\u00e7ants des Halles ne font pas les choses \u00e0 moiti\u00e9 et vous proposent \u00e9galement des <strong>planches ap\u00e9ritives<\/strong> pour accompagner votre d\u00e9gustation. Fromages, charcuterie, et autres gourmandises locales seront de la partie pour transformer cette pause beaujolais en v\u00e9ritable moment de partage. Ambiance march\u00e9, produits de qualit\u00e9 et bonne humeur garantie.<\/p>\n<p>Infos pratiques pour ne rien louper<\/p>\n<p>\ud83d\udccd <strong>Halles Agrivin \u2013 Parvis des Docks 76<\/strong><br \/>1 boulevard Ferdinand de Lesseps, 76000 Rouen<br \/>\ud83c\udd7f\ufe0f Parking des Docks 76 avec <strong>3 heures gratuites<\/strong> (histoire de profiter sans stresser)<br \/>\ud83d\udcb6 <strong>Entr\u00e9e gratuite<\/strong> \u2013 vous ne payez que ce que vous consommez<\/p>\n<p>Alors, on se retrouve le 20 novembre pour trinquer ensemble ? Le Beaujolais nouveau n\u2019attend que vous !<\/p>\n<p style=\"margin: 0; color: #000000; font-size: 16px; font-weight: bold;\">\u00c0 voir aussi sur Rouen Bouge<\/p>\n<\/p>\n<p>                    \u2716\n                <\/p>\n<p>L\u2019abus d\u2019alcool est dangereux pour la sant\u00e9. \u00c0 consommer avec mod\u00e9ration.<\/p>\n<p>            <script async src=\"\/\/www.instagram.com\/embed.js\"><\/script><\/p>\n","protected":false},"excerpt":{"rendered":"D\u00e9gustation et planches ap\u00e9ro aux Halles Agrivin pour c\u00e9l\u00e9brer le mill\u00e9sime 2025 Ah, le Beaujolais nouveau\u2026 Ce rendez-vous&hellip;\n","protected":false},"author":2,"featured_media":538159,"comment_status":"","ping_status":"","sticky":false,"template":"","format":"standard","meta":{"footnotes":""},"categories":[9587],"tags":[1111,11,1777,674,1011,27,12,5161,25,9590],"class_list":{"0":"post-538158","1":"post","2":"type-post","3":"status-publish","4":"format-standard","5":"has-post-thumbnail","7":"category-rouen","8":"tag-actu","9":"tag-actualites","10":"tag-eu","11":"tag-europe","12":"tag-fr","13":"tag-france","14":"tag-news","15":"tag-normandie","16":"tag-republique-francaise","17":"tag-rouen"},"share_on_mastodon":{"url":"https:\/\/pubeurope.com\/@fr\/115559458567261121","error":""},"_links":{"self":[{"href":"https:\/\/www.europesays.com\/fr\/wp-json\/wp\/v2\/posts\/538158","targetHints":{"allow":["GET"]}}],"collection":[{"href":"https:\/\/www.europesays.com\/fr\/wp-json\/wp\/v2\/posts"}],"about":[{"href":"https:\/\/www.europesays.com\/fr\/wp-json\/wp\/v2\/types\/post"}],"author":[{"embeddable":true,"href":"https:\/\/www.europesays.com\/fr\/wp-json\/wp\/v2\/users\/2"}],"replies":[{"embeddable":true,"href":"https:\/\/www.europesays.com\/fr\/wp-json\/wp\/v2\/comments?post=538158"}],"version-history":[{"count":0,"href":"https:\/\/www.europesays.com\/fr\/wp-json\/wp\/v2\/posts\/538158\/revisions"}],"wp:featuredmedia":[{"embeddable":true,"href":"https:\/\/www.europesays.com\/fr\/wp-json\/wp\/v2\/media\/538159"}],"wp:attachment":[{"href":"https:\/\/www.europesays.com\/fr\/wp-json\/wp\/v2\/media?parent=538158"}],"wp:term":[{"taxonomy":"category","embeddable":true,"href":"https:\/\/www.europesays.com\/fr\/wp-json\/wp\/v2\/categories?post=538158"},{"taxonomy":"post_tag","embeddable":true,"href":"https:\/\/www.europesays.com\/fr\/wp-json\/wp\/v2\/tags?post=538158"}],"curies":[{"name":"wp","href":"https:\/\/api.w.org\/{rel}","templated":true}]}}