{"id":538162,"date":"2025-11-16T12:56:23","date_gmt":"2025-11-16T12:56:23","guid":{"rendered":"https:\/\/www.europesays.com\/fr\/538162\/"},"modified":"2025-11-16T12:56:23","modified_gmt":"2025-11-16T12:56:23","slug":"a-rennes-les-feles-du-vocal-donnent-trois-concerts-caritatifs-et-solidaires","status":"publish","type":"post","link":"https:\/\/www.europesays.com\/fr\/538162\/","title":{"rendered":"\u00c0 Rennes, les F\u00eal\u00e9s du vocal donnent trois concerts caritatifs et solidaires"},"content":{"rendered":"<p>Dix bougies \u00e0 souffler et une nouvelle cr\u00e9ation intitul\u00e9e D\u00e9cade d\u00e9cal\u00e9e\u00a0pour f\u00eater \u00e7a\u00a0! <a href=\"https:\/\/www.lesfelesduvocal.fr\/\" target=\"_blank\" rel=\"noopener\">La troupe des F\u00eal\u00e9s du vocal<\/a>, cr\u00e9\u00e9e en 2015 \u00e0 Rennes (Ille-et-Vilaine), va donner aux Rennais l\u2019occasion de d\u00e9couvrir ses talents et son r\u00e9pertoire, le tout doubl\u00e9 d\u2019une bonne action. Il n\u2019y aura pas une mais trois occasions de ne pas rater le coche.<\/p>\n<p>Les F\u00eal\u00e9s du vocal donneront en effet trois concerts solidaires \u00e0 la maison des associations, samedi 22\u00a0novembre et dimanche 23\u00a0novembre 2025, au profit de trois associations caritatives\u00a0: Habitat et humanisme, Cap Ouest Roz\u2019Eskell et la Croix-Rouge. Ces concerts auront lieu respectivement samedi\u00a022, de 15\u00a0h \u00e0\u00a016\u00a0h\u00a030 et de 21\u00a0h \u00e0\u00a022\u00a0h\u00a030, et dimanche\u00a023, de 15\u00a0h \u00e0 16\u00a0h\u00a030.<a href=\"https:\/\/www.helloasso.com\/associations\/les-feles-du-vocal\" target=\"_blank\" rel=\"noopener\"> R\u00e9servations sur HelloAsso<\/a>. Tarifs de 10 \u00e0 13\u00a0\u20ac.<\/p>\n<p>\u00a0<\/p>\n","protected":false},"excerpt":{"rendered":"Dix bougies \u00e0 souffler et une nouvelle cr\u00e9ation intitul\u00e9e D\u00e9cade d\u00e9cal\u00e9e\u00a0pour f\u00eater \u00e7a\u00a0! La troupe des F\u00eal\u00e9s du&hellip;\n","protected":false},"author":2,"featured_media":538163,"comment_status":"","ping_status":"","sticky":false,"template":"","format":"standard","meta":{"footnotes":""},"categories":[2821],"tags":[1111,11,829,65696,4156,14897,1777,674,65695,1011,27,12,3086,584,25,11665,29843],"class_list":{"0":"post-538162","1":"post","2":"type-post","3":"status-publish","4":"format-standard","5":"has-post-thumbnail","7":"category-rennes","8":"tag-actu","9":"tag-actualites","10":"tag-bretagne","11":"tag-caritatifs","12":"tag-concerts","13":"tag-donnent","14":"tag-eu","15":"tag-europe","16":"tag-feles","17":"tag-fr","18":"tag-france","19":"tag-news","20":"tag-redon","21":"tag-rennes","22":"tag-republique-francaise","23":"tag-solidaires","24":"tag-vocal"},"share_on_mastodon":{"url":"https:\/\/pubeurope.com\/@fr\/115559490103848304","error":""},"_links":{"self":[{"href":"https:\/\/www.europesays.com\/fr\/wp-json\/wp\/v2\/posts\/538162","targetHints":{"allow":["GET"]}}],"collection":[{"href":"https:\/\/www.europesays.com\/fr\/wp-json\/wp\/v2\/posts"}],"about":[{"href":"https:\/\/www.europesays.com\/fr\/wp-json\/wp\/v2\/types\/post"}],"author":[{"embeddable":true,"href":"https:\/\/www.europesays.com\/fr\/wp-json\/wp\/v2\/users\/2"}],"replies":[{"embeddable":true,"href":"https:\/\/www.europesays.com\/fr\/wp-json\/wp\/v2\/comments?post=538162"}],"version-history":[{"count":0,"href":"https:\/\/www.europesays.com\/fr\/wp-json\/wp\/v2\/posts\/538162\/revisions"}],"wp:featuredmedia":[{"embeddable":true,"href":"https:\/\/www.europesays.com\/fr\/wp-json\/wp\/v2\/media\/538163"}],"wp:attachment":[{"href":"https:\/\/www.europesays.com\/fr\/wp-json\/wp\/v2\/media?parent=538162"}],"wp:term":[{"taxonomy":"category","embeddable":true,"href":"https:\/\/www.europesays.com\/fr\/wp-json\/wp\/v2\/categories?post=538162"},{"taxonomy":"post_tag","embeddable":true,"href":"https:\/\/www.europesays.com\/fr\/wp-json\/wp\/v2\/tags?post=538162"}],"curies":[{"name":"wp","href":"https:\/\/api.w.org\/{rel}","templated":true}]}}