{"id":538165,"date":"2025-11-16T13:00:23","date_gmt":"2025-11-16T13:00:23","guid":{"rendered":"https:\/\/www.europesays.com\/fr\/538165\/"},"modified":"2025-11-16T13:00:23","modified_gmt":"2025-11-16T13:00:23","slug":"moselle-daniel-muller-president-fondateur-du-carnaval-dhagondange-est-decede","status":"publish","type":"post","link":"https:\/\/www.europesays.com\/fr\/538165\/","title":{"rendered":"Moselle. Daniel Muller, pr\u00e9sident fondateur du Carnaval d\u2019Hagondange, est d\u00e9c\u00e9d\u00e9"},"content":{"rendered":"<p>Pr\u00e9sident fondateur de la soci\u00e9t\u00e9 carnavalesque d\u2019Hagondange et \u00e2me de l\u2019association pendant 41 ans, Daniel Muller s\u2019est \u00e9teint dans la nuit du 15 au 16 novembre, \u00e0 son domicile d\u2019Amn\u00e9ville. Il avait <a href=\"https:\/\/www.republicain-lorrain.fr\/culture-loisirs\/2025\/01\/15\/societe-carnavalesque-le-president-daniel-muller-passe-la-main\" target=\"_blank\" rel=\"noopener\">pass\u00e9 le flambeau \u00e0 son fils en d\u00e9but d\u2019ann\u00e9e<\/a> , demeurant toutefois en soutien.<\/p>\n<p>Une vie consacr\u00e9e \u00e0 cette passion festive, au service des autres et de la collectivit\u00e9 qui avait permis de faire du <a href=\"https:\/\/www.republicain-lorrain.fr\/culture-loisirs\/2025\/04\/13\/hagondange-les-plus-belles-images-du-carnaval\" target=\"_blank\" rel=\"noopener\">Carnaval d\u2019Hagondange<\/a> un rendez-vous majeur du genre, bien au-del\u00e0 des limites de la r\u00e9gion.<\/p>\n<p>  Animations spectaculaires<\/p>\n<p>Un rendez-vous marqu\u00e9 par l\u2019inventivit\u00e9 et l\u2019audace de son organisateur en chef : spectacles \u00e9questres, feux d\u2019artifice depuis le toit de la mairie, animations spectaculaires avec des \u00e9l\u00e9phants ou des motards de la police parisienne. Il \u00e9tait \u00e9galement \u00e0 l\u2019origine des Montgolfiades, organis\u00e9es durant 23 ans et des f\u00eates sur l\u2019eau.<\/p>\n<p>Daniel Muller, qui avait un c\u0153ur \u00e9norme, nous quitte apr\u00e8s que celui-ci lui a fait d\u00e9faut, durant son sommeil dans la nuit de samedi \u00e0 dimanche, \u00e0 l\u2019\u00e2ge de 83 ans.<\/p>\n<p>\u00c0 toute sa famille, Le R\u00e9publicain Lorrain pr\u00e9sente ses sinc\u00e8res condol\u00e9ances.<\/p>\n","protected":false},"excerpt":{"rendered":"Pr\u00e9sident fondateur de la soci\u00e9t\u00e9 carnavalesque d\u2019Hagondange et \u00e2me de l\u2019association pendant 41 ans, Daniel Muller s\u2019est \u00e9teint&hellip;\n","protected":false},"author":2,"featured_media":538166,"comment_status":"","ping_status":"","sticky":false,"template":"","format":"standard","meta":{"footnotes":""},"categories":[2820],"tags":[1111,11,9223,20256,1687,5598,1777,674,3326,1011,27,775,65697,1391,12,3456,25,104,640],"class_list":{"0":"post-538165","1":"post","2":"type-post","3":"status-publish","4":"format-standard","5":"has-post-thumbnail","7":"category-strasbourg","8":"tag-actu","9":"tag-actualites","10":"tag-carnet-du-jour","11":"tag-cc-rives-de-moselle-57b","12":"tag-culture-loisirs","13":"tag-edition-metz-et-agglomeration","14":"tag-eu","15":"tag-europe","16":"tag-fete-locale","17":"tag-fr","18":"tag-france","19":"tag-grand-est","20":"tag-hagondange","21":"tag-necrologie","22":"tag-news","23":"tag-region-lorraine","24":"tag-republique-francaise","25":"tag-societe","26":"tag-strasbourg"},"share_on_mastodon":{"url":"https:\/\/pubeurope.com\/@fr\/115559505789588496","error":""},"_links":{"self":[{"href":"https:\/\/www.europesays.com\/fr\/wp-json\/wp\/v2\/posts\/538165","targetHints":{"allow":["GET"]}}],"collection":[{"href":"https:\/\/www.europesays.com\/fr\/wp-json\/wp\/v2\/posts"}],"about":[{"href":"https:\/\/www.europesays.com\/fr\/wp-json\/wp\/v2\/types\/post"}],"author":[{"embeddable":true,"href":"https:\/\/www.europesays.com\/fr\/wp-json\/wp\/v2\/users\/2"}],"replies":[{"embeddable":true,"href":"https:\/\/www.europesays.com\/fr\/wp-json\/wp\/v2\/comments?post=538165"}],"version-history":[{"count":0,"href":"https:\/\/www.europesays.com\/fr\/wp-json\/wp\/v2\/posts\/538165\/revisions"}],"wp:featuredmedia":[{"embeddable":true,"href":"https:\/\/www.europesays.com\/fr\/wp-json\/wp\/v2\/media\/538166"}],"wp:attachment":[{"href":"https:\/\/www.europesays.com\/fr\/wp-json\/wp\/v2\/media?parent=538165"}],"wp:term":[{"taxonomy":"category","embeddable":true,"href":"https:\/\/www.europesays.com\/fr\/wp-json\/wp\/v2\/categories?post=538165"},{"taxonomy":"post_tag","embeddable":true,"href":"https:\/\/www.europesays.com\/fr\/wp-json\/wp\/v2\/tags?post=538165"}],"curies":[{"name":"wp","href":"https:\/\/api.w.org\/{rel}","templated":true}]}}