{"id":538167,"date":"2025-11-16T13:03:12","date_gmt":"2025-11-16T13:03:12","guid":{"rendered":"https:\/\/www.europesays.com\/fr\/538167\/"},"modified":"2025-11-16T13:03:12","modified_gmt":"2025-11-16T13:03:12","slug":"andrea-palat-et-tours-doivent-relativiser-leur-revers-contre-strasbourg-et-vite-tourner-la-page","status":"publish","type":"post","link":"https:\/\/www.europesays.com\/fr\/538167\/","title":{"rendered":"Andrea Palat et Tours doivent relativiser leur revers contre Strasbourg et vite tourner la page"},"content":{"rendered":"<p>Voil\u00e0, la \u00ab\u00a0forteresse\u00a0\u00bb voulue par St\u00e9phane Gros et ses joueurs \u00e0 Tours a c\u00e9d\u00e9. Pour la premi\u00e8re fois cette saison en match officiel, les Remparts se sont inclin\u00e9s samedi soir sur leur glace, <a target=\"_self\" href=\"https:\/\/www.lanouvellerepublique.fr\/tours\/division-1-il-en-a-trop-manque-a-tours-logiquement-battu-par-strasbourg-1763247031\" rel=\"noopener\">face \u00e0 Strasbourg (2-5)<\/a>. Rien de dramatique dans l\u2019absolu, pour des Tourangeaux qui restent sur le podium (3e), mais la tristesse se lisait quand m\u00eame fort logiquement sur les visages apr\u00e8s la sir\u00e8ne finale. \u00ab\u00a0On est d\u00e9\u00e7u et frustr\u00e9, mais je pense que ce soir, Strasbourg a \u00e9t\u00e9 tr\u00e8s bon, relativisait Andrea Palat. On a fait des erreurs qu\u2019on ne fait pas d\u2019habitude, et on a aussi eu moins de r\u00e9ussite. Il y a des jours o\u00f9 c\u2019est plus compliqu\u00e9, c\u2019est comme \u00e7a. Strasbourg m\u00e9rite sa victoire&#8230;. <\/p>\n<p>    Cet article a \u00e9t\u00e9 tronqu\u00e9. Abonnez-vous pour lire l&rsquo;article complet sur notre site.<\/p>\n<p>\u00a0\u00bb<\/p>\n<p style=\"margin: 0 !important; padding: 0 !important; font-size: 12px !important;\">Cet article a \u00e9t\u00e9 tronqu\u00e9. Abonnez-vous pour lire l&rsquo;article complet.<\/p>\n<p>    <a href=\"https:\/\/www.lanouvellerepublique.fr\/abonnements\" style=\"display: inline-block; margin-top: 5px !important; padding: 6px 12px !important; background: #cb1c27; color: white; text-decoration: none; border-radius: 4px; font-size: 12px !important;\" target=\"_blank\" rel=\"noopener\"><br \/>\n      S&rsquo;abonner<br \/>\n    <\/a><\/p>\n","protected":false},"excerpt":{"rendered":"Voil\u00e0, la \u00ab\u00a0forteresse\u00a0\u00bb voulue par St\u00e9phane Gros et ses joueurs \u00e0 Tours a c\u00e9d\u00e9. Pour la premi\u00e8re fois&hellip;\n","protected":false},"author":2,"featured_media":538168,"comment_status":"","ping_status":"","sticky":false,"template":"","format":"standard","meta":{"footnotes":""},"categories":[2820],"tags":[1392,1111,11,1777,674,1011,27,775,4133,1387,12,51935,25,60,640,1390],"class_list":{"0":"post-538167","1":"post","2":"type-post","3":"status-publish","4":"format-standard","5":"has-post-thumbnail","7":"category-strasbourg","8":"tag-a-la-une-local","9":"tag-actu","10":"tag-actualites","11":"tag-eu","12":"tag-europe","13":"tag-fr","14":"tag-france","15":"tag-grand-est","16":"tag-hockey-sur-glace","17":"tag-indre-et-loire","18":"tag-news","19":"tag-remparts-de-tours","20":"tag-republique-francaise","21":"tag-sports","22":"tag-strasbourg","23":"tag-tours"},"share_on_mastodon":{"url":"https:\/\/pubeurope.com\/@fr\/115559517690330269","error":""},"_links":{"self":[{"href":"https:\/\/www.europesays.com\/fr\/wp-json\/wp\/v2\/posts\/538167","targetHints":{"allow":["GET"]}}],"collection":[{"href":"https:\/\/www.europesays.com\/fr\/wp-json\/wp\/v2\/posts"}],"about":[{"href":"https:\/\/www.europesays.com\/fr\/wp-json\/wp\/v2\/types\/post"}],"author":[{"embeddable":true,"href":"https:\/\/www.europesays.com\/fr\/wp-json\/wp\/v2\/users\/2"}],"replies":[{"embeddable":true,"href":"https:\/\/www.europesays.com\/fr\/wp-json\/wp\/v2\/comments?post=538167"}],"version-history":[{"count":0,"href":"https:\/\/www.europesays.com\/fr\/wp-json\/wp\/v2\/posts\/538167\/revisions"}],"wp:featuredmedia":[{"embeddable":true,"href":"https:\/\/www.europesays.com\/fr\/wp-json\/wp\/v2\/media\/538168"}],"wp:attachment":[{"href":"https:\/\/www.europesays.com\/fr\/wp-json\/wp\/v2\/media?parent=538167"}],"wp:term":[{"taxonomy":"category","embeddable":true,"href":"https:\/\/www.europesays.com\/fr\/wp-json\/wp\/v2\/categories?post=538167"},{"taxonomy":"post_tag","embeddable":true,"href":"https:\/\/www.europesays.com\/fr\/wp-json\/wp\/v2\/tags?post=538167"}],"curies":[{"name":"wp","href":"https:\/\/api.w.org\/{rel}","templated":true}]}}