{"id":538183,"date":"2025-11-16T13:19:18","date_gmt":"2025-11-16T13:19:18","guid":{"rendered":"https:\/\/www.europesays.com\/fr\/538183\/"},"modified":"2025-11-16T13:19:18","modified_gmt":"2025-11-16T13:19:18","slug":"le-site-du-commandement-de-la-marine-nationale-vue-imprenable-sur-le-passe-a-marseille","status":"publish","type":"post","link":"https:\/\/www.europesays.com\/fr\/538183\/","title":{"rendered":"Le site du Commandement de la Marine nationale, vue imprenable sur le pass\u00e9 \u00e0 Marseille"},"content":{"rendered":"<p>La mer en pleine face, \u00e0 l&rsquo;entr\u00e9e m\u00eame du port. Le site de la D\u00e9sirade est le mieux appropri\u00e9 pour d\u00e9fendre <a href=\"https:\/\/www.laprovence.com\/region\/Edition-marseille\" target=\"_blank\" rel=\"noopener\">Marseille<\/a>. Il \u00e9tait d\u00e9j\u00e0 r\u00e9pertori\u00e9 comme tel sous <a href=\"https:\/\/www.laprovence.com\/article\/sortie-loisirs\/809674646574314\/une-place-forte-des-hautes-alpes-imaginee-par-vauban-integre-les-plus-beaux-villages-de-france\" target=\"_blank\" rel=\"noopener\">Louis XIV<\/a>. Cet atout s&rsquo;est davantage affirm\u00e9 encore, par la suite, avec un<a href=\"https:\/\/www.laprovence.com\/article\/societe\/11934776458469\/des-bijoux-de-plusieurs-millions-et-une-broche-de-napoleon-en-vente-a-geneve\" target=\"_blank\" rel=\"noopener\"> Napol\u00e9on Ier <\/a>confront\u00e9 au blocus des Anglais.\u00a0<\/p>\n<p>Quand on a l&rsquo;opportunit\u00e9, aujourd&rsquo;hui, d&rsquo;y p\u00e9n\u00e9trer (*), le mur de sout\u00e8nement d&rsquo;une batterie d&rsquo;\u00e9poque se dresse toujours au-dessus des rochers d&rsquo;o\u00f9 semble se d\u00e9tacher le phare des lieux \u00e9rig\u00e9 au d\u00e9but du XXe si\u00e8cle, une p\u00e9riode que son style \u00e9pur\u00e9 refl\u00e8te si bien. D\u00e9di\u00e9 au Commandement de la Marine nationale (Comar) de Marseille, depuis 1977, l&rsquo;endroit s&rsquo;apparente \u00e0 un condens\u00e9 des diff\u00e9rents types de fortifications qui se sont succ\u00e9d\u00e9 au cours des si\u00e8cles pass\u00e9s.<\/p>\n<p>On peut sauter d&rsquo;un temps \u00e0 l&rsquo;autre<\/p>\n<p>Tout autour des b\u00e2timents de l&rsquo;\u00e9tat-major de la marine \u00e0 Marseille, on d\u00e9ambule comme on feuill\u00e8terait les pages d&rsquo;un grand livre de l&rsquo;Histoire militaire locale. Accroch\u00e9 \u00e0 la c\u00f4te, un poste photo\u00e9lectrique constitue un chapitre qui raconte ce malin proc\u00e9d\u00e9 consistant \u00e0 balayer la mer avec un projecteur en guise de guide pour les canons du dessus.\u00a0<\/p>\n<p>De 1900, on peut sauter d&rsquo;un temps \u00e0 l&rsquo;autre et dans le sens qu&#8230;<\/p>\n","protected":false},"excerpt":{"rendered":"La mer en pleine face, \u00e0 l&rsquo;entr\u00e9e m\u00eame du port. Le site de la D\u00e9sirade est le mieux&hellip;\n","protected":false},"author":2,"featured_media":538184,"comment_status":"","ping_status":"","sticky":false,"template":"","format":"standard","meta":{"footnotes":""},"categories":[2814],"tags":[17,1111,11,54925,1777,674,1011,27,65698,2831,6128,884,4361,12,882,25,13269,3356,13373],"class_list":{"0":"post-538183","1":"post","2":"type-post","3":"status-publish","4":"format-standard","5":"has-post-thumbnail","7":"category-marseille","8":"tag-17","9":"tag-actu","10":"tag-actualites","11":"tag-commandement","12":"tag-eu","13":"tag-europe","14":"tag-fr","15":"tag-france","16":"tag-imprenable","17":"tag-loisirs-traditions","18":"tag-marine","19":"tag-marseille","20":"tag-nationale","21":"tag-news","22":"tag-provence-alpes-cote-dazur","23":"tag-republique-francaise","24":"tag-site","25":"tag-sur","26":"tag-vue"},"share_on_mastodon":{"url":"https:\/\/pubeurope.com\/@fr\/115559584461926150","error":""},"_links":{"self":[{"href":"https:\/\/www.europesays.com\/fr\/wp-json\/wp\/v2\/posts\/538183","targetHints":{"allow":["GET"]}}],"collection":[{"href":"https:\/\/www.europesays.com\/fr\/wp-json\/wp\/v2\/posts"}],"about":[{"href":"https:\/\/www.europesays.com\/fr\/wp-json\/wp\/v2\/types\/post"}],"author":[{"embeddable":true,"href":"https:\/\/www.europesays.com\/fr\/wp-json\/wp\/v2\/users\/2"}],"replies":[{"embeddable":true,"href":"https:\/\/www.europesays.com\/fr\/wp-json\/wp\/v2\/comments?post=538183"}],"version-history":[{"count":0,"href":"https:\/\/www.europesays.com\/fr\/wp-json\/wp\/v2\/posts\/538183\/revisions"}],"wp:featuredmedia":[{"embeddable":true,"href":"https:\/\/www.europesays.com\/fr\/wp-json\/wp\/v2\/media\/538184"}],"wp:attachment":[{"href":"https:\/\/www.europesays.com\/fr\/wp-json\/wp\/v2\/media?parent=538183"}],"wp:term":[{"taxonomy":"category","embeddable":true,"href":"https:\/\/www.europesays.com\/fr\/wp-json\/wp\/v2\/categories?post=538183"},{"taxonomy":"post_tag","embeddable":true,"href":"https:\/\/www.europesays.com\/fr\/wp-json\/wp\/v2\/tags?post=538183"}],"curies":[{"name":"wp","href":"https:\/\/api.w.org\/{rel}","templated":true}]}}