{"id":538187,"date":"2025-11-16T13:21:15","date_gmt":"2025-11-16T13:21:15","guid":{"rendered":"https:\/\/www.europesays.com\/fr\/538187\/"},"modified":"2025-11-16T13:21:15","modified_gmt":"2025-11-16T13:21:15","slug":"une-rencontre-secrete-entre-laurent-wauquiez-et-eric-zemmour","status":"publish","type":"post","link":"https:\/\/www.europesays.com\/fr\/538187\/","title":{"rendered":"une rencontre secr\u00e8te entre Laurent Wauquiez et Eric Zemmour"},"content":{"rendered":"<p itemprop=\"description\"><strong>Ce mercredi matin, <a href=\"https:\/\/www.lyonmag.com\/profil-personnalite-lyonnaise\/55\/laurent-wauquiez\" target=\"_blank\" rel=\"noopener\">Laurent Wauquiez<\/a> et Eric Zemmour se sont vus en toute discr\u00e9tion.<\/strong><\/p>\n<p>Une rencontre qui a fuit\u00e9, obligeant les entourages de l&rsquo;ancien pr\u00e9sident de la R\u00e9gion Auvergne-Rh\u00f4ne-Alpes et du pr\u00e9sident du parti Reconqu\u00eate! a confirm\u00e9 l&rsquo;\u00e9change entre les deux hommes politiques.<\/p>\n<p>Laurent Wauquiez et Eric Zemmour ont convers\u00e9 au sujet de la primaire des droites qu&rsquo;ils appellent de leurs voeux.<\/p>\n<p>Pour rappel, le patron des d\u00e9put\u00e9s LR \u00e0 l&rsquo;Assembl\u00e9e avait publiquement pris position pour une primaire allant \u00ab\u00a0de G\u00e9rald Darmanin \u00e0 Sarah Knafo\u00a0\u00bb. <a href=\"https:\/\/www.lyonmag.com\/article\/148046\/lyon-un-dejeuner-entre-gerald-darmanin-et-laurent-wauquiez-2027-et-la-primaire-au-menu\" target=\"_blank\" rel=\"noopener\">LyonMag avait ensuite r\u00e9v\u00e9l\u00e9<\/a> que Laurent Wauquiez avait profit\u00e9 du d\u00e9placement \u00e0 Lyon du ministre de la Justice pour le voir \u00a0dans une brasserie des Brotteaux le 6 novembre.<\/p>\n<p>\u00ab\u00a0Chiche\u00a0\u00bb avait r\u00e9pondu Eric Zemmour \u00e0 ce voeu de l&rsquo;Altilig\u00e9rien.<\/p>\n<p>Apr\u00e8s cette nouvelle rencontre d&rsquo;une personnalit\u00e9 pouvant prendre part \u00e0 la primaire, la balle est entre les mains de Bruno Retailleau. Le pr\u00e9sident des R\u00e9publicains a d\u00e9j\u00e0 annonc\u00e9 vouloir attendre les \u00e9lections municipales 2026 pour laisser les adh\u00e9rents LR trancher la question.<\/p>\n","protected":false},"excerpt":{"rendered":"Ce mercredi matin, Laurent Wauquiez et Eric Zemmour se sont vus en toute discr\u00e9tion. Une rencontre qui a&hellip;\n","protected":false},"author":2,"featured_media":538188,"comment_status":"","ping_status":"","sticky":false,"template":"","format":"standard","meta":{"footnotes":""},"categories":[1889],"tags":[1111,11,2813,2190,2430,1109,251,1112,2811,1777,674,118,1011,27,1922,1110,1114,2428,2810,12,241,316,25,2812,517,800],"class_list":{"0":"post-538187","1":"post","2":"type-post","3":"status-publish","4":"format-standard","5":"has-post-thumbnail","7":"category-lyon","8":"tag-actu","9":"tag-actualites","10":"tag-article","11":"tag-asvel","12":"tag-auvergne-rhone-alpes","13":"tag-breves","14":"tag-culture","15":"tag-depeches","16":"tag-economique","17":"tag-eu","18":"tag-europe","19":"tag-faits-divers","20":"tag-fr","21":"tag-france","22":"tag-info","23":"tag-informations","24":"tag-infos","25":"tag-lyon","26":"tag-lyonmag","27":"tag-news","28":"tag-ol","29":"tag-politique","30":"tag-republique-francaise","31":"tag-sociale","32":"tag-sport","33":"tag-transports"},"share_on_mastodon":{"url":"","error":""},"_links":{"self":[{"href":"https:\/\/www.europesays.com\/fr\/wp-json\/wp\/v2\/posts\/538187","targetHints":{"allow":["GET"]}}],"collection":[{"href":"https:\/\/www.europesays.com\/fr\/wp-json\/wp\/v2\/posts"}],"about":[{"href":"https:\/\/www.europesays.com\/fr\/wp-json\/wp\/v2\/types\/post"}],"author":[{"embeddable":true,"href":"https:\/\/www.europesays.com\/fr\/wp-json\/wp\/v2\/users\/2"}],"replies":[{"embeddable":true,"href":"https:\/\/www.europesays.com\/fr\/wp-json\/wp\/v2\/comments?post=538187"}],"version-history":[{"count":0,"href":"https:\/\/www.europesays.com\/fr\/wp-json\/wp\/v2\/posts\/538187\/revisions"}],"wp:featuredmedia":[{"embeddable":true,"href":"https:\/\/www.europesays.com\/fr\/wp-json\/wp\/v2\/media\/538188"}],"wp:attachment":[{"href":"https:\/\/www.europesays.com\/fr\/wp-json\/wp\/v2\/media?parent=538187"}],"wp:term":[{"taxonomy":"category","embeddable":true,"href":"https:\/\/www.europesays.com\/fr\/wp-json\/wp\/v2\/categories?post=538187"},{"taxonomy":"post_tag","embeddable":true,"href":"https:\/\/www.europesays.com\/fr\/wp-json\/wp\/v2\/tags?post=538187"}],"curies":[{"name":"wp","href":"https:\/\/api.w.org\/{rel}","templated":true}]}}