{"id":538189,"date":"2025-11-16T13:22:15","date_gmt":"2025-11-16T13:22:15","guid":{"rendered":"https:\/\/www.europesays.com\/fr\/538189\/"},"modified":"2025-11-16T13:22:15","modified_gmt":"2025-11-16T13:22:15","slug":"ces-maires-qui-rempilent-dans-les-arrondissements-pour-le-camp-de-la-gauche-et-des-ecologistes","status":"publish","type":"post","link":"https:\/\/www.europesays.com\/fr\/538189\/","title":{"rendered":"ces maires qui rempilent dans les arrondissements pour le camp de la gauche et des \u00e9cologistes"},"content":{"rendered":"<p>L\u2019annonce des t\u00eates de liste continue dans le camp de la gauche et des \u00e9cologistes pour les municipales 2026, au niveau des arrondissements. Apr\u00e8s Marion Sessiecq, maire du 3e qui sera t\u00eate de liste dans le 3e, sont officialis\u00e9s sans surprise, Fanny Dubot, maire sortante pour le 7e, Olivier Berzane, maire sortant pour le 8e et Yasmine Bouagga, maire sortante dans le 1er.<\/p>\n<p>Trois \u00e9cologistes suppl\u00e9mentaires dans trois arrondissements de plus. Et cette question en arri\u00e8re plan : o\u00f9 les partenaires de gauche, le PS en t\u00eate, porteront-ils une liste ?<\/p>\n<p>  Quid du 4e\u00a0et du 5e\u00a0?<\/p>\n<p>On attend encore le lancement de campagne de <a href=\"https:\/\/www.leprogres.fr\/economie\/2025\/10\/15\/sur-les-travaux-de-la-rue-smith-valentin-lungenstrass-recadre-pierre-oliver-et-l-accuse-de-mentir\" target=\"_blank\" rel=\"noopener\">Valentin Lungenstrass<\/a> dans le 2e. Dans le 9e, la maire sortante, Anne Braibant ne devrait pas repartir, de quoi laisser la place aux partenaires de gauche.<\/p>\n<p>Quid du 4e et du 5e\u00a0? Selon nos informations, les maires sortants, R\u00e9mi Zinck et Nadine Georgel, aimeraient bien rempiler m\u00eame si l\u2019on sait aussi qu\u2019Alexandre Chevalier (Place publique) louchait sur la mairie de la Croix-Rousse. Inconnue aussi dans le 6e, r\u00e9put\u00e9 bastion de la droite.<\/p>\n<p class=\"note\">Lancement\u00a0: dans le 7e, le 24\u00a0novembre, 19\u00a0h, au Jeu de Paume. dans le 1er, le 26\u00a0novembre, 19\u00a0h, aux Halles de la Martini\u00e8re. Dans le 8e, le 27\u00a0novembre, 19\u00a0h, au bar Le Santy.<\/p>\n","protected":false},"excerpt":{"rendered":"L\u2019annonce des t\u00eates de liste continue dans le camp de la gauche et des \u00e9cologistes pour les municipales&hellip;\n","protected":false},"author":2,"featured_media":538190,"comment_status":"","ping_status":"","sticky":false,"template":"","format":"standard","meta":{"footnotes":""},"categories":[1889],"tags":[1111,11,2430,2757,4188,436,1777,674,6757,107,1011,27,937,3539,6319,2428,2756,12,3541,316,25,801,104],"class_list":{"0":"post-538189","1":"post","2":"type-post","3":"status-publish","4":"format-standard","5":"has-post-thumbnail","7":"category-lyon","8":"tag-actu","9":"tag-actualites","10":"tag-auvergne-rhone-alpes","11":"tag-edition-lyon-villeurbanne","12":"tag-elections-municipales","13":"tag-environnement","14":"tag-eu","15":"tag-europe","16":"tag-feminisme","17":"tag-fil-info","18":"tag-fr","19":"tag-france","20":"tag-histoire","21":"tag-les-ecologistes","22":"tag-les-republicains","23":"tag-lyon","24":"tag-lyon-bassin","25":"tag-news","26":"tag-parti-socialiste","27":"tag-politique","28":"tag-republique-francaise","29":"tag-social","30":"tag-societe"},"share_on_mastodon":{"url":"https:\/\/pubeurope.com\/@fr\/115559592305550768","error":""},"_links":{"self":[{"href":"https:\/\/www.europesays.com\/fr\/wp-json\/wp\/v2\/posts\/538189","targetHints":{"allow":["GET"]}}],"collection":[{"href":"https:\/\/www.europesays.com\/fr\/wp-json\/wp\/v2\/posts"}],"about":[{"href":"https:\/\/www.europesays.com\/fr\/wp-json\/wp\/v2\/types\/post"}],"author":[{"embeddable":true,"href":"https:\/\/www.europesays.com\/fr\/wp-json\/wp\/v2\/users\/2"}],"replies":[{"embeddable":true,"href":"https:\/\/www.europesays.com\/fr\/wp-json\/wp\/v2\/comments?post=538189"}],"version-history":[{"count":0,"href":"https:\/\/www.europesays.com\/fr\/wp-json\/wp\/v2\/posts\/538189\/revisions"}],"wp:featuredmedia":[{"embeddable":true,"href":"https:\/\/www.europesays.com\/fr\/wp-json\/wp\/v2\/media\/538190"}],"wp:attachment":[{"href":"https:\/\/www.europesays.com\/fr\/wp-json\/wp\/v2\/media?parent=538189"}],"wp:term":[{"taxonomy":"category","embeddable":true,"href":"https:\/\/www.europesays.com\/fr\/wp-json\/wp\/v2\/categories?post=538189"},{"taxonomy":"post_tag","embeddable":true,"href":"https:\/\/www.europesays.com\/fr\/wp-json\/wp\/v2\/tags?post=538189"}],"curies":[{"name":"wp","href":"https:\/\/api.w.org\/{rel}","templated":true}]}}