{"id":53819,"date":"2025-04-26T07:26:12","date_gmt":"2025-04-26T07:26:12","guid":{"rendered":"https:\/\/www.europesays.com\/fr\/53819\/"},"modified":"2025-04-26T07:26:12","modified_gmt":"2025-04-26T07:26:12","slug":"bouguenais-a-la-rencontre-de-lart-rupestre-et-des-dessinateurs","status":"publish","type":"post","link":"https:\/\/www.europesays.com\/fr\/53819\/","title":{"rendered":"Bouguenais. \u00c0 la rencontre de l\u2019art rupestre et des dessinateurs"},"content":{"rendered":"<p>Ce samedi, le cin\u00e9ma Beaulieu met \u00e0 l\u2019affiche le documentaire de Marc Az\u00e9ma, Rupestres, qui sera suivi d\u2019un \u00e9change avec les deux auteurs et dessinateurs de la bande dessin\u00e9e, Pascal Rabat\u00e9 et \u00c9tienne Davodeau.<\/p>\n<p>Le film relate l\u2019exp\u00e9rience unique qu\u2019ont v\u00e9cue, en 2022, sept dessinateurs et une dessinatrice de bande dessin\u00e9e. Pendant dix\u00a0jours, ils se sont retrouv\u00e9s dans la peau des artistes de la pr\u00e9histoire. Ils ont donn\u00e9 libre cours \u00e0 leur imagination dans une petite grotte transform\u00e9e en champignonni\u00e8re, dans le Lot.<\/p>\n<p>Ils ont utilis\u00e9 les techniques et les gestes de leurs anc\u00eatres pal\u00e9olithiques qui ont orn\u00e9 la grotte du Pech Merle, tout pr\u00e8s de l\u00e0. Cette exp\u00e9rience d\u2019art pari\u00e9tal contemporaine questionne les origines de l\u2019art et s\u2019av\u00e8re riche d\u2019enseignements et de surprises.<\/p>\n<p>\u00c9tienne Davodeau, connu du monde de la BD, observateur de sa vie et de celle des gens dans Mauvaises gens, Lulu femme nue ou Rural, a souhait\u00e9 participer \u00e0 l\u2019aventure de Rupestres\u00a0; comme Pascal Rabat\u00e9, auteur du film Les petits ruisseaux (2010, avec Daniel Pr\u00e9vost, Philippe Nahon et Bulle Ogier), mais aussi de nombreux albums\u00a0: Exode, Les amants de Lucie et Vacances, vacances, partageant son temps entre cin\u00e9ma et crayons.<\/p>\n<p>Ce samedi, \u00e0 20\u00a0h\u00a030, au cin\u00e9ma Beaulieu. Projection, vente et d\u00e9dicaces de bandes dessin\u00e9es en partenariat avec la librairie Aladin.<\/p>\n<p>\u00a0<\/p>\n","protected":false},"excerpt":{"rendered":"Ce samedi, le cin\u00e9ma Beaulieu met \u00e0 l\u2019affiche le documentaire de Marc Az\u00e9ma, Rupestres, qui sera suivi d\u2019un&hellip;\n","protected":false},"author":2,"featured_media":53820,"comment_status":"","ping_status":"","sticky":false,"template":"","format":"standard","meta":{"footnotes":""},"categories":[2818],"tags":[1111,11,3734,5173,14794,1777,674,1011,27,766,12,2636,5486,25,14793],"class_list":{"0":"post-53819","1":"post","2":"type-post","3":"status-publish","4":"format-standard","5":"has-post-thumbnail","7":"category-nantes","8":"tag-actu","9":"tag-actualites","10":"tag-art","11":"tag-bouguenais","12":"tag-dessinateurs","13":"tag-eu","14":"tag-europe","15":"tag-fr","16":"tag-france","17":"tag-nantes","18":"tag-news","19":"tag-pays-de-la-loire","20":"tag-rencontre","21":"tag-republique-francaise","22":"tag-rupestre"},"share_on_mastodon":{"url":"https:\/\/pubeurope.com\/@fr\/114403081245795075","error":""},"_links":{"self":[{"href":"https:\/\/www.europesays.com\/fr\/wp-json\/wp\/v2\/posts\/53819","targetHints":{"allow":["GET"]}}],"collection":[{"href":"https:\/\/www.europesays.com\/fr\/wp-json\/wp\/v2\/posts"}],"about":[{"href":"https:\/\/www.europesays.com\/fr\/wp-json\/wp\/v2\/types\/post"}],"author":[{"embeddable":true,"href":"https:\/\/www.europesays.com\/fr\/wp-json\/wp\/v2\/users\/2"}],"replies":[{"embeddable":true,"href":"https:\/\/www.europesays.com\/fr\/wp-json\/wp\/v2\/comments?post=53819"}],"version-history":[{"count":0,"href":"https:\/\/www.europesays.com\/fr\/wp-json\/wp\/v2\/posts\/53819\/revisions"}],"wp:featuredmedia":[{"embeddable":true,"href":"https:\/\/www.europesays.com\/fr\/wp-json\/wp\/v2\/media\/53820"}],"wp:attachment":[{"href":"https:\/\/www.europesays.com\/fr\/wp-json\/wp\/v2\/media?parent=53819"}],"wp:term":[{"taxonomy":"category","embeddable":true,"href":"https:\/\/www.europesays.com\/fr\/wp-json\/wp\/v2\/categories?post=53819"},{"taxonomy":"post_tag","embeddable":true,"href":"https:\/\/www.europesays.com\/fr\/wp-json\/wp\/v2\/tags?post=53819"}],"curies":[{"name":"wp","href":"https:\/\/api.w.org\/{rel}","templated":true}]}}