{"id":538193,"date":"2025-11-16T13:29:15","date_gmt":"2025-11-16T13:29:15","guid":{"rendered":"https:\/\/www.europesays.com\/fr\/538193\/"},"modified":"2025-11-16T13:29:15","modified_gmt":"2025-11-16T13:29:15","slug":"le-venezuela-libere-le-francais-camilo-castro-en-route-vers-paris-actualites","status":"publish","type":"post","link":"https:\/\/www.europesays.com\/fr\/538193\/","title":{"rendered":"Le Venezuela lib\u00e8re le Fran\u00e7ais Camilo Castro, en route vers Paris : Actualit\u00e9s"},"content":{"rendered":"<p class=\"lead \">Apr\u00e8s les sorties de prison de C\u00e9cile Kohler et Jacques Paris en Iran et la gr\u00e2ce de l&rsquo;\u00e9crivain Boualem Sansal en Alg\u00e9rie, un Fran\u00e7ais d\u00e9tenu au Venezuela depuis fin juin, Camilo Castro, a \u00e9t\u00e9 lib\u00e9r\u00e9 et est attendu \u00e0 Paris dimanche dans l&rsquo;apr\u00e8s-midi.<\/p>\n<p class=\"lead \">\u00ab\u00a0Camilo Castro est libre. Je partage le soulagement de ses proches et remercie tous ceux qui ont \u0153uvr\u00e9 \u00e0 sa lib\u00e9ration\u00a0\u00bb, a annonc\u00e9 dimanche matin sur X le pr\u00e9sident Emmanuel Macron, assurant que \u00ab\u00a0la France avance parfois sans bruit, mais toujours avec d\u00e9termination et sang-froid\u00a0\u00bb.<\/p>\n<p class=\"lead \">\u00ab\u00a0On ne peut pas se repr\u00e9senter (l&rsquo;\u00e9motion que cela repr\u00e9sente, NDLR) par rapport \u00e0 toutes les joies qu&rsquo;on a dans la vie, toutes les bonnes surprises, tous les soulagements\u00a0\u00bb, a r\u00e9agi \u00e0 l&rsquo;AFP la m\u00e8re de M. Castro, H\u00e9l\u00e8ne Boursier.<\/p>\n<p class=\"lead \">Professeur de yoga de 41 ans, Camilo Castro avait disparu le 26 juin au poste-fronti\u00e8re de Paraguachon, s\u00e9parant le Venezuela de la Colombie, o\u00f9 il r\u00e9side. Il s&rsquo;y \u00e9tait rendu pour renouveler son visa de s\u00e9jour colombien, selon sa famille, avant de dispara\u00eetre.<\/p>\n<p class=\"lead \">Les autorit\u00e9s v\u00e9n\u00e9zu\u00e9liennes ont tard\u00e9 \u00e0 reconna\u00eetre qu&rsquo;elles le d\u00e9tenaient et n&rsquo;ont jamais communiqu\u00e9 le motif de son arrestation.<\/p>\n<p class=\"lead \">Son beau-p\u00e8re, Yves Guibert, qui a eu Camilo Castro au t\u00e9l\u00e9phone apr\u00e8s sa lib\u00e9ration quand il \u00e9tait \u00e0 l&rsquo;ambassade de France \u00e0 Caracas, a confi\u00e9 qu&rsquo;il \u00ab\u00a0\u00e9tait extr\u00eamement heureux d&rsquo;\u00eatre sorti, un peu surexcit\u00e9 et en m\u00eame temps encore dans une forme d&rsquo;inqui\u00e9tude tant qu&rsquo;il n&rsquo;avait pas quitt\u00e9 le territoire du Venezuela\u00a0\u00bb.<\/p>\n<p class=\"lead \">Camilo Castro est \u00ab\u00a0dans l&rsquo;avion qui le ram\u00e8ne en France\u00a0\u00bb, a indiqu\u00e9 le ministre des Affaires \u00e9trang\u00e8res Jean-No\u00ebl Barrot sur X.<\/p>\n<p class=\"lead \">Il n&rsquo;y a eu \u00ab\u00a0aucune contrepartie\u00a0\u00bb pour sa lib\u00e9ration, a-t-il assur\u00e9 sur France Inter et FranceinfoTV, ajoutant que M. Castro avait fait les frais \u00ab\u00a0d&rsquo;accusations sans fondements\u00a0\u00bb.<\/p>\n<p class=\"lead \">\u00ab\u00a0Je salue le geste des autorit\u00e9s v\u00e9n\u00e9zu\u00e9liennes. Je remercie tout particuli\u00e8rement mes homologues br\u00e9siliens et mexicains qui ont pass\u00e9 un certain nombre de messages en lien \u00e9troit avec moi\u00a0\u00bb, a-t-il ajout\u00e9.<\/p>\n<p class=\"lead \">Ce succ\u00e8s pour la diplomatie fran\u00e7aise survient apr\u00e8s la sortie de prison, le 4 novembre, de C\u00e9cile Kohler et Jacques Paris, deux Fran\u00e7ais d\u00e9tenus en Iran depuis trois ans et d\u00e9sormais h\u00e9berg\u00e9s \u00e0 l&rsquo;ambassade de France \u00e0 Iran, et la gr\u00e2ce obtenue le 12 novembre par l&rsquo;Allemagne de l&rsquo;\u00e9crivain franco-alg\u00e9rien Boualem Sansal, incarc\u00e9r\u00e9 pendant un an par l&rsquo;Alg\u00e9rie et d\u00e9sormais soign\u00e9 en Allemagne.<\/p>\n<p class=\"lead \">&#8211; Tensions r\u00e9gionales &#8211;<\/p>\n<p class=\"lead \">Camilo Castro a indiqu\u00e9 vouloir que \u00ab\u00a0la lutte continue pour ses co-d\u00e9tenus, parce qu&rsquo;il y a des personnes de toutes nationalit\u00e9s qui sont encore l\u00e0-bas\u00a0\u00bb, selon Thierry Galvez, coresponsable d&rsquo;Amnesty International Midi-Pyr\u00e9n\u00e9es o\u00f9 est install\u00e9 sa famille.<\/p>\n<p class=\"lead \">\u00ab\u00a0Ce n&rsquo;est pas parce que pour nous \u00e7a se termine bien qu&rsquo;on va s&rsquo;arr\u00eater l\u00e0. On pense aux autres, on ne va pas les oublier\u00a0\u00bb, a martel\u00e9 sa m\u00e8re, militante de longue date d&rsquo;Amnesty International.<\/p>\n<p class=\"lead \">Le Venezuela est consid\u00e9r\u00e9 comme un pays ayant recours \u00e0 la pratique de la \u00ab\u00a0diplomatie des otages\u00a0\u00bb, \u00e0 l&rsquo;instar notamment de l&rsquo;Iran, arr\u00eatant des ressortissants \u00e9trangers utilis\u00e9s ensuite comme levier de n\u00e9gociation. <\/p>\n<p class=\"lead \">Cette lib\u00e9ration intervient dans un contexte de vives tensions entre le Venezuela et les Etats-Unis.<\/p>\n<p class=\"lead \">Washington m\u00e8ne depuis septembre des frappes a\u00e9riennes au large de l&rsquo;Am\u00e9rique latine contre des navires pr\u00e9sent\u00e9s, sans preuve, comme appartenant \u00e0 des trafiquants de drogue et ont promis une r\u00e9compense pour la capture du pr\u00e9sident v\u00e9n\u00e9zu\u00e9lien Nicolas Maduro. Les frappes am\u00e9ricaines ont coul\u00e9 au moins 21 navires dans les eaux internationales et fait au moins 80 morts.<\/p>\n<p class=\"lead \">Selon Caracas, Washington utilise la lutte antidrogue comme pr\u00e9texte pour imposer un changement de gouvernement \u00e0 la t\u00eate du Venezuela et s&#8217;emparer du p\u00e9trole du pays.<\/p>\n<p class=\"lead \">Dans un rapport publi\u00e9 mi-juillet, Amnesty International a de son c\u00f4t\u00e9 d\u00e9nonc\u00e9 la politique de \u00ab\u00a0disparitions forc\u00e9es\u00a0\u00bb men\u00e9e par le pouvoir v\u00e9n\u00e9zu\u00e9lien contre des opposants et des ressortissants \u00e9trangers depuis la r\u00e9\u00e9lection de Nicolas Maduro.<\/p>\n<p class=\"lead \">\u00ab\u00a0Les autorit\u00e9s v\u00e9n\u00e9zu\u00e9liennes semblent utiliser cette pratique pour justifier leurs r\u00e9cits sur les +conspirations \u00e9trang\u00e8res+ et comme monnaie d&rsquo;\u00e9change dans les n\u00e9gociations avec d&rsquo;autres pays\u00a0\u00bb, avait accus\u00e9 l&rsquo;ONG de d\u00e9fense des droits humains.<\/p>\n<p class=\"small font-weight-bold text-gray3 \"> publi\u00e9 le 16 novembre \u00e0 14h19, AFP<\/p>\n<p>                             Partager<\/p>\n","protected":false},"excerpt":{"rendered":"Apr\u00e8s les sorties de prison de C\u00e9cile Kohler et Jacques Paris en Iran et la gr\u00e2ce de l&rsquo;\u00e9crivain&hellip;\n","protected":false},"author":2,"featured_media":538194,"comment_status":"","ping_status":"","sticky":false,"template":"","format":"standard","meta":{"footnotes":""},"categories":[1888],"tags":[1111,1928,11,1927,9395,312,19279,1777,674,1011,27,418,12,1926,626,1925,806,25,337],"class_list":{"0":"post-538193","1":"post","2":"type-post","3":"status-publish","4":"format-standard","5":"has-post-thumbnail","7":"category-paris","8":"tag-actu","9":"tag-actu-paris","10":"tag-actualites","11":"tag-actualites-paris","12":"tag-colombie","13":"tag-diplomatie","14":"tag-droitshumains","15":"tag-eu","16":"tag-europe","17":"tag-fr","18":"tag-france","19":"tag-gouvernement","20":"tag-news","21":"tag-news-paris","22":"tag-paris","23":"tag-paris-news","24":"tag-prison","25":"tag-republique-francaise","26":"tag-venezuela"},"share_on_mastodon":{"url":"https:\/\/pubeurope.com\/@fr\/115559620370181670","error":""},"_links":{"self":[{"href":"https:\/\/www.europesays.com\/fr\/wp-json\/wp\/v2\/posts\/538193","targetHints":{"allow":["GET"]}}],"collection":[{"href":"https:\/\/www.europesays.com\/fr\/wp-json\/wp\/v2\/posts"}],"about":[{"href":"https:\/\/www.europesays.com\/fr\/wp-json\/wp\/v2\/types\/post"}],"author":[{"embeddable":true,"href":"https:\/\/www.europesays.com\/fr\/wp-json\/wp\/v2\/users\/2"}],"replies":[{"embeddable":true,"href":"https:\/\/www.europesays.com\/fr\/wp-json\/wp\/v2\/comments?post=538193"}],"version-history":[{"count":0,"href":"https:\/\/www.europesays.com\/fr\/wp-json\/wp\/v2\/posts\/538193\/revisions"}],"wp:featuredmedia":[{"embeddable":true,"href":"https:\/\/www.europesays.com\/fr\/wp-json\/wp\/v2\/media\/538194"}],"wp:attachment":[{"href":"https:\/\/www.europesays.com\/fr\/wp-json\/wp\/v2\/media?parent=538193"}],"wp:term":[{"taxonomy":"category","embeddable":true,"href":"https:\/\/www.europesays.com\/fr\/wp-json\/wp\/v2\/categories?post=538193"},{"taxonomy":"post_tag","embeddable":true,"href":"https:\/\/www.europesays.com\/fr\/wp-json\/wp\/v2\/tags?post=538193"}],"curies":[{"name":"wp","href":"https:\/\/api.w.org\/{rel}","templated":true}]}}