{"id":538207,"date":"2025-11-16T13:42:12","date_gmt":"2025-11-16T13:42:12","guid":{"rendered":"https:\/\/www.europesays.com\/fr\/538207\/"},"modified":"2025-11-16T13:42:12","modified_gmt":"2025-11-16T13:42:12","slug":"royaume-uni-ce-que-lon-sait-de-la-vaste-reforme-pour-limiter-les-arrivees-de-migrants-annoncee-par-londres","status":"publish","type":"post","link":"https:\/\/www.europesays.com\/fr\/538207\/","title":{"rendered":"Royaume-Uni. Ce que l&rsquo;on sait de la vaste r\u00e9forme pour limiter les arriv\u00e9es de migrants annonc\u00e9e par Londres"},"content":{"rendered":"<p>Le gouvernement britannique a annonc\u00e9 samedi soir qu&rsquo;il allait prendre des mesures \u00ab historiques \u00bb pour limiter les arriv\u00e9es de migrants au Royaume-Uni et contrer la mont\u00e9e du parti anti-immigration de Nigel Farage. Deux mesures phares ont \u00e9t\u00e9 annonc\u00e9es par des communiqu\u00e9s du minist\u00e8re de l&rsquo;int\u00e9rieur Shabana Mahmood, en attendant la pr\u00e9sentation de son plan d\u00e9taill\u00e9 pr\u00e9vue devant le Parlement lundi. On fait le point.<\/p>\n<p>R\u00e9duire la protection sociale<\/p>\n<p>Le gouvernement va d&rsquo;abord r\u00e9duire la protection accord\u00e9e aux r\u00e9fugi\u00e9s, qui seront \u00ab forc\u00e9s de rentrer dans leur pays d&rsquo;origine d\u00e8s qu&rsquo;il sera jug\u00e9 s\u00fbr \u00bb. \u00ab Un \u00ab\u00a0billet en or\u00a0\u00bb a fait grimper les demandes d&rsquo;asile au Royaume-Uni, poussant les gens \u00e0 traverser l&rsquo;Europe, via des pays s\u00fbrs, pour monter \u00e0 bord d&#8217;embarcations de fortune \u00bb, a indiqu\u00e9 la ministre. \u00ab Je vais mettre fin \u00e0 ce ticket en or \u00bb.<\/p>\n<p>\u00ab Gr\u00e2ce \u00e0 des conditions bien plus g\u00e9n\u00e9reuses au Royaume-Uni \u00bb, les r\u00e9fugi\u00e9s peuvent actuellement demander \u00e0 s&rsquo;installer d\u00e9finitivement, sans frais, apr\u00e8s cinq ans au Royaume-Uni, \u00ab sans avoir contribu\u00e9 \u00bb au pays, a soulign\u00e9 son minist\u00e8re. Le nouveau syst\u00e8me r\u00e9duira la dur\u00e9e de leur s\u00e9jour de cinq ans \u00e0 30 mois, et multipliera par quatre, de cinq \u00e0 20 ans, le d\u00e9lai n\u00e9cessaire pour demander \u00e0 devenir r\u00e9sident permanent, a-t-il pr\u00e9cis\u00e9. <br \/>Les r\u00e9fugi\u00e9s qui souhaitent devenir r\u00e9sidents permanents plus vite \u00ab devront travailler ou \u00e9tudier \u00bb, a-t-il encore ajout\u00e9.<\/p>\n<p>Suppression de l&rsquo;acc\u00e8s automatique aux aides sociales<\/p>\n<p>L&rsquo;autre mesure phare est la suppression de l&rsquo;acc\u00e8s automatique aux aides sociales \u2013 logement, allocations financi\u00e8res \u2013 pour les demandeurs d&rsquo;asile. Le gouvernement veut supprimer ces aides \u00ab pour ceux qui ont le droit de travailler et qui peuvent subvenir \u00e0 leurs besoins, mais choisissent de ne pas le faire, ou pour ceux qui enfreignent la loi \u00bb, selon le communiqu\u00e9.<\/p>\n<p>Arriv\u00e9 au pouvoir en juillet 2024, le gouvernement de <a href=\"https:\/\/www.ledauphine.com\/p\/keir-starmer\" target=\"_blank\" rel=\"nofollow noopener\">Keir Starmer<\/a> est <a href=\"https:\/\/www.ledauphine.com\/politique\/2025\/09\/28\/de-plus-en-plus-conteste-keir-starmer-attendu-de-pied-ferme-au-congres-du-parti-travailliste\" target=\"_blank\" rel=\"nofollow noopener\">sous pression quasi-quotidienne<\/a> pour freiner les arriv\u00e9es de migrants et restreindre leurs droits. Depuis plusieurs mois, il est largement devanc\u00e9 dans les sondages par le parti Reform de Nigel Farage, qui a fait de <a href=\"https:\/\/www.ledauphine.com\/faits-divers-justice\/2025\/09\/04\/manifestations-anti-migrants-pourquoi-l-hebergement-des-refugies-provoque-une-colere-jamais-vue\" target=\"_blank\" rel=\"nofollow noopener\">la question des migrants<\/a> son sujet principal.<\/p>\n<p>Un mod\u00e8le inspir\u00e9 de l&rsquo;exemple danois<\/p>\n<p>Le minist\u00e8re a soulign\u00e9 s&rsquo;\u00eatre inspir\u00e9 de l&rsquo;exemple danois pour ces r\u00e9formes. Ce pays scandinave de 6 millions d&rsquo;habitants, dirig\u00e9 par les sociaux-d\u00e9mocrates depuis 2019, d\u00e9fend une politique stricte en mati\u00e8re de droit d&rsquo;asile. <br \/>Les r\u00e9fugi\u00e9s y obtiennent ainsi un permis de s\u00e9jour, g\u00e9n\u00e9ralement de deux ans renouvelable, mais sont encourag\u00e9s \u00e0 prendre le chemin du retour d\u00e8s que les autorit\u00e9s estiment que le besoin de protection a disparu.<\/p>\n<p>Le regroupement familial y est aussi soumis \u00e0 des exigences strictes, dont des tests de langue pour les nouveaux arrivants. Au Royaume-Uni, la restriction de la protection des r\u00e9fugi\u00e9s \u00e9tait une mesure jusqu&rsquo;ici d\u00e9fendue par Nigel Farage, qui avait annonc\u00e9 qu&rsquo;en cas d&rsquo;arriv\u00e9e au pouvoir, il obligerait les migrants \u2013 y compris ceux d\u00e9j\u00e0 r\u00e9gularis\u00e9s \u2013 \u00e0 demander un visa tous les cinq ans. Mais la gauche du parti travailliste s&rsquo;\u00e9tait dite oppos\u00e9e \u00e0 de telles restrictions, et avait pr\u00e9venu que le parti, au plus bas dans les sondages, y perdrait de nombreux \u00e9lecteurs.<\/p>\n<p class=\"insetTitle\">La r\u00e9forme britannique r\u00e9pond \u00e0 une \u00ab attente \u00bb de ses voisins europ\u00e9ens, affirme Paris<\/p>\n<p>La r\u00e9forme annonc\u00e9e par le gouvernement britannique r\u00e9pond \u00ab aux attentes \u00bb de ses voisins europ\u00e9ens, a affirm\u00e9 ce dimanche le chef de la diplomatie fran\u00e7aise <a href=\"https:\/\/www.ledauphine.com\/p\/jean-noel-barrot\" target=\"_blank\" rel=\"nofollow noopener\">Jean-No\u00ebl Barrot<\/a>.\u00a0<\/p>\n<p>\u00ab Je ne suis pas \u00e9tonn\u00e9 que le gouvernement britannique prenne des mesures pour durcir, en quelque sorte, les conditions d&rsquo;accueil, parce que c&rsquo;est aussi ce que les pays europ\u00e9ens avaient exprim\u00e9 comme attente vis-\u00e0-vis du gouvernement britannique \u00bb, a-t-il d\u00e9clar\u00e9 lors d&rsquo;un entretien avec les m\u00e9dias France Inter, franceinfo TV et Le Monde.<\/p>\n<p>\u00ab Si autant de r\u00e9fugi\u00e9s et de demandeurs d&rsquo;asile vont se fixer \u00e0 Calais en esp\u00e9rant d\u00e9sesp\u00e9r\u00e9ment traverser la Manche au p\u00e9ril de leur vie pour entrer au Royaume-Uni, c&rsquo;est notamment parce que les conditions d&rsquo;accueil (y) sont plus permissives \u00bb, a-t-il plaid\u00e9, tout en reconnaissant qu&rsquo;il n&rsquo;avait \u00ab pas regard\u00e9 le d\u00e9tail du plan \u00bb.<\/p>\n","protected":false},"excerpt":{"rendered":"Le gouvernement britannique a annonc\u00e9 samedi soir qu&rsquo;il allait prendre des mesures \u00ab historiques \u00bb pour limiter les&hellip;\n","protected":false},"author":2,"featured_media":538208,"comment_status":"","ping_status":"","sticky":false,"template":"","format":"standard","meta":{"footnotes":""},"categories":[1588],"tags":[11,1777,674,107,329,1061,12,316,473,1853,104,1851,1850,1852],"class_list":{"0":"post-538207","1":"post","2":"type-post","3":"status-publish","4":"format-standard","5":"has-post-thumbnail","7":"category-royaume-uni","8":"tag-actualites","9":"tag-eu","10":"tag-europe","11":"tag-fil-info","12":"tag-france-monde","13":"tag-immigration","14":"tag-news","15":"tag-politique","16":"tag-royaume-uni","17":"tag-royaume-uni-de-grande-bretagne-et-dirlande-du-nord","18":"tag-societe","19":"tag-uk","20":"tag-united-kingdom","21":"tag-united-kingdom-of-great-britain-and-northern-ireland"},"share_on_mastodon":{"url":"https:\/\/pubeurope.com\/@fr\/115559670945811956","error":""},"_links":{"self":[{"href":"https:\/\/www.europesays.com\/fr\/wp-json\/wp\/v2\/posts\/538207","targetHints":{"allow":["GET"]}}],"collection":[{"href":"https:\/\/www.europesays.com\/fr\/wp-json\/wp\/v2\/posts"}],"about":[{"href":"https:\/\/www.europesays.com\/fr\/wp-json\/wp\/v2\/types\/post"}],"author":[{"embeddable":true,"href":"https:\/\/www.europesays.com\/fr\/wp-json\/wp\/v2\/users\/2"}],"replies":[{"embeddable":true,"href":"https:\/\/www.europesays.com\/fr\/wp-json\/wp\/v2\/comments?post=538207"}],"version-history":[{"count":0,"href":"https:\/\/www.europesays.com\/fr\/wp-json\/wp\/v2\/posts\/538207\/revisions"}],"wp:featuredmedia":[{"embeddable":true,"href":"https:\/\/www.europesays.com\/fr\/wp-json\/wp\/v2\/media\/538208"}],"wp:attachment":[{"href":"https:\/\/www.europesays.com\/fr\/wp-json\/wp\/v2\/media?parent=538207"}],"wp:term":[{"taxonomy":"category","embeddable":true,"href":"https:\/\/www.europesays.com\/fr\/wp-json\/wp\/v2\/categories?post=538207"},{"taxonomy":"post_tag","embeddable":true,"href":"https:\/\/www.europesays.com\/fr\/wp-json\/wp\/v2\/tags?post=538207"}],"curies":[{"name":"wp","href":"https:\/\/api.w.org\/{rel}","templated":true}]}}