{"id":538213,"date":"2025-11-16T13:45:15","date_gmt":"2025-11-16T13:45:15","guid":{"rendered":"https:\/\/www.europesays.com\/fr\/538213\/"},"modified":"2025-11-16T13:45:15","modified_gmt":"2025-11-16T13:45:15","slug":"berlin-marque-un-renouveau-de-la-volonte-politique-selon-le-chef-de-la-diplomatie-turque","status":"publish","type":"post","link":"https:\/\/www.europesays.com\/fr\/538213\/","title":{"rendered":"Berlin marque un \u2018renouveau de la volont\u00e9 politique\u2019, selon le chef de la diplomatie turque"},"content":{"rendered":"<p>AA \/ Istanbul \/ Fatma Zehra Solmaz<\/p>\n<p>Le ministre turc des Affaires \u00e9trang\u00e8res, Hakan Fidan, a d\u00e9clar\u00e9 samedi qu\u2019il croyait \u00e0 l\u2019\u00e9mergence prochaine de \u00ab nouveaux progr\u00e8s \u00bb dans la d\u00e9marche d\u2019Ankara pour adh\u00e9rer \u00e0 l\u2019Union europ\u00e9enne, se r\u00e9f\u00e9rant aux r\u00e9centes d\u00e9clarations du chancelier allemand.<\/p>\n<p>Lors d\u2019une diffusion en direct sur A News, Fidan a salu\u00e9 les propos de Friedrich Merz en faveur de l\u2019adh\u00e9sion de la T\u00fcrkiye \u00e0 l\u2019UE, les qualifiant de \u00ab renouveau important de la volont\u00e9 politique \u00bb.<\/p>\n<p>\u00ab Je crois que de nouveaux progr\u00e8s auront lieu avec l\u2019Union europ\u00e9enne dans cette p\u00e9riode \u00bb, a-t-il affirm\u00e9, ajoutant : \u00ab Que le chancelier allemand d\u00e9clare publiquement \u00e0 Ankara que l\u2019Allemagne souhaite la T\u00fcrkiye dans l\u2019UE constitue un renouveau significatif de la volont\u00e9 politique. Le fait que cela vienne de l\u2019Allemagne est important, et nous l\u2019appr\u00e9cions. \u00bb<\/p>\n<p>R\u00e9pondant \u00e0 une question sur le processus d\u2019adh\u00e9sion, Fidan a indiqu\u00e9 qu\u2019Ankara et Bruxelles \u00e9voluaient d\u00e9sormais dans un \u00ab nouvel ensemble de conditions et de psychologie \u00bb, n\u00e9cessitant de nouvelles approches et politiques. Il a soulign\u00e9 que la position du pr\u00e9sident Recep Tayyip Erdogan, apr\u00e8s sa r\u00e9\u00e9lection en mai 2023, avait \u00e9t\u00e9 un moteur essentiel.<\/p>\n<p>\u00ab Apr\u00e8s l\u2019\u00e9lection, le pr\u00e9sident m\u2019a clairement indiqu\u00e9 qu\u2019il attendait un effort maximal sur ce dossier \u00bb, a pr\u00e9cis\u00e9 Fidan, soulignant qu\u2019il s\u2019agissait d\u2019un mandat direct concernant la politique europ\u00e9enne de la T\u00fcrkiye.<\/p>\n<p>&#8211; Industrie de d\u00e9fense de l\u2019UE et r\u00f4le de la T\u00fcrkiye<\/p>\n<p>Hakan Fidan a \u00e9galement \u00e9voqu\u00e9 les r\u00e9centes \u00e9volutions des priorit\u00e9s europ\u00e9ennes en mati\u00e8re de s\u00e9curit\u00e9 et de d\u00e9fense. Il a soulign\u00e9 que les efforts de l\u2019UE pour r\u00e9organiser son architecture de s\u00e9curit\u00e9 mettent fortement l\u2019accent sur la revitalisation de l\u2019industrie de d\u00e9fense du bloc.<\/p>\n<p>Selon lui, cette priorit\u00e9 a pris de l\u2019ampleur apr\u00e8s la guerre en Ukraine et s\u2019est encore acc\u00e9l\u00e9r\u00e9e sous l\u2019administration Trump.<\/p>\n<p>L\u2019UE pr\u00e9voit de cr\u00e9er un fonds commun \u00e0 faible taux d\u2019int\u00e9r\u00eat de 150 milliards d\u2019euros (plus de 174 milliards de dollars) pour soutenir les capacit\u00e9s de d\u00e9fense, auquel les \u00c9tats membres pourront acc\u00e9der. Le bloc a aussi relev\u00e9 son plafond d\u2019emprunt dans le cadre des r\u00e8gles financi\u00e8res et cr\u00e9\u00e9 un fonds suppl\u00e9mentaire de 800 milliards d\u2019euros (930 milliards de dollars), pr\u00e9sent\u00e9 comme un m\u00e9canisme consistant \u00e0 \u00ab utiliser l\u2019argent du futur pour sauver le pr\u00e9sent \u00bb.<\/p>\n<p>Concernant les m\u00e9canismes applicables aux pays candidats, Fidan a pr\u00e9cis\u00e9 que certaines ressources n\u00e9cessitent l\u2019approbation des membres de l\u2019UE. \u00ab Ici, certaines difficult\u00e9s pourraient se poser pour la T\u00fcrkiye en raison de la Gr\u00e8ce et de l\u2019administration chypriote grecque \u00bb, a-t-il indiqu\u00e9.<\/p>\n<p>Malgr\u00e9 cela, il a insist\u00e9 sur le fait que le fonds plus important de 800 milliards d\u2019euros, ainsi que le nombre croissant d\u2019entreprises turques cr\u00e9ant des filiales et des joint-ventures dans l\u2019UE, permettront \u00e0 la T\u00fcrkiye de b\u00e9n\u00e9ficier des instruments financiers du bloc.<\/p>\n<p>La pr\u00e9sence croissante des entreprises turques dans l\u2019UE, via de nouvelles soci\u00e9t\u00e9s et partenariats, offrirait \u00e0 la T\u00fcrkiye de meilleures opportunit\u00e9s d\u2019utiliser ces fonds, a-t-il ajout\u00e9.<\/p>\n<p>Fidan a affirm\u00e9 qu\u2019Ankara vise \u00e0 construire une coop\u00e9ration fond\u00e9e sur la prosp\u00e9rit\u00e9 non seulement avec l\u2019UE, mais aussi avec ses partenaires \u00e0 l\u2019est, au nord et \u00e0 travers la M\u00e9diterran\u00e9e. Selon lui, l\u2019UE a r\u00e9ussi \u00e0 devenir une entit\u00e9 supranationale, mais \u00ab n\u2019a pas pu devenir une entit\u00e9 transcendant les civilisations \u00bb.<\/p>\n<p>Soulignant les progr\u00e8s de la T\u00fcrkiye, il a ajout\u00e9 que le pays avait r\u00e9alis\u00e9 d\u2019importants investissements dans les infrastructures, l\u2019\u00e9nergie, la d\u00e9fense, la sant\u00e9, la communication et l\u2019\u00e9ducation, pour l\u2019essentiel sans b\u00e9n\u00e9ficier de fonds majeurs de l\u2019UE. \u00ab La T\u00fcrkiye dispose aujourd\u2019hui d\u2019infrastructures bien sup\u00e9rieures aux standards de nombreux pays europ\u00e9ens, et sa population approche les 90 millions d\u2019habitants \u00bb, a-t-il conclu.<\/p>\n<p>&#8211; Les Chypriotes turcs ne seront pas rel\u00e9gu\u00e9s au rang de citoyens de seconde classe<\/p>\n<p>Hakan Fidan s\u2019est \u00e9galement exprim\u00e9 sur la question de Chypre, rappelant que les provocations sur l\u2019\u00eele n\u2019\u00e9taient pas nouvelles, et soulignant que m\u00eame des groupes marginaux au sein de la communaut\u00e9 chypriote turque se livraient \u00e0 une rh\u00e9torique anti-T\u00fcrkiye. Il a insist\u00e9 sur le fait qu\u2019Ankara continuerait \u00e0 d\u00e9fendre les droits souverains \u00e9gaux des Chypriotes turcs.<\/p>\n<p>\u00ab Ils n\u2019accepteront pas un statut de seconde classe, et nous non plus en tant qu\u2019\u00c9tat garant \u00bb, a-t-il affirm\u00e9, ajoutant que le mod\u00e8le \u00e0 deux \u00c9tats constituait la formule la plus r\u00e9aliste et stable.<\/p>\n<p>Il a indiqu\u00e9 avoir rencontr\u00e9 le pr\u00e9sident de la R\u00e9publique turque de Chypre du Nord (RTCN), Tufan Erhurman, lors de sa r\u00e9cente visite en T\u00fcrkiye, o\u00f9 ils ont discut\u00e9 du renforcement de la coordination sur la politique \u00e9trang\u00e8re, la communication et les actions conjointes. \u00ab Ce fut une r\u00e9union productive, et je crois que nous travaillerons ensemble de mani\u00e8re coordonn\u00e9e et harmonieuse \u00bb, a-t-il d\u00e9clar\u00e9.<\/p>\n<p>Fidan a critiqu\u00e9 l\u2019UE pour avoir \u00ab import\u00e9 le probl\u00e8me chypriote grec dans son syst\u00e8me \u00bb, affirmant que les r\u00e8gles de d\u00e9cision du bloc avaient \u00e9t\u00e9 exploit\u00e9es, entra\u00eenant des blocages internes r\u00e9p\u00e9t\u00e9s.<\/p>\n<p>Il a soulign\u00e9 que l\u2019UE cherche d\u00e9sormais \u00e0 passer de l\u2019unanimit\u00e9 \u00e0 la majorit\u00e9 qualifi\u00e9e, car elle ne parvient pas \u00e0 prendre des d\u00e9cisions sur plusieurs questions cl\u00e9s, \u00ab y compris celles li\u00e9es \u00e0 la T\u00fcrkiye \u00bb.<\/p>\n<p>*Traduit de l&rsquo;anglais par Ben Amed Azize Zougmore<\/p>\n<p>                            &#13;<br \/>\n                                <a href=\"https:\/\/www.aa.com.tr\/fr\/p\/abonnement\/1001\" target=\"_blank\" style=\"font-size:12px; color:#444; text-decoration:none;\" rel=\"noopener\">&#13;<br \/>\n                                    Seulement une partie des d\u00e9p\u00eaches, que l&rsquo;Agence Anadolu diffuse \u00e0 ses abonn\u00e9s via le Syst\u00e8me de Diffusion interne (HAS), est diffus\u00e9e sur le site de l&rsquo;AA, de mani\u00e8re r\u00e9sum\u00e9e. <b style=\"color:#1897F7\">Contactez-nous s&rsquo;il vous pla\u00eet pour vous abonner.<\/b>&#13;<br \/>\n                                <\/a>&#13;<\/p>\n","protected":false},"excerpt":{"rendered":"AA \/ Istanbul \/ Fatma Zehra Solmaz Le ministre turc des Affaires \u00e9trang\u00e8res, Hakan Fidan, a d\u00e9clar\u00e9 samedi&hellip;\n","protected":false},"author":2,"featured_media":538214,"comment_status":"","ping_status":"","sticky":false,"template":"","format":"standard","meta":{"footnotes":""},"categories":[1586],"tags":[11,672,1785,65699,1777,674,1779,1011,27,25514,12,25,65700,1778,364],"class_list":{"0":"post-538213","1":"post","2":"type-post","3":"status-publish","4":"format-standard","5":"has-post-thumbnail","7":"category-europe","8":"tag-actualites","9":"tag-allemagne","10":"tag-anadolu-ajansi","11":"tag-chancelier-allemand-friedrich-merz","12":"tag-eu","13":"tag-europe","14":"tag-european-union","15":"tag-fr","16":"tag-france","17":"tag-hakan-fidan","18":"tag-news","19":"tag-republique-francaise","20":"tag-trkiye-ue","21":"tag-ue","22":"tag-union-europeenne"},"share_on_mastodon":{"url":"https:\/\/pubeurope.com\/@fr\/115559682921793640","error":""},"_links":{"self":[{"href":"https:\/\/www.europesays.com\/fr\/wp-json\/wp\/v2\/posts\/538213","targetHints":{"allow":["GET"]}}],"collection":[{"href":"https:\/\/www.europesays.com\/fr\/wp-json\/wp\/v2\/posts"}],"about":[{"href":"https:\/\/www.europesays.com\/fr\/wp-json\/wp\/v2\/types\/post"}],"author":[{"embeddable":true,"href":"https:\/\/www.europesays.com\/fr\/wp-json\/wp\/v2\/users\/2"}],"replies":[{"embeddable":true,"href":"https:\/\/www.europesays.com\/fr\/wp-json\/wp\/v2\/comments?post=538213"}],"version-history":[{"count":0,"href":"https:\/\/www.europesays.com\/fr\/wp-json\/wp\/v2\/posts\/538213\/revisions"}],"wp:featuredmedia":[{"embeddable":true,"href":"https:\/\/www.europesays.com\/fr\/wp-json\/wp\/v2\/media\/538214"}],"wp:attachment":[{"href":"https:\/\/www.europesays.com\/fr\/wp-json\/wp\/v2\/media?parent=538213"}],"wp:term":[{"taxonomy":"category","embeddable":true,"href":"https:\/\/www.europesays.com\/fr\/wp-json\/wp\/v2\/categories?post=538213"},{"taxonomy":"post_tag","embeddable":true,"href":"https:\/\/www.europesays.com\/fr\/wp-json\/wp\/v2\/tags?post=538213"}],"curies":[{"name":"wp","href":"https:\/\/api.w.org\/{rel}","templated":true}]}}