{"id":538215,"date":"2025-11-16T13:46:15","date_gmt":"2025-11-16T13:46:15","guid":{"rendered":"https:\/\/www.europesays.com\/fr\/538215\/"},"modified":"2025-11-16T13:46:15","modified_gmt":"2025-11-16T13:46:15","slug":"ce-que-la-suspension-de-la-reforme-des-retraites-va-changer-pour-vous-selon-votre-age","status":"publish","type":"post","link":"https:\/\/www.europesays.com\/fr\/538215\/","title":{"rendered":"Ce que la suspension de la r\u00e9forme des retraites va changer pour vous (selon votre \u00e2ge)"},"content":{"rendered":"<p>        <img decoding=\"async\" loading=\"lazy\" src=\"https:\/\/www.europesays.com\/fr\/wp-content\/uploads\/2025\/11\/f5dc500_upload-1-9wwbsibwv5kt-afp-20251112-83ty9w6-v1-highres-francepoliticsparliamentgovernmentbudg.jpeg\"  width=\"728\" height=\"409\" alt=\"L\u2019h\u00e9micycle de l\u2019Assembl\u00e9e nationale lors du vote sur la suspension de la r\u00e9forme des retraites le 12\u00a0novembre 2025\"\/>  <\/p>\n<p>THOMAS SAMSON \/ AFP<\/p>\n<p>L\u2019h\u00e9micycle de l\u2019Assembl\u00e9e nationale lors du vote sur la suspension de la r\u00e9forme des retraites le 12\u00a0novembre 2025<\/p>\n<p>      <strong>EN BREF<\/strong> <strong>\u2022 <\/strong>La suspension de la r\u00e9forme des retraites de 2023 modifie l\u2019\u00e2ge de d\u00e9part pour ceux n\u00e9s entre 1964 et 1968.<br \/><strong>\u2022 <\/strong>La mesure affecte environ 700 000 personnes, avec un co\u00fbt de 2,2 milliards d\u2019euros d\u2019ici 2027.<br \/><strong>\u2022 <\/strong>Les carri\u00e8res longues et certaines professions b\u00e9n\u00e9ficient aussi d\u2019un trimestre suppl\u00e9mentaire, applicable d\u00e8s septembre 2026.                         <\/p>\n<p class=\"asset asset-text\">POLITIQUE &#8211; Pour la premi\u00e8re fois, les d\u00e9put\u00e9s ont pu se prononcer ce mercredi 12\u00a0novembre sur <a href=\"https:\/\/www.huffingtonpost.fr\/politique\/article\/dans-les-coulisses-de-la-suspension-de-la-reforme-des-retraites-a-l-assemblee-nationale-reportage_257076.html\" target=\"_blank\" rel=\"noopener\">la r\u00e9forme des retraites<\/a> d\u2019<a href=\"https:\/\/www.huffingtonpost.fr\/politique\/article\/elisabeth-borne-ne-pourra-pas-voter-sur-la-suspension-de-sa-propre-reforme-des-retraites_257050.html\" target=\"_blank\" rel=\"noopener\">\u00c9lisabeth Borne<\/a> adopt\u00e9e en 2023\u00a0par 49-3. Il y avait bien eu depuis une motion symbolique lors de la niche parlementaire des communistes, mais c\u2019est la premi\u00e8re fois que le vote des \u00e9lus est susceptible d\u2019avoir des cons\u00e9quences concr\u00e8tes. Car encore faut-il que la suspension passe le cap du S\u00e9nat et des allers-retours \u00e0 venir <a href=\"https:\/\/www.huffingtonpost.fr\/politique\/article\/la-suspension-de-la-reforme-des-retraites-adoptee-a-l-assemblee-nationale_257072.html\" target=\"_blank\" rel=\"noopener\">entre les deux chambres<\/a>.<\/p>\n<p class=\"asset asset-text\">Selon la CFDT, pr\u00e8s de 700\u00a0000\u00a0personnes sont concern\u00e9es pour un co\u00fbt total estim\u00e9 sur 2026\u00a0et 2027\u00a0\u00e0 2,2\u00a0milliards d\u2019euros. Le gouvernement entendait compenser cette d\u00e9pense par une contribution des compl\u00e9mentaires sant\u00e9 &#8211; qui a \u00e9t\u00e9 rejet\u00e9e par les d\u00e9put\u00e9s -, et un gel puis une sous-indexation des pensions. Un sujet sur lequel l\u2019Assembl\u00e9e ne s\u2019est pas encore prononc\u00e9e. En revanche, la hausse de la CSG sur les revenus du capital devrait permettre de financer la prise en compte des carri\u00e8res longues.<\/p>\n<p class=\"asset asset-text\">Le HuffPost vous d\u00e9taille comment, si l\u2019article\u00a045\u00a0bis survit bien \u00e0 la navette parlementaire, cela va modifier pour les deux prochaines ann\u00e9es l\u2019\u00e2ge de d\u00e9part en retraite.<\/p>\n<p>                     Vous \u00eates n\u00e9 en 1964    <\/p>\n<p class=\"asset asset-text\">Votre \u00e2ge l\u00e9gal de d\u00e9part devait \u00eatre de 63\u00a0ans selon la r\u00e9forme Borne de 2023, mais il ne sera finalement que de 62\u00a0ans et 9 mois. Votre dur\u00e9e de cotisation exigible \u00e9tait de 171 trimestres selon la r\u00e9forme Borne, mais elle ne sera finalement que de 170 trimestres.\u00a0Vous gagnez un trimestre sur les deux param\u00e8tres.<\/p>\n<p>    Vous \u00eates n\u00e9 au 1er trimestre 1965    <\/p>\n<p class=\"asset asset-text\">Vous partez aux m\u00eames conditions que la g\u00e9n\u00e9ration 1964 (62\u00a0ans et 9 mois, 170 trimestres cotis\u00e9s). Par rapport \u00e0 ce qui \u00e9tait pr\u00e9vu dans la r\u00e9forme Borne, vous gagnez deux trimestres sur l\u2019\u00e2ge l\u00e9gal, puisque votre \u00e2ge l\u00e9gal devait \u00eatre de 63\u00a0ans et 3 mois. Et vous gagnez \u00e9galement deux trimestres en dur\u00e9e de cotisation, \u00e0 170 trimestres au lieu de 172.\u00a0Vous gagnez donc bien deux trimestres sur les deux param\u00e8tres, selon les plusieurs acteurs sollicit\u00e9s par l\u2019AFP.<\/p>\n<p>    Vous \u00eates n\u00e9 \u00e0 partir d\u2019avril\u00a01965 et jusqu\u2019\u00e0 fin 1968    <\/p>\n<p class=\"asset asset-text\">\u00c0 partir de 2028, l\u2019\u00e2ge l\u00e9gal de d\u00e9part en retraite reprend sa progression vers les 64\u00a0ans. D\u00e9pendant de votre ann\u00e9e de naissance, votre \u00e2ge de d\u00e9part sera donc de 63\u00a0ans (g\u00e9n\u00e9ration 1965 sauf natifs du premier trimestre), 63\u00a0ans et trois mois (g\u00e9n\u00e9ration 1966), 63\u00a0ans et 6 mois (g\u00e9n\u00e9ration 1967), 63\u00a0ans et 9 mois (g\u00e9n\u00e9ration 1968).<\/p>\n<p class=\"asset asset-text\">Votre dur\u00e9e de cotisation requise est de 171 trimestres si vous \u00eates n\u00e9s entre avril et d\u00e9cembre\u00a01965, et de 172 trimestres pour les g\u00e9n\u00e9rations suivantes. Vous gagnez un trimestre d\u2019\u00e2ge l\u00e9gal par rapport \u00e0 la r\u00e9forme Borne.<\/p>\n<p>    Vous \u00eates n\u00e9 de 1964 \u00e0 1968, et \u00e9ligible au dispositif carri\u00e8res longues    <\/p>\n<p class=\"asset asset-text\">Si vous avez commenc\u00e9 \u00e0 travailler t\u00f4t, le dispositif carri\u00e8res longues vous permet de partir avant l\u2019\u00e2ge l\u00e9gal. L\u2019objectif affich\u00e9 par le gouvernement est que la \u00ab\u00a0suspension\u00a0\u00bb de la r\u00e9forme vous fasse gagner, \u00e9galement, un trimestre suppl\u00e9mentaire dans le calcul de votre \u00e2ge de d\u00e9part.<\/p>\n<p class=\"asset asset-text\">Il y a toutefois un \u00ab\u00a0mais\u00a0\u00bb\u00a0: le syst\u00e8me n\u2019entrera en vigueur qu\u2019\u00e0 partir du 1er\u00a0septembre\u00a02026, pour laisser aux caisses de s\u00e9curit\u00e9 sociale le temps d\u2019adapter leurs syst\u00e8mes d\u2019information, selon le gouvernement.<\/p>\n<p class=\"asset asset-text\">Le principe est le m\u00eame pour les fonctionnaires des cat\u00e9gories actives et super-actives (policiers, aides-soignantes, gardiens de prison, \u00e9goutiers&#8230;.) n\u00e9s de 1964 \u00e0 1968, qui b\u00e9n\u00e9ficient d\u2019un \u00e2ge de d\u00e9part anticip\u00e9\u00a0: ils vont \u00e9galement gagner un trimestre, avec une mise en application \u00e0 partir du 1er\u00a0septembre\u00a02026.<\/p>\n<p>    Vous \u00eates n\u00e9 \u00e0 partir du premier trimestre 1969    <\/p>\n<p class=\"asset asset-text\">Tous ces d\u00e9bats ne vous concernent pas, les textes pr\u00e9voient que vous partez \u00e0 64\u00a0ans et 172 trimestres, suspension de la r\u00e9forme Borne ou pas. Seule une nouvelle r\u00e9forme des retraites apr\u00e8s l\u2019\u00e9lection pr\u00e9sidentielle de 2027 pourrait changer ces param\u00e8tres.<\/p>\n","protected":false},"excerpt":{"rendered":"THOMAS SAMSON \/ AFP L\u2019h\u00e9micycle de l\u2019Assembl\u00e9e nationale lors du vote sur la suspension de la r\u00e9forme des&hellip;\n","protected":false},"author":2,"featured_media":538216,"comment_status":"","ping_status":"","sticky":false,"template":"","format":"standard","meta":{"footnotes":""},"categories":[2],"tags":[11,416,1011,27,12,64218,316,11036,25,137],"class_list":{"0":"post-538215","1":"post","2":"type-post","3":"status-publish","4":"format-standard","5":"has-post-thumbnail","7":"category-actualites","8":"tag-actualites","9":"tag-assemblee-nationale","10":"tag-fr","11":"tag-france","12":"tag-news","13":"tag-plfss","14":"tag-politique","15":"tag-reforme-des-retraites","16":"tag-republique-francaise","17":"tag-retraite"},"share_on_mastodon":{"url":"https:\/\/pubeurope.com\/@fr\/115559687543188810","error":""},"_links":{"self":[{"href":"https:\/\/www.europesays.com\/fr\/wp-json\/wp\/v2\/posts\/538215","targetHints":{"allow":["GET"]}}],"collection":[{"href":"https:\/\/www.europesays.com\/fr\/wp-json\/wp\/v2\/posts"}],"about":[{"href":"https:\/\/www.europesays.com\/fr\/wp-json\/wp\/v2\/types\/post"}],"author":[{"embeddable":true,"href":"https:\/\/www.europesays.com\/fr\/wp-json\/wp\/v2\/users\/2"}],"replies":[{"embeddable":true,"href":"https:\/\/www.europesays.com\/fr\/wp-json\/wp\/v2\/comments?post=538215"}],"version-history":[{"count":0,"href":"https:\/\/www.europesays.com\/fr\/wp-json\/wp\/v2\/posts\/538215\/revisions"}],"wp:featuredmedia":[{"embeddable":true,"href":"https:\/\/www.europesays.com\/fr\/wp-json\/wp\/v2\/media\/538216"}],"wp:attachment":[{"href":"https:\/\/www.europesays.com\/fr\/wp-json\/wp\/v2\/media?parent=538215"}],"wp:term":[{"taxonomy":"category","embeddable":true,"href":"https:\/\/www.europesays.com\/fr\/wp-json\/wp\/v2\/categories?post=538215"},{"taxonomy":"post_tag","embeddable":true,"href":"https:\/\/www.europesays.com\/fr\/wp-json\/wp\/v2\/tags?post=538215"}],"curies":[{"name":"wp","href":"https:\/\/api.w.org\/{rel}","templated":true}]}}