{"id":538219,"date":"2025-11-16T13:48:33","date_gmt":"2025-11-16T13:48:33","guid":{"rendered":"https:\/\/www.europesays.com\/fr\/538219\/"},"modified":"2025-11-16T13:48:33","modified_gmt":"2025-11-16T13:48:33","slug":"lunion-foot-de-touraine-doit-battre-epernay-pour-affronter-troyes-au-8e-tour","status":"publish","type":"post","link":"https:\/\/www.europesays.com\/fr\/538219\/","title":{"rendered":"l\u2019Union Foot de Touraine doit battre \u00c9pernay pour affronter Troyes au 8e tour"},"content":{"rendered":"<p>Ce direct est anim\u00e9 par les journalistes du service des sports de La Nouvelle R\u00e9publique.<\/p>\n<p><strong>Union Foot de Touraine (N3) &#8211; RC \u00c9pernay Champagne (R1)\u00a0: 0-0<\/strong><\/p>\n<p>Apr\u00e8s avoir d\u00e9couvert le stade de la Vall\u00e9e du Cher il y a quinze jours, l\u2019UFT retrouve le stade de La\u00a0Haye \u00e0 Ballan-Mir\u00e9, ce dimanche 16\u00a0novembre 2025, pour le 7e\u00a0tour de Coupe de France. Les hommes d\u2019Herv\u00e9 Loubat accueillent \u00c9pernay, \u00e9quipe de R\u00e9gional 1. Il n\u2019y a donc qu\u2019une division d\u2019\u00e9cart entre les deux \u00e9quipes, qui seront toutes les deux motiv\u00e9es par l\u2019id\u00e9e d\u2019affronter Troyes au prochain tour\u00a0: le leader de Ligue 2 a domin\u00e9 les Vend\u00e9ens d\u2019Aizenay (R1) samedi, 3-0.<\/p>\n<p>L&rsquo;avant match<\/p>\n<p><strong>14 h 44. <\/strong>Les deux \u00e9quipes savent en tout cas quel est l&rsquo;enjeu de cette rencontre : s&rsquo;offrir une affiche de prestige au 8e tour, face \u00e0 Troyes ! Car oui, le leader de Ligue 2 a jou\u00e9 hier en Vend\u00e9e, et a battu Aizenay 3-0, avec des buts de Mouna\u00efm El Idrissy (45e), Renaud Ripart (88e) et Mathis Hamdi (90e+4). Si elle s&rsquo;impose cet apr\u00e8s-midi, l&rsquo;Union Foot de Touraine recevrait Troyes au stade de la Vall\u00e9e du Cher, le week-end des 29 et 30 novembre.<\/p>\n<p><strong>14\u00a0h\u00a040. <\/strong>Si l\u2019UFT est donc une division au-dessus d\u2019\u00c9pernay et a en plus l\u2019avantage du terrain, les Tourangeaux se m\u00e9fient quand m\u00eame grandement. \u00ab\u00a0C\u2019est le match pi\u00e8ge dans toute sa splendeur parce qu\u2019il n\u2019y a qu\u2019une division d\u2019\u00e9cart. C\u2019est une \u00e9quipe qui tend plus vers le N3 que le R2\u00a0\u00bb, assure Herv\u00e9 Loubat, le coach. \u00c9pernay est 5e\u00a0de sa poule de R1 et a d\u00e9j\u00e0 inscrit 30 buts en huit matchs, contre 5 seulement encaiss\u00e9\u00a0! \u00ab\u00a0Quand tu joues une \u00e9quipe inf\u00e9rieure en Coupe de France, il y a toujours \u00e9norm\u00e9ment de motivation chez elle. Si on est en dilettante, qu\u2019on manque d\u2019humilit\u00e9, qu\u2019on se la raconte et qu\u2019on prend le match \u00e0 la l\u00e9g\u00e8re, \u00e7a ne passera pas\u00a0\u00bb, pr\u00e9vient le milieu tourangeau Houari Djemel. L\u2019UFT va donc tout faire pour \u00e9viter que la magie de la Coupe op\u00e8re ce dimanche.<\/p>\n<p><strong>14\u00a0h\u00a035. <\/strong>Pour atteindre ce 7e\u00a0tour, les Tourangeaux ont eu un parcours assez simple au d\u00e9but, puis ont d\u00fb <a target=\"_self\" href=\"https:\/\/www.lanouvellerepublique.fr\/indre-et-loire\/commune\/ballan-mire\/coupe-de-france-l-uft-s-offre-le-derby-de-touraine-contre-montlouis-et-rejoint-le-septieme-tour-1761423618\" rel=\"noopener\">se d\u00e9faire avec brio du FC Montlouis (N2)<\/a> dans le derby du 6e\u00a0tour (1-0). De leur c\u00f4t\u00e9, les joueurs de la Marne n\u2019ont battu jusqu\u2019ici que des \u00e9quipes de niveau inf\u00e9rieur au leur, c\u2019est la premi\u00e8re fois qu\u2019ils sont confront\u00e9s \u00e0 un adversaire d\u2019une division sup\u00e9rieure.<\/p>\n<p><strong>14\u00a0h\u00a030.<\/strong> Bonjour \u00e0 toutes et \u00e0 tous et bienvenue sur ce direct, pour suivre la rencontre de Coupe de France entre l\u2019Union Foot de Touraine (N3) et le RC \u00c9pernay Champagne (R1). En cas de victoire ce dimanche apr\u00e8s-midi, au stade de La\u00a0Haye \u00e0 Ballan-Mir\u00e9, les Tourangeaux s\u2019offriraient une affiche de prestige au prochain tour, \u00e0 la Vall\u00e9e du Cher, face \u00e0 l\u2019Estac Troyes (Ligue 2).<\/p>\n","protected":false},"excerpt":{"rendered":"Ce direct est anim\u00e9 par les journalistes du service des sports de La Nouvelle R\u00e9publique. Union Foot de&hellip;\n","protected":false},"author":2,"featured_media":538220,"comment_status":"","ping_status":"","sticky":false,"template":"","format":"standard","meta":{"footnotes":""},"categories":[4],"tags":[1392,11,52313,52302,63,1011,27,1387,3222,12,25,40787,60,1390],"class_list":{"0":"post-538219","1":"post","2":"type-post","3":"status-publish","4":"format-standard","5":"has-post-thumbnail","7":"category-france","8":"tag-a-la-une-local","9":"tag-actualites","10":"tag-ballan-mire","11":"tag-coupe-de-france-football","12":"tag-football","13":"tag-fr","14":"tag-france","15":"tag-indre-et-loire","16":"tag-joue-les-tours","17":"tag-news","18":"tag-republique-francaise","19":"tag-savonnieres","20":"tag-sports","21":"tag-tours"},"share_on_mastodon":{"url":"https:\/\/pubeurope.com\/@fr\/115559694644409944","error":""},"_links":{"self":[{"href":"https:\/\/www.europesays.com\/fr\/wp-json\/wp\/v2\/posts\/538219","targetHints":{"allow":["GET"]}}],"collection":[{"href":"https:\/\/www.europesays.com\/fr\/wp-json\/wp\/v2\/posts"}],"about":[{"href":"https:\/\/www.europesays.com\/fr\/wp-json\/wp\/v2\/types\/post"}],"author":[{"embeddable":true,"href":"https:\/\/www.europesays.com\/fr\/wp-json\/wp\/v2\/users\/2"}],"replies":[{"embeddable":true,"href":"https:\/\/www.europesays.com\/fr\/wp-json\/wp\/v2\/comments?post=538219"}],"version-history":[{"count":0,"href":"https:\/\/www.europesays.com\/fr\/wp-json\/wp\/v2\/posts\/538219\/revisions"}],"wp:featuredmedia":[{"embeddable":true,"href":"https:\/\/www.europesays.com\/fr\/wp-json\/wp\/v2\/media\/538220"}],"wp:attachment":[{"href":"https:\/\/www.europesays.com\/fr\/wp-json\/wp\/v2\/media?parent=538219"}],"wp:term":[{"taxonomy":"category","embeddable":true,"href":"https:\/\/www.europesays.com\/fr\/wp-json\/wp\/v2\/categories?post=538219"},{"taxonomy":"post_tag","embeddable":true,"href":"https:\/\/www.europesays.com\/fr\/wp-json\/wp\/v2\/tags?post=538219"}],"curies":[{"name":"wp","href":"https:\/\/api.w.org\/{rel}","templated":true}]}}