{"id":538223,"date":"2025-11-16T13:51:18","date_gmt":"2025-11-16T13:51:18","guid":{"rendered":"https:\/\/www.europesays.com\/fr\/538223\/"},"modified":"2025-11-16T13:51:18","modified_gmt":"2025-11-16T13:51:18","slug":"rugby-scapulaire-laurent-marti-je-pense-que-lon-va-trouver-une-solution-intelligente","status":"publish","type":"post","link":"https:\/\/www.europesays.com\/fr\/538223\/","title":{"rendered":"Rugby Scapulaire &#8211; Laurent Marti : \u00ab\u00a0Je pense que l&rsquo;on va trouver une solution intelligente\u00a0\u00bb"},"content":{"rendered":"<p data-start=\"0\" data-end=\"566\">Interrog\u00e9 cette semaine par<br \/>\n<a href=\"https:\/\/www.lequipe.fr\/Rugby\/Article\/Le-top-14-plombe-t-il-les-bleus\/1609247\" rel=\"nofollow noopener\" target=\"_blank\"><br \/>\nL\u2019\u00c9quipe<\/a>, le<br \/>\npr\u00e9sident de l\u2019Union Bordeaux-B\u00e8gles<strong>, Laurent<br \/>\nMarti<\/strong>, \u00e9galement membre du comit\u00e9 directeur de la Ligue<br \/>\nNationale de Rugby (LNR), a apport\u00e9 des pr\u00e9cisions sur l\u2019\u00e9tat des<br \/>\nn\u00e9gociations entourant la nouvelle convention entre la F\u00e9d\u00e9ration<br \/>\nFran\u00e7aise de Rugby (FFR) et la LNR. Ce texte, crucial pour<br \/>\nl\u2019organisation du rugby professionnel fran\u00e7ais, d\u00e9finit notamment<br \/>\nles conditions de mise \u00e0 disposition des internationaux aupr\u00e8s du<br \/>\nXV de France, un sujet toujours sensible entre les clubs et la<br \/>\nf\u00e9d\u00e9ration. Dans cet entretien, le dirigeant bordelais est revenu<br \/>\nsur les concessions faites par les pr\u00e9sidents de club, notamment<br \/>\nconcernant le calendrier international et la lib\u00e9ration des joueurs<br \/>\npour la Nations Cup, nouvelle comp\u00e9tition appel\u00e9e \u00e0 remplacer les<br \/>\ntraditionnelles tourn\u00e9es automnales et estivales :<\/p>\n<blockquote data-start=\"865\" data-end=\"1405\">\n<p data-start=\"867\" data-end=\"1405\">\u00ab Pour la nouvelle convention,<br \/>\non a l\u00e2ch\u00e9 une semaine suppl\u00e9mentaire de pr\u00e9paration pour la<br \/>\nNations Cup sachant qu\u2019il y aura un match suppl\u00e9mentaire, avec<br \/>\nd\u00e9sormais quatre rencontres au lieu de trois. Le dernier d\u00e9bat<br \/>\nconcerne les finalistes du Top 14. Peuvent-ils ou pas y aller l\u2019\u00e9t\u00e9<br \/>\n? L\u2019\u00e9t\u00e9 dernier, on avait n\u00e9goci\u00e9 que cinq finalistes qui n\u2019avaient<br \/>\npas trop jou\u00e9 puissent partir en Nouvelle-Z\u00e9lande. La F\u00e9d\u00e9 demande<br \/>\naujourd\u2019hui que ce soit plus ouvert, c\u2019est un d\u00e9bat. Mais je pense<br \/>\nque l\u2019on va trouver une solution intelligente \u00bb.<\/p>\n<\/blockquote>\n","protected":false},"excerpt":{"rendered":"Interrog\u00e9 cette semaine par L\u2019\u00c9quipe, le pr\u00e9sident de l\u2019Union Bordeaux-B\u00e8gles, Laurent Marti, \u00e9galement membre du comit\u00e9 directeur de&hellip;\n","protected":false},"author":2,"featured_media":538224,"comment_status":"","ping_status":"","sticky":false,"template":"","format":"standard","meta":{"footnotes":""},"categories":[1416],"tags":[1011,27,479,1468,60],"class_list":{"0":"post-538223","1":"post","2":"type-post","3":"status-publish","4":"format-standard","5":"has-post-thumbnail","7":"category-rugby","8":"tag-fr","9":"tag-france","10":"tag-rugby","11":"tag-rugby-football","12":"tag-sports"},"share_on_mastodon":{"url":"","error":""},"_links":{"self":[{"href":"https:\/\/www.europesays.com\/fr\/wp-json\/wp\/v2\/posts\/538223","targetHints":{"allow":["GET"]}}],"collection":[{"href":"https:\/\/www.europesays.com\/fr\/wp-json\/wp\/v2\/posts"}],"about":[{"href":"https:\/\/www.europesays.com\/fr\/wp-json\/wp\/v2\/types\/post"}],"author":[{"embeddable":true,"href":"https:\/\/www.europesays.com\/fr\/wp-json\/wp\/v2\/users\/2"}],"replies":[{"embeddable":true,"href":"https:\/\/www.europesays.com\/fr\/wp-json\/wp\/v2\/comments?post=538223"}],"version-history":[{"count":0,"href":"https:\/\/www.europesays.com\/fr\/wp-json\/wp\/v2\/posts\/538223\/revisions"}],"wp:featuredmedia":[{"embeddable":true,"href":"https:\/\/www.europesays.com\/fr\/wp-json\/wp\/v2\/media\/538224"}],"wp:attachment":[{"href":"https:\/\/www.europesays.com\/fr\/wp-json\/wp\/v2\/media?parent=538223"}],"wp:term":[{"taxonomy":"category","embeddable":true,"href":"https:\/\/www.europesays.com\/fr\/wp-json\/wp\/v2\/categories?post=538223"},{"taxonomy":"post_tag","embeddable":true,"href":"https:\/\/www.europesays.com\/fr\/wp-json\/wp\/v2\/tags?post=538223"}],"curies":[{"name":"wp","href":"https:\/\/api.w.org\/{rel}","templated":true}]}}