{"id":538225,"date":"2025-11-16T13:52:30","date_gmt":"2025-11-16T13:52:30","guid":{"rendered":"https:\/\/www.europesays.com\/fr\/538225\/"},"modified":"2025-11-16T13:52:30","modified_gmt":"2025-11-16T13:52:30","slug":"il-joue-a-une-vitesse-vertigineuse-estime-auger-aliassime-au-sujet-dalcaraz","status":"publish","type":"post","link":"https:\/\/www.europesays.com\/fr\/538225\/","title":{"rendered":"\u00ab Il joue \u00e0 une vitesse vertigineuse \u00bb, estime Auger-Aliassime au sujet d\u2019Alcaraz"},"content":{"rendered":"<p>                <img decoding=\"async\" src=\"https:\/\/www.europesays.com\/fr\/wp-content\/uploads\/2025\/11\/Q65h.jpg\" fetchpriority=\"high\" alt=\"\u00ab Il joue \u00e0 une vitesse vertigineuse \u00bb, estime Auger-Aliassime au sujet d\u2019Alcaraz\"\/><\/p>\n<p>F\u00e9lix Auger-Aliassime n\u2019a eu d\u2019autre choix que d\u2019\u00e9voquer la sup\u00e9riorit\u00e9 de Carlos Alcaraz et de Jannik Sinner apr\u00e8s sa d\u00e9faite en demi-finales des ATP Finals contre l\u2019Espagnol ce samedi soir.<\/p>\n<p>Comme une \u00e9vidence, la finale des ATP Finals 2025 opposera les deux meilleurs joueurs du monde, ce dimanche, en l\u2019occurrence Carlos Alcaraz \u00e0 Jannik Sinner. Auger-Aliassime, battu par les deux joueurs dans ce tournoi, et par Alcaraz samedi soir dans le cadre des demi-finales \u00e0 Turin, s\u2019est accroch\u00e9 mais a fini par c\u00e9der en deux manches. Il a \u00e9voqu\u00e9 les deux joueurs en conf\u00e9rence de presse apr\u00e8s son \u00e9limination du Masters.<\/p>\n<p>\u00ab Le classement ne ment pas. Alcaraz et Sinner sont les deux meilleurs joueurs, c&rsquo;est un fait. Ils ont des styles de jeu diff\u00e9rents, mais tous deux exercent une pression extr\u00eame sur leur adversaire, chacun \u00e0 sa mani\u00e8re. Inutile d&rsquo;expliquer comment ils jouent, nous le savons tous.<\/p>\n<p>Nous les avons vus jouer ces derni\u00e8res ann\u00e9es. Nous savons \u00e0 quoi nous attendre. Ils continuent de faire leurs preuves et de bien jouer, il faut donc leur rendre hommage. Pour un joueur qui faisait tout bien, je me souviens qu&rsquo;il y a trois ou quatre ans, tout le monde disait de Carlos (Alcaraz) : \u00ab\u00a0Il a un service incroyable !\u00a0\u00bb<\/p>\n<p>Le reste de son jeu a toujours \u00e9t\u00e9 bon. Il peut changer la direction des deux coups. Il vous met la pression d&rsquo;une mani\u00e8re diff\u00e9rente, vous ne savez pas \u00e0 quoi vous attendre. Il joue \u00e0 une vitesse vertigineuse, je pense que c&rsquo;\u00e9tait le plus difficile.<\/p>\n<p>L&rsquo;avenir nous dira si je peux battre ces joueurs-l\u00e0. J&rsquo;ai beaucoup progress\u00e9 cette ann\u00e9e. Depuis mon enfance, j&rsquo;y ai toujours cru, et mon ambition \u00e9tait de gagner des Grands Chelems et d&rsquo;\u00eatre num\u00e9ro un mondial.<\/p>\n<p>J&rsquo;ai connu des hauts et des bas, mais honn\u00eatement, malgr\u00e9 tout, j&rsquo;ai toujours cru que je pouvais y arriver, et j&rsquo;y crois encore aujourd&rsquo;hui. Il s&rsquo;agit maintenant de faire ce qu&rsquo;il faut pour m&rsquo;am\u00e9liorer. Si je le fais, nous verrons jusqu&rsquo;o\u00f9 je peux aller \u00bb, a assur\u00e9 Auger-Aliassime pour Punto de Break.<\/p>\n","protected":false},"excerpt":{"rendered":"F\u00e9lix Auger-Aliassime n\u2019a eu d\u2019autre choix que d\u2019\u00e9voquer la sup\u00e9riorit\u00e9 de Carlos Alcaraz et de Jannik Sinner apr\u00e8s&hellip;\n","protected":false},"author":2,"featured_media":538226,"comment_status":"","ping_status":"","sticky":false,"template":"","format":"standard","meta":{"footnotes":""},"categories":[1415],"tags":[1011,27,60,1467],"class_list":{"0":"post-538225","1":"post","2":"type-post","3":"status-publish","4":"format-standard","5":"has-post-thumbnail","7":"category-tennis","8":"tag-fr","9":"tag-france","10":"tag-sports","11":"tag-tennis"},"share_on_mastodon":{"url":"https:\/\/pubeurope.com\/@fr\/115559710947360676","error":""},"_links":{"self":[{"href":"https:\/\/www.europesays.com\/fr\/wp-json\/wp\/v2\/posts\/538225","targetHints":{"allow":["GET"]}}],"collection":[{"href":"https:\/\/www.europesays.com\/fr\/wp-json\/wp\/v2\/posts"}],"about":[{"href":"https:\/\/www.europesays.com\/fr\/wp-json\/wp\/v2\/types\/post"}],"author":[{"embeddable":true,"href":"https:\/\/www.europesays.com\/fr\/wp-json\/wp\/v2\/users\/2"}],"replies":[{"embeddable":true,"href":"https:\/\/www.europesays.com\/fr\/wp-json\/wp\/v2\/comments?post=538225"}],"version-history":[{"count":0,"href":"https:\/\/www.europesays.com\/fr\/wp-json\/wp\/v2\/posts\/538225\/revisions"}],"wp:featuredmedia":[{"embeddable":true,"href":"https:\/\/www.europesays.com\/fr\/wp-json\/wp\/v2\/media\/538226"}],"wp:attachment":[{"href":"https:\/\/www.europesays.com\/fr\/wp-json\/wp\/v2\/media?parent=538225"}],"wp:term":[{"taxonomy":"category","embeddable":true,"href":"https:\/\/www.europesays.com\/fr\/wp-json\/wp\/v2\/categories?post=538225"},{"taxonomy":"post_tag","embeddable":true,"href":"https:\/\/www.europesays.com\/fr\/wp-json\/wp\/v2\/tags?post=538225"}],"curies":[{"name":"wp","href":"https:\/\/api.w.org\/{rel}","templated":true}]}}