{"id":538227,"date":"2025-11-16T13:56:15","date_gmt":"2025-11-16T13:56:15","guid":{"rendered":"https:\/\/www.europesays.com\/fr\/538227\/"},"modified":"2025-11-16T13:56:15","modified_gmt":"2025-11-16T13:56:15","slug":"david-menut-va-etre-opere-actualite","status":"publish","type":"post","link":"https:\/\/www.europesays.com\/fr\/538227\/","title":{"rendered":"David Menut va \u00eatre op\u00e9r\u00e9 &#8211; Actualit\u00e9"},"content":{"rendered":"<p style=\"text-align: justify;\">Coup d&rsquo;arr\u00eat pour <strong><a href=\"https:\/\/www.directvelo.com\/coureur\/4395\/david-menut\" target=\"_blank\" rel=\"noopener\">David Menut<\/a><\/strong>. Bless\u00e9 \u00e0 l&rsquo;occasion de la troisi\u00e8me manche de Coupe de France, disput\u00e9e ce samedi \u00e0 Quelneuc, le coureur d&rsquo;AS Bike Racing-France Literie s&rsquo;est ouvert la main contre un piquet.<\/p>\n<p>Celui qui a termin\u00e9 deux fois 2e \u00e0 Albi va ainsi devoir subir une op\u00e9ration, qui aura lieu ce dimanche, \u00e0 Nantes. David Menut est donc forfait pour la manche de Coupe du Monde \u00e0 Tabor, le week-end prochain, et sa pr\u00e9sence \u00e0 Flamanville est incertaine.<\/p>\n","protected":false},"excerpt":{"rendered":"Coup d&rsquo;arr\u00eat pour David Menut. Bless\u00e9 \u00e0 l&rsquo;occasion de la troisi\u00e8me manche de Coupe de France, disput\u00e9e ce&hellip;\n","protected":false},"author":2,"featured_media":538228,"comment_status":"","ping_status":"","sticky":false,"template":"","format":"standard","meta":{"footnotes":""},"categories":[1411],"tags":[834,828,836,829,837,827,83,826,824,823,1154,207,814,817,815,816,822,821,832,211,839,1011,27,820,818,819,835,831,830,833,838,60,212,208,825],"class_list":{"0":"post-538227","1":"post","2":"type-post","3":"status-publish","4":"format-standard","5":"has-post-thumbnail","7":"category-cyclisme","8":"tag-attaque","9":"tag-belgique","10":"tag-braquet","11":"tag-bretagne","12":"tag-chute","13":"tag-competition","14":"tag-coupe-de-france","15":"tag-coureur","16":"tag-course-cyclisme","17":"tag-course-cycliste","18":"tag-cycling","19":"tag-cyclisme","20":"tag-direct","21":"tag-direct-velo","22":"tag-directvelo","23":"tag-directvelo-com","24":"tag-epreuve","25":"tag-epreuve-cycliste","26":"tag-federation-francaise-de-cyclisme","27":"tag-ffc","28":"tag-flandres","29":"tag-fr","30":"tag-france","31":"tag-live","32":"tag-live-course","33":"tag-live-epreuve","34":"tag-peloton","35":"tag-radio-peloton","36":"tag-radio-tour","37":"tag-ravitaillement","38":"tag-relance","39":"tag-sports","40":"tag-uci","41":"tag-velo","42":"tag-velos"},"share_on_mastodon":{"url":"https:\/\/pubeurope.com\/@fr\/115559726238410808","error":""},"_links":{"self":[{"href":"https:\/\/www.europesays.com\/fr\/wp-json\/wp\/v2\/posts\/538227","targetHints":{"allow":["GET"]}}],"collection":[{"href":"https:\/\/www.europesays.com\/fr\/wp-json\/wp\/v2\/posts"}],"about":[{"href":"https:\/\/www.europesays.com\/fr\/wp-json\/wp\/v2\/types\/post"}],"author":[{"embeddable":true,"href":"https:\/\/www.europesays.com\/fr\/wp-json\/wp\/v2\/users\/2"}],"replies":[{"embeddable":true,"href":"https:\/\/www.europesays.com\/fr\/wp-json\/wp\/v2\/comments?post=538227"}],"version-history":[{"count":0,"href":"https:\/\/www.europesays.com\/fr\/wp-json\/wp\/v2\/posts\/538227\/revisions"}],"wp:featuredmedia":[{"embeddable":true,"href":"https:\/\/www.europesays.com\/fr\/wp-json\/wp\/v2\/media\/538228"}],"wp:attachment":[{"href":"https:\/\/www.europesays.com\/fr\/wp-json\/wp\/v2\/media?parent=538227"}],"wp:term":[{"taxonomy":"category","embeddable":true,"href":"https:\/\/www.europesays.com\/fr\/wp-json\/wp\/v2\/categories?post=538227"},{"taxonomy":"post_tag","embeddable":true,"href":"https:\/\/www.europesays.com\/fr\/wp-json\/wp\/v2\/tags?post=538227"}],"curies":[{"name":"wp","href":"https:\/\/api.w.org\/{rel}","templated":true}]}}