{"id":538231,"date":"2025-11-16T13:58:13","date_gmt":"2025-11-16T13:58:13","guid":{"rendered":"https:\/\/www.europesays.com\/fr\/538231\/"},"modified":"2025-11-16T13:58:13","modified_gmt":"2025-11-16T13:58:13","slug":"affaire-cauet-lanimateur-et-son-epouse-portent-plainte-contre-la-principale-accusatrice","status":"publish","type":"post","link":"https:\/\/www.europesays.com\/fr\/538231\/","title":{"rendered":"Affaire Cauet : l&rsquo;animateur et son \u00e9pouse portent plainte contre la principale accusatrice"},"content":{"rendered":"<p>      R\u00e9sum\u00e9<\/p>\n<p>S\u00e9bastien Cauet et son \u00e9pouse ont d\u00e9pos\u00e9 plainte contre la principale accusatrice, l&rsquo;accusant de divulgation ill\u00e9gale de donn\u00e9es personnelles et d&rsquo;atteinte \u00e0 leur vie priv\u00e9e.<\/p>\n<p>        Sommaire<\/p>\n<p>Depuis maintenant deux ans, S\u00e9bastien Cauet conteste la totalit\u00e9 des all\u00e9gations. Emp\u00eatr\u00e9 dans une affaire d&rsquo;abus sexuels, l&rsquo;animateur <strong>peut compter sur le soutien in\u00e9branlable de son \u00e9pouse Nathalie<\/strong>. L&rsquo;animateur, <a href=\"https:\/\/vsd.fr\/79528-cauet-un-nouveau-depart\/\" target=\"_blank\" rel=\"noopener\">de retour sur Europe 2<\/a>, cartonne. Les derni\u00e8res audiences, publi\u00e9es par M\u00e9diam\u00e9trie, parlent d&rsquo;elles-m\u00eames. A tel point que la direction envisage de lui confier, d\u00e8s le 1er d\u00e9cembre prochain, les apr\u00e8s-midis de la station. <strong>Une co-diffusion du morning sur CSTAR est \u00e9galement d\u00e9battue<\/strong>.<\/p>\n<p>Si professionnellement parlant, le ciel redevient bleu pour Cauet, l&rsquo;animateur doit toutefois continuer \u00e0 faire bloc. Avec son \u00e9pouse Nathalie Dartois et son avocate <strong>Jade Dousselin<\/strong>, il vient de d\u00e9poser une nouvelle plainte contre sa principale accusatrice. Selon Le Parisien, la jeune femme est accus\u00e9e par le couple d&rsquo;avoir<strong> \u00ab\u00a0viol\u00e9 le secret de l&rsquo;instruction\u00a0\u00bb<\/strong> et d&rsquo;avoir<strong> \u00ab\u00a0divulgu\u00e9 les donn\u00e9es personnelles\u00a0\u00bb<\/strong> de Nathalie Dartois et de sa fille adolescente et mineure, de nature \u00e0 les mettre en danger.<\/p>\n<p>L&rsquo;accusatrice de Cauet divulgue toutes ses donn\u00e9es personnelles<\/p>\n<p>Le 14 octobre dernier, S\u00e9bastien Cauet et sa future \u00e9pouse Nathalie (<a href=\"https:\/\/www.public.fr\/cauet-pret-pour-le-mariage-sa-femme-nathalie-lui-a-dit-oui\" target=\"_blank\" rel=\"noopener\">il l&rsquo;a demand\u00e9e en mariage cet \u00e9t\u00e9<\/a>), <strong>se sont rendus \u00e0 la BRDP de Paris<\/strong>. Ils ont \u00e9t\u00e9 entendus pendant toute une apr\u00e8s-midi. Selon nos confr\u00e8res, ils ont depuis fait un compl\u00e9ment de plainte, <strong>en d\u00e9non\u00e7ant des appels masqu\u00e9s avec une voix trafiqu\u00e9e<\/strong>, qu&rsquo;ils imputent \u00e0 la m\u00eame personne.<\/p>\n<p>Les \u00e9l\u00e9ments que Julie, la premi\u00e8re accusatrice, aurait fait fuiter concerneraient son propre dossier. <strong>La jeune femme a d\u00e9pos\u00e9 plainte le 18 novembre 2023 pour \u00ab\u00a0viol\u00a0\u00bb<\/strong>. Trois autres personnes l&rsquo;avaient ensuite suivie dans sa d\u00e9marche. Une information judiciaire pour \u00ab\u00a0viols et agressions sexuelles sur mineures\u00a0\u00bb a alors \u00e9t\u00e9 ouverte. C&rsquo;est ce dossier que Julie aurait fait fuiter sur X, via la messagerie priv\u00e9e. Elle aurait envoy\u00e9 \u00e0 un interlocuteur divers \u00e9l\u00e9ments : \u00ab\u00a0<strong>J\u2019ai quelques \u00e9l\u00e9ments en photo. Normalement je n\u2019ai pas le droit<\/strong> (\u2026) Je t\u2019en supplie, je te fais vraiment confiance cela reste vraiment entre nous\u00a0\u00bb.<\/p>\n<p>Une autre accusatrice mise en examen et bient\u00f4t jug\u00e9e<\/p>\n<p>Dans cette m\u00eame discussion, Julie aurait transmis \u00e0 son interlocuteur l&rsquo;adresse du domicile de Nathalie Dartois, ainsi que son num\u00e9ro de t\u00e9l\u00e9phone et son adresse mail. Pour Jade Dousselin, ce comportement \u00ab\u00a0malveillant\u00a0\u00bb, qui s&rsquo;apparente p\u00e9nalement \u00e0 du \u00ab\u00a0doxing\u00a0\u00bb, <strong>vise \u00e0 importuner le quotidien de l&rsquo;entourage de Cauet<\/strong>. A noter que ce n&rsquo;est pas la premi\u00e8re plainte que d\u00e9pose l&rsquo;animateur. En effet, dans quelques semaines, une autre accusatrice sera jug\u00e9e. Elle est accus\u00e9e d&rsquo;avoir tent\u00e9 de faire chanter l&rsquo;animateur <strong>en lui r\u00e9clamant 30 000 euros en \u00e9change de son silence<\/strong>. L&rsquo;animateur avait <a href=\"https:\/\/vsd.fr\/52721-sebastien-cauet-il-porte-plainte-pour-tentative-dextorsion-de-fonds-en-bande-organisee\/\" target=\"_blank\" rel=\"noopener\">alors aussit\u00f4t d\u00e9pos\u00e9 plainte<\/a>. <\/p>\n<p>\n          Hits &amp; People en continu\n        <\/p>\n<p>\n          Public Radio\n        <\/p>\n<p>      Mentionn\u00e9s dans cet article<\/p>\n<p>      Sur le m\u00eame sujet<\/p>\n","protected":false},"excerpt":{"rendered":"R\u00e9sum\u00e9 S\u00e9bastien Cauet et son \u00e9pouse ont d\u00e9pos\u00e9 plainte contre la principale accusatrice, l&rsquo;accusant de divulgation ill\u00e9gale de&hellip;\n","protected":false},"author":2,"featured_media":538232,"comment_status":"","ping_status":"","sticky":false,"template":"","format":"standard","meta":{"footnotes":""},"categories":[1359],"tags":[58,59,6017,1011,27,973,2634,10082,1265],"class_list":{"0":"post-538231","1":"post","2":"type-post","3":"status-publish","4":"format-standard","5":"has-post-thumbnail","7":"category-people","8":"tag-divertissement","9":"tag-entertainment","10":"tag-fait-divers","11":"tag-fr","12":"tag-france","13":"tag-people","14":"tag-plainte","15":"tag-sebastien-cauet","16":"tag-viol"},"share_on_mastodon":{"url":"https:\/\/pubeurope.com\/@fr\/115559733973511318","error":""},"_links":{"self":[{"href":"https:\/\/www.europesays.com\/fr\/wp-json\/wp\/v2\/posts\/538231","targetHints":{"allow":["GET"]}}],"collection":[{"href":"https:\/\/www.europesays.com\/fr\/wp-json\/wp\/v2\/posts"}],"about":[{"href":"https:\/\/www.europesays.com\/fr\/wp-json\/wp\/v2\/types\/post"}],"author":[{"embeddable":true,"href":"https:\/\/www.europesays.com\/fr\/wp-json\/wp\/v2\/users\/2"}],"replies":[{"embeddable":true,"href":"https:\/\/www.europesays.com\/fr\/wp-json\/wp\/v2\/comments?post=538231"}],"version-history":[{"count":0,"href":"https:\/\/www.europesays.com\/fr\/wp-json\/wp\/v2\/posts\/538231\/revisions"}],"wp:featuredmedia":[{"embeddable":true,"href":"https:\/\/www.europesays.com\/fr\/wp-json\/wp\/v2\/media\/538232"}],"wp:attachment":[{"href":"https:\/\/www.europesays.com\/fr\/wp-json\/wp\/v2\/media?parent=538231"}],"wp:term":[{"taxonomy":"category","embeddable":true,"href":"https:\/\/www.europesays.com\/fr\/wp-json\/wp\/v2\/categories?post=538231"},{"taxonomy":"post_tag","embeddable":true,"href":"https:\/\/www.europesays.com\/fr\/wp-json\/wp\/v2\/tags?post=538231"}],"curies":[{"name":"wp","href":"https:\/\/api.w.org\/{rel}","templated":true}]}}