{"id":538245,"date":"2025-11-16T14:06:15","date_gmt":"2025-11-16T14:06:15","guid":{"rendered":"https:\/\/www.europesays.com\/fr\/538245\/"},"modified":"2025-11-16T14:06:15","modified_gmt":"2025-11-16T14:06:15","slug":"la-machine-sest-enrayee-pourquoi-seulement-cinq-films-francais-ont-depasse-le-million-dentrees-en-2025","status":"publish","type":"post","link":"https:\/\/www.europesays.com\/fr\/538245\/","title":{"rendered":"\u00ab\u00a0La machine s\u2019est enray\u00e9e\u00a0\u00bb\u00a0: pourquoi seulement cinq films fran\u00e7ais ont d\u00e9pass\u00e9 le million d\u2019entr\u00e9es en 2025"},"content":{"rendered":"<p class=\"paragraph text_align_left lp-f-body-02\">Et de cinq ! <a href=\"https:\/\/www.leparisien.fr\/culture-loisirs\/cinema\/que-vaut-kaamelott-volet-2-partie-i-le-retour-du-roi-arthur-entre-humour-caustique-mystere-et-beaux-decors-16-10-2025-APFM3VTFRFEEHPXJSOKLREDRQU.php\" target=\"_blank\" rel=\"noreferrer nofollow noopener\">\u00ab Kaamelott deuxi\u00e8me volet &#8211; partie 1 \u00bb<\/a> s\u2019appr\u00eate \u00e0 rejoindre d\u2019ici \u00e0 mardi soir un club encore plus s\u00e9lect que la Table ronde : celui des films fran\u00e7ais qui ont d\u00e9pass\u00e9 le million de spectateurs en 2025. Depuis le 1er janvier, seuls quatre longs-m\u00e9trages avaient franchi ce seuil : <a href=\"https:\/\/www.leparisien.fr\/culture-loisirs\/cinema\/god-save-the-tuche-on-a-vu-le-cinquieme-opus-de-la-saga-realise-par-jean-paul-rouve-et-il-est-tres-reussi-12-01-2025-JADI6PIF4BE3XKNCZ6RCHXQRF4.php\" target=\"_blank\" rel=\"noreferrer nofollow noopener\">\u00ab God Save the Tuche \u00bb<\/a> de Jean-Paul Rouve (3 millions d\u2019entr\u00e9es), \u00ab Ma m\u00e8re, Dieu et Sylvie Vartan \u00bb de Ken Scott (1,5 million), <a href=\"https:\/\/www.leparisien.fr\/culture-loisirs\/cinema\/dubosc-et-poelvoorde-dans-un-ours-dans-le-jura-on-avait-limpression-quon-se-connaissait-deja-31-12-2024-SXZ2ABX4NFAWVG3XOC6OJMNTCU.php\" target=\"_blank\" rel=\"noreferrer nofollow noopener\">\u00ab Un ours dans le Jura \u00bb<\/a> de Franck Dubosc (1,5 million) et <a href=\"https:\/\/www.leparisien.fr\/culture-loisirs\/cinema\/chien-51-que-vaut-le-thriller-futuriste-avec-adele-exarchopoulos-et-gilles-lellouche-05-10-2025-GFSA5TXXNBFXLMK2HWOOIKJR54.php\" target=\"_blank\" rel=\"noreferrer nofollow noopener\">\u00ab Chien 51 \u00bb<\/a> de C\u00e9dric Jimenez (1,3 million). Depuis ce week-end, le nouveau long-m\u00e9trage d\u2019Alexandre Astier est, \u00e0 son tour, devenu \u00ab millionnaire \u00bb.<\/p>\n<p class=\"paragraph text_align_left lp-f-body-02\">Le roi Arthur n\u2019a pas de quoi fanfaronner pour autant. En juillet 2021, il n\u2019avait fallu qu\u2019une semaine \u00e0 <a href=\"https:\/\/www.leparisien.fr\/culture-loisirs\/cinema\/kaamelott-premier-volet-epique-et-foutraque-20-07-2021-CWVG5C5VEZCZLLZW6HHMB5RMCQ.php\" target=\"_blank\" rel=\"noreferrer nofollow noopener\">\u00ab Kaamelott &#8211; premier volet \u00bb<\/a> pour engranger un million de billets vendus. Cette fois-ci, quatre semaines auront \u00e9t\u00e9 n\u00e9cessaires pour r\u00e9colter un score \u00e0 sept chiffres.<\/p>\n","protected":false},"excerpt":{"rendered":"Et de cinq ! \u00ab Kaamelott deuxi\u00e8me volet &#8211; partie 1 \u00bb s\u2019appr\u00eate \u00e0 rejoindre d\u2019ici \u00e0 mardi&hellip;\n","protected":false},"author":2,"featured_media":538246,"comment_status":"","ping_status":"","sticky":false,"template":"","format":"standard","meta":{"footnotes":""},"categories":[8],"tags":[650,872,58,59,1011,27],"class_list":{"0":"post-538245","1":"post","2":"type-post","3":"status-publish","4":"format-standard","5":"has-post-thumbnail","7":"category-divertissement","8":"tag-cinema","9":"tag-culture-et-loisirs","10":"tag-divertissement","11":"tag-entertainment","12":"tag-fr","13":"tag-france"},"share_on_mastodon":{"url":"https:\/\/pubeurope.com\/@fr\/115559765801460293","error":""},"_links":{"self":[{"href":"https:\/\/www.europesays.com\/fr\/wp-json\/wp\/v2\/posts\/538245","targetHints":{"allow":["GET"]}}],"collection":[{"href":"https:\/\/www.europesays.com\/fr\/wp-json\/wp\/v2\/posts"}],"about":[{"href":"https:\/\/www.europesays.com\/fr\/wp-json\/wp\/v2\/types\/post"}],"author":[{"embeddable":true,"href":"https:\/\/www.europesays.com\/fr\/wp-json\/wp\/v2\/users\/2"}],"replies":[{"embeddable":true,"href":"https:\/\/www.europesays.com\/fr\/wp-json\/wp\/v2\/comments?post=538245"}],"version-history":[{"count":0,"href":"https:\/\/www.europesays.com\/fr\/wp-json\/wp\/v2\/posts\/538245\/revisions"}],"wp:featuredmedia":[{"embeddable":true,"href":"https:\/\/www.europesays.com\/fr\/wp-json\/wp\/v2\/media\/538246"}],"wp:attachment":[{"href":"https:\/\/www.europesays.com\/fr\/wp-json\/wp\/v2\/media?parent=538245"}],"wp:term":[{"taxonomy":"category","embeddable":true,"href":"https:\/\/www.europesays.com\/fr\/wp-json\/wp\/v2\/categories?post=538245"},{"taxonomy":"post_tag","embeddable":true,"href":"https:\/\/www.europesays.com\/fr\/wp-json\/wp\/v2\/tags?post=538245"}],"curies":[{"name":"wp","href":"https:\/\/api.w.org\/{rel}","templated":true}]}}