{"id":538251,"date":"2025-11-16T14:09:16","date_gmt":"2025-11-16T14:09:16","guid":{"rendered":"https:\/\/www.europesays.com\/fr\/538251\/"},"modified":"2025-11-16T14:09:16","modified_gmt":"2025-11-16T14:09:16","slug":"comment-jd-vance-pose-ses-jalons-pour-lapres-trump","status":"publish","type":"post","link":"https:\/\/www.europesays.com\/fr\/538251\/","title":{"rendered":"Comment JD Vance pose ses jalons pour l\u2019apr\u00e8s-Trump"},"content":{"rendered":"<p>        <img decoding=\"async\" loading=\"lazy\" src=\"https:\/\/www.europesays.com\/fr\/wp-content\/uploads\/2025\/11\/59fd7a5_1722153406459-000-366g2rk.jpg\"  width=\"728\" height=\"409\" alt=\"Comment JD Vance se positionne pour la pr\u00e9sidentielle de 2028\u00a0(Photo de JD Vance lors de la campagne pour la pr\u00e9sidentielle en 2024)\"\/>  <\/p>\n<p>ALEX WROBLEWSKI \/ AFP<\/p>\n<p>Comment JD Vance se positionne pour la pr\u00e9sidentielle de 2028\u00a0(Photo de JD Vance lors de la campagne pour la pr\u00e9sidentielle en 2024)<\/p>\n<p>      <strong>EN BREF<\/strong> <strong>\u2022 <\/strong>JD Vance se positionne pour l\u2019\u00e9lection pr\u00e9sidentielle de 2028.<br \/><strong>\u2022 <\/strong>Favori des partisans MAGA, Vance pourrait affronter Gavin Newsom et, au sein de son camp, Marco Rubio, qui semble toutefois pr\u00eat \u00e0 le soutenir.<br \/><strong>\u2022 <\/strong>Donald Trump rejette l\u2019id\u00e9e de devenir vice-pr\u00e9sident, mais laisse planer le doute sur un troisi\u00e8me mandat pourtant interdit par la Constitution.                         <\/p>\n<p class=\"asset asset-text\">\u00c9TATS-UNIS &#8211; Donald Trump ne peut pas se pr\u00e9senter<a href=\"https:\/\/www.huffingtonpost.fr\/international\/article\/donald-trump-dement-cette-piste-explosive-pour-un-eventuel-troisieme-mandat_256453.html\" target=\"_blank\" rel=\"noopener\"> pour un troisi\u00e8me mandat en 2028<\/a>\u00a0? Pas de panique, son vice-pr\u00e9sident est d\u00e9j\u00e0 pr\u00eat \u00e0 prendre la rel\u00e8ve. Dans une interview donn\u00e9e \u00e0 Fox News cette semaine, JD Vance s\u2019est publiquement positionn\u00e9 <a href=\"https:\/\/www.huffingtonpost.fr\/international\/article\/ce-signe-qui-montre-que-trump-n-a-vraiment-pas-ecarte-de-se-presenter-pour-un-3e-mandat_249220.html\" target=\"_blank\" rel=\"noopener\">pour la prochaine pr\u00e9sidentielle<\/a>. Le r\u00e9publicain n\u2019oublie toutefois pas les d\u00e9cisives \u00e9lections de mi-mandat de novembre\u00a02026.<\/p>\n<p class=\"asset asset-text\">Face au journaliste de Fox News, le r\u00e9publicain s\u2019est projet\u00e9 sur l\u2019apr\u00e8s-midterms, les deux derni\u00e8res ann\u00e9es de r\u00e8gne de Donald Trump, mais surtout les deux ann\u00e9es de campagne pour 2028.<\/p>\n<p class=\"asset asset-text\">\u00ab\u00a0J\u2019ai bien s\u00fbr r\u00e9fl\u00e9chi \u00e0 ce \u00e0 quoi pourrait ressembler la p\u00e9riode apr\u00e8s les \u00e9lections de mi-mandat. Mais\u2026 chaque fois que j\u2019y pense, j\u2019essaie de chasser ces pens\u00e9es de mon esprit et de me rappeler que le peuple am\u00e9ricain m\u2019a \u00e9lu pour faire un travail maintenant, et que mon travail est de l\u2019accomplir\u00a0\u00bb, a tout d\u2019abord r\u00e9pondu le vice-pr\u00e9sident.<\/p>\n<p> La lecture de ce contenu est susceptible d\u2019entra\u00eener un d\u00e9p\u00f4t de cookies de la part de l\u2019op\u00e9rateur tiers qui l\u2019h\u00e9berge. Compte-tenu des choix que vous avez exprim\u00e9s en mati\u00e8re de d\u00e9p\u00f4t de cookies, nous avons bloqu\u00e9 l\u2019affichage de ce contenu. Si vous souhaitez y acc\u00e9der, vous devez accepter la cat\u00e9gorie de cookies \u201cContenus tiers\u201d en cliquant sur le bouton ci-dessous. <\/p>\n<p> Lire la Vid\u00e9o        Op\u00e9ration\u00a0: gagner les midterms et convoiter la Maison Blanche    <\/p>\n<p class=\"asset asset-text\">Mais le bras droit de Donald Trump d\u00e9j\u00e0 son jeu en t\u00eate, comme en t\u00e9moigne la suite de l\u2019interview. Pour lui, novembre\u00a02026\u00a0verra la gloire du parti r\u00e9publicain et sera le moment de se pr\u00e9senter \u00e0 la succession de Trump. \u00ab\u00a0Nous allons gagner les \u00e9lections de mi-mandat. Nous allons tout faire pour gagner les \u00e9lections de mi-mandat. Et ensuite, je m\u2019entretiendrai avec le pr\u00e9sident des \u00c9tats-Unis \u00e0 ce sujet\u00a0\u00bb, ajoute-t-il en r\u00e9f\u00e9rence \u00e0 une candidature \u00e0 la Maison-Blanche.<\/p>\n<p class=\"asset asset-text\">Comme le souligne le site d\u2019informations <a href=\"https:\/\/www.axios.com\/2025\/11\/14\/jd-vance-trump-presidential-run-midterms\" target=\"_blank\" rel=\"noopener\" title=\"Nouvelle fen\u00eatre\">Axios<\/a>, Vance est\u00a0un favori des partisans MAGA\u00a0(\u00ab\u00a0Make America Great Again\u00a0\u00bb) pour 2028 et les premiers\u00a0<a href=\"https:\/\/www.thecentersquare.com\/national\/article_1588cfa9-23b2-4b55-830b-a88003cd18cd.html\" target=\"_blank\" rel=\"noopener\" title=\"Nouvelle fen\u00eatre\">sondages<\/a>\u00a0le montrent en bonne position en tant que candidat r\u00e9publicain. Il pourrait se retrouver en duel face au gouverneur d\u00e9mocrate de Californie Gavin Newsom, candidat pressenti \u00e0 la pr\u00e9sidentielle, qui a m\u00eame d\u00e9j\u00e0 une\u00a0l\u00e9g\u00e8re\u00a0avance dans les sondages.<\/p>\n<p class=\"asset asset-text\">Mais ce n\u2019est pas le seul adversaire qu\u2019il devrait affronter en cas de course \u00e0 la Maison-Blanche. Le secr\u00e9taire d\u2019\u00c9tat\u00a0Marco Rubio est un autre candidat potentiel pour 2028. \u00ab\u00a0Si Marco finit par se pr\u00e9senter \u00e0 la pr\u00e9sidence, alors\u2026 nous pourrons examiner cette question le moment venu\u00a0\u00bb, a d\u00e9clar\u00e9 JD Vance.<\/p>\n<p class=\"asset asset-text\">Mais d\u2019apr\u00e8s des informations de <a href=\"https:\/\/www.politico.com\/news\/2025\/11\/07\/rubio-vance-2028-republican-nominee-00640908?nid=0000018f-3124-de07-a98f-3be4d1400000&amp;nname=politico-toplines&amp;nrid=591d5cac-20b0-4112-8ff2-5272b8891754\" target=\"_blank\" rel=\"noopener\" title=\"Nouvelle fen\u00eatre\">Politico<\/a> citant une l\u2019entourage proche de Marco Rubio, ce dernier aurait tenu des propos en priv\u00e9 \u00e9cartant l\u2019hypoth\u00e8se d\u2019un duel entre eux. \u00ab\u00a0Marco a \u00e9t\u00e9 tr\u00e8s clair\u00a0: JD sera le candidat r\u00e9publicain s\u2019il le souhaite. Il fera tout son possible pour soutenir le vice-pr\u00e9sident dans cet effort.\u00a0\u00bb<\/p>\n<p>    Le param\u00e8tre Donald Trump    <\/p>\n<p class=\"asset asset-text\">Un cas de figure avec JD Vance \u00e0 la pr\u00e9sidence, mais qui pour la vice-pr\u00e9sidence\u00a0? C\u2019est l\u00e0 que \u00e7a pourrait se corser. L\u2019une des hypoth\u00e8ses en vogue dans la sph\u00e8re trumpiste serait que Donald Trump lui-m\u00eame se pr\u00e9sente dans trois ans pour tenir ce r\u00f4le.<\/p>\n<p class=\"asset asset-text\">Une rumeur qui a \u00e9t\u00e9 \u00e9cart\u00e9e par le pr\u00e9sident am\u00e9ricain cette semaine\u00a0: \u00ab\u00a0J\u2019aurais le droit de le faire\u00a0\u00bb mais \u00ab\u00a0je ne le ferai pas\u00a0\u00bb, a-t-il dit, estimant que cela reviendrait \u00e0 \u00ab\u00a0faire le malin\u00a0\u00bb et que \u00ab\u00a0ce ne serait pas bien\u00a0\u00bb. Toutefois, a-t-il insist\u00e9, \u00ab\u00a0nous avons <a href=\"https:\/\/www.huffingtonpost.fr\/international\/article\/donald-trump-jr-n-exclut-plus-de-se-presenter-a-la-presidentielle-americaine-y-compris-en-2028_250347.html\" target=\"_blank\" rel=\"noopener\">beaucoup de personnes <\/a>formidables\u00a0\u00bb pour les plus hautes responsabilit\u00e9s.<\/p>\n<p class=\"asset asset-text\">Mais surtout, <a href=\"https:\/\/www.huffingtonpost.fr\/international\/article\/un-troisieme-mandat-pour-trump-la-strategie-derriere-l-ambiguite-de-ses-propos_256538.html\" target=\"_blank\" rel=\"noopener\">Trump ne cesse de souffler le chaud et le froid<\/a> sur un troisi\u00e8me mandat, qu\u2019il n\u2019a l\u00e9galement pas le droit de faire. En mai dernier, affirmant comme \u00e0 l\u2019accoutum\u00e9e que c\u2019\u00e9tait bien lui, et non le d\u00e9mocrate Joe Biden, qui avait en r\u00e9alit\u00e9 remport\u00e9 l\u2019\u00e9lection de 2020, il avait d\u00e9clar\u00e9\u00a0: \u00ab\u00a0Nous avons remport\u00e9 trois \u00e9lections, d\u2019accord\u00a0? Et certaines personnes veulent que nous en fassions une quatri\u00e8me, je ne sais pas. Il faut r\u00e9fl\u00e9chir \u00e0 cela.\u00a0\u00bb<\/p>\n<p class=\"asset asset-text\">Dix jours avant, interrog\u00e9 sur un autre dossier, il avait indiqu\u00e9 ne pas savoir s\u2019il devait respecter la Constitution, norme juridique supr\u00eame des \u00c9tats-Unis, scandalisant juristes et adversaires politiques. S\u2019il d\u00e9cide de s\u2019affranchir de la Constitution, voil\u00e0 qui devrait assombrir les espoirs de son vice-pr\u00e9sident.<\/p>\n","protected":false},"excerpt":{"rendered":"ALEX WROBLEWSKI \/ AFP Comment JD Vance se positionne pour la pr\u00e9sidentielle de 2028\u00a0(Photo de JD Vance lors&hellip;\n","protected":false},"author":2,"featured_media":538252,"comment_status":"","ping_status":"","sticky":false,"template":"","format":"standard","meta":{"footnotes":""},"categories":[5],"tags":[11,75,65701,73,1011,27,14,591,12,28],"class_list":{"0":"post-538251","1":"post","2":"type-post","3":"status-publish","4":"format-standard","5":"has-post-thumbnail","7":"category-international","8":"tag-actualites","9":"tag-donald-trump","10":"tag-elections-presidentielles-americaines","11":"tag-etats-unis","12":"tag-fr","13":"tag-france","14":"tag-international","15":"tag-jd-vance","16":"tag-news","17":"tag-world"},"share_on_mastodon":{"url":"https:\/\/pubeurope.com\/@fr\/115559777423405504","error":""},"_links":{"self":[{"href":"https:\/\/www.europesays.com\/fr\/wp-json\/wp\/v2\/posts\/538251","targetHints":{"allow":["GET"]}}],"collection":[{"href":"https:\/\/www.europesays.com\/fr\/wp-json\/wp\/v2\/posts"}],"about":[{"href":"https:\/\/www.europesays.com\/fr\/wp-json\/wp\/v2\/types\/post"}],"author":[{"embeddable":true,"href":"https:\/\/www.europesays.com\/fr\/wp-json\/wp\/v2\/users\/2"}],"replies":[{"embeddable":true,"href":"https:\/\/www.europesays.com\/fr\/wp-json\/wp\/v2\/comments?post=538251"}],"version-history":[{"count":0,"href":"https:\/\/www.europesays.com\/fr\/wp-json\/wp\/v2\/posts\/538251\/revisions"}],"wp:featuredmedia":[{"embeddable":true,"href":"https:\/\/www.europesays.com\/fr\/wp-json\/wp\/v2\/media\/538252"}],"wp:attachment":[{"href":"https:\/\/www.europesays.com\/fr\/wp-json\/wp\/v2\/media?parent=538251"}],"wp:term":[{"taxonomy":"category","embeddable":true,"href":"https:\/\/www.europesays.com\/fr\/wp-json\/wp\/v2\/categories?post=538251"},{"taxonomy":"post_tag","embeddable":true,"href":"https:\/\/www.europesays.com\/fr\/wp-json\/wp\/v2\/tags?post=538251"}],"curies":[{"name":"wp","href":"https:\/\/api.w.org\/{rel}","templated":true}]}}