{"id":538260,"date":"2025-11-16T14:18:07","date_gmt":"2025-11-16T14:18:07","guid":{"rendered":"https:\/\/www.europesays.com\/fr\/538260\/"},"modified":"2025-11-16T14:18:07","modified_gmt":"2025-11-16T14:18:07","slug":"toulon-serin-rempile","status":"publish","type":"post","link":"https:\/\/www.europesays.com\/fr\/538260\/","title":{"rendered":"Toulon: Serin rempile"},"content":{"rendered":"<p><strong>L&rsquo;aventure continue pour Baptiste<br \/>\nSerin (31 ans) au RCT. Le club toulonnais a annonc\u00e9 ce jeudi que<br \/>\nson exp\u00e9riment\u00e9 demi de m\u00eal\u00e9e arriv\u00e9 dans le Var en 2019 avait<br \/>\nprolong\u00e9 son contrat de deux ans. L&rsquo;ancien joueur de l&rsquo;UBB est<br \/>\nd\u00e9sormais li\u00e9 \u00e0 Toulon jusqu&rsquo;en 2028.<\/strong><\/p>\n<p>Quelle semaine vient de vivre Baptiste Serin (31 ans) ! Quelques<br \/>\nheures apr\u00e8s que le demi de m\u00eal\u00e9e international, qui ne devrait pas<br \/>\nd\u00e9buter pour autant samedi \u00e0 Bordeaux Face aux Fidji, a \u00e9t\u00e9 rappel\u00e9<br \/>\npar Fabien Galthi\u00e9 chez les Bleus pour la suite de la tourn\u00e9e<br \/>\nd\u2019automne du XV de France cons\u00e9cutivement \u00e0 la blessure de Nolann<br \/>\nLe Garrec, qui avait d\u00e9but\u00e9 en charni\u00e8re aux c\u00f4t\u00e9s de Romain<br \/>\nNtamack face \u00e0 l\u2019Afrique du Sud samedi dernier lors du premier des<br \/>\ntrois tests au programme pour les Fran\u00e7ais, Toulon a annonc\u00e9 une<br \/>\nautre bonne nouvelle concernant son exp\u00e9riment\u00e9 num\u00e9ro 9.<\/p>\n<p>Via une vid\u00e9o diffus\u00e9e sur les r\u00e9seaux sociaux et intitul\u00e9e<br \/>\n\u00ab\u00a0Baptiste Serin a un message pour vous\u00a0\u00bb, l\u2019ancien<br \/>\njoueur de l\u2019Union Bordeaux-B\u00e8gles arriv\u00e9 \u00e0 Toulon en 2019 alors<br \/>\nqu\u2019il n\u2019avait connu que les couleurs girondines depuis ses d\u00e9buts<br \/>\nchez les professionnels, sept ans plus t\u00f4t, r\u00e9v\u00e8le lui-m\u00eame qu\u2019il a<br \/>\nparaph\u00e9 un nouveau contrat de deux ans, qui le lie d\u00e9sormais aux<br \/>\nRouge et Noir jusqu\u2019en juin 2028. Et \u00e0 attendre Serin, vainqueur de<br \/>\nla Challenge Cup en 2023 avec le RCT et qui compte 135 matchs sous<br \/>\nles couleurs de Toulon \u00e0 ce jour, il n\u2019a pas vraiment h\u00e9sit\u00e9 au<br \/>\nmoment de d\u00e9cider de poursuivre sa carri\u00e8re dans le Var.<\/p>\n<p><strong>Serin : \u00ab\u00a0Il est<br \/>\ntemps d\u2019\u00e9crire une nouvelle page\u00a0\u00bb<\/strong><\/p>\n<p>\u00ab\u00a0Aujourd\u2019hui, un choix de carri\u00e8re, se pr\u00e9sente \u00e0 moi. Il<br \/>\nest temps d\u2019\u00e9crire une nouvelle page. Cette page, j\u2019ai envie de<br \/>\nl\u2019\u00e9crire avec vous. Je veux continuer \u00e0 me battre pour l\u2019\u00e9quipe.<br \/>\nPour vous les supporters, pour ma famille, pour Toulon\u00a0\u00bb,<br \/>\nconfie Serin, sans cacher qu\u2019il ne s\u2019attendait pas forc\u00e9ment \u00e0<br \/>\nvivre pareille histoire d\u2019amour lorsqu\u2019il a rejoint le RCT.<\/p>\n<p>\u00ab\u00a0Quand je suis arriv\u00e9 ici, je ne savais pas trop \u00e0 quoi<br \/>\nm\u2019attendre. Mais j\u2019ai tr\u00e8s vite compris. J\u2019ai compris ce que<br \/>\nvoulait dire porter ce maillot, jouer pour cette ville, pour ses<br \/>\nsupporters. Ma famille s\u2019est construite ici, j\u2019ai connu des hauts,<br \/>\ndes bas, des moments que je n\u2019oublierai jamais.\u00a0\u00bb Il devrait<br \/>\nen conna\u00eetre de nouveaux encore, au cours de ces deux nouvelles<br \/>\nsaisons qui l\u2019attendent dans le Var.<\/p>\n<p>Pierre Mignoni, son entra\u00eeneur, en est persuad\u00e9. \u00ab\u00a0Baptiste<br \/>\nest un joueur p\u00e9tri de talent (\u2026) Sa fid\u00e9lit\u00e9 et son engagement<br \/>\nsont \u00e0 l\u2019image des valeurs que nous d\u00e9fendons.\u00a0\u00bb<\/p>\n","protected":false},"excerpt":{"rendered":"L&rsquo;aventure continue pour Baptiste Serin (31 ans) au RCT. Le club toulonnais a annonc\u00e9 ce jeudi que son&hellip;\n","protected":false},"author":2,"featured_media":538261,"comment_status":"","ping_status":"","sticky":false,"template":"","format":"standard","meta":{"footnotes":""},"categories":[9619],"tags":[1111,11,1777,674,1011,27,12,882,25,57681,2310],"class_list":{"0":"post-538260","1":"post","2":"type-post","3":"status-publish","4":"format-standard","5":"has-post-thumbnail","7":"category-toulon","8":"tag-actu","9":"tag-actualites","10":"tag-eu","11":"tag-europe","12":"tag-fr","13":"tag-france","14":"tag-news","15":"tag-provence-alpes-cote-dazur","16":"tag-republique-francaise","17":"tag-sport365-fr","18":"tag-toulon"},"share_on_mastodon":{"url":"https:\/\/pubeurope.com\/@fr\/115559812668933320","error":""},"_links":{"self":[{"href":"https:\/\/www.europesays.com\/fr\/wp-json\/wp\/v2\/posts\/538260","targetHints":{"allow":["GET"]}}],"collection":[{"href":"https:\/\/www.europesays.com\/fr\/wp-json\/wp\/v2\/posts"}],"about":[{"href":"https:\/\/www.europesays.com\/fr\/wp-json\/wp\/v2\/types\/post"}],"author":[{"embeddable":true,"href":"https:\/\/www.europesays.com\/fr\/wp-json\/wp\/v2\/users\/2"}],"replies":[{"embeddable":true,"href":"https:\/\/www.europesays.com\/fr\/wp-json\/wp\/v2\/comments?post=538260"}],"version-history":[{"count":0,"href":"https:\/\/www.europesays.com\/fr\/wp-json\/wp\/v2\/posts\/538260\/revisions"}],"wp:featuredmedia":[{"embeddable":true,"href":"https:\/\/www.europesays.com\/fr\/wp-json\/wp\/v2\/media\/538261"}],"wp:attachment":[{"href":"https:\/\/www.europesays.com\/fr\/wp-json\/wp\/v2\/media?parent=538260"}],"wp:term":[{"taxonomy":"category","embeddable":true,"href":"https:\/\/www.europesays.com\/fr\/wp-json\/wp\/v2\/categories?post=538260"},{"taxonomy":"post_tag","embeddable":true,"href":"https:\/\/www.europesays.com\/fr\/wp-json\/wp\/v2\/tags?post=538260"}],"curies":[{"name":"wp","href":"https:\/\/api.w.org\/{rel}","templated":true}]}}