{"id":538266,"date":"2025-11-16T14:21:14","date_gmt":"2025-11-16T14:21:14","guid":{"rendered":"https:\/\/www.europesays.com\/fr\/538266\/"},"modified":"2025-11-16T14:21:14","modified_gmt":"2025-11-16T14:21:14","slug":"le-salon-de-la-musique-revient-a-rouen-ce-dimanche-levenement-qui-va-faire-vibrer-toute-la-scene-locale","status":"publish","type":"post","link":"https:\/\/www.europesays.com\/fr\/538266\/","title":{"rendered":"Le Salon de la Musique revient \u00e0 Rouen ce dimanche : l&rsquo;\u00e9v\u00e9nement qui va faire vibrer toute la sc\u00e8ne locale"},"content":{"rendered":"<p>            \u00c9v\u00e9nement musique Rouen : 3e \u00e9dition du Salon de la Musique \u00e0 la Halle aux Toiles le 23 novembre 2025<\/p>\n<p>On ne va pas se mentir : entre les cours de guitare dans le garage, les groupes qui cherchent d\u00e9sesp\u00e9r\u00e9ment un batteur et les disquaires qui nous manquent cruellement, la vie de musicien \u00e0 Rouen, c\u2019est pas toujours simple. Mais attention, parce que <strong>dimanche 23 novembre<\/strong>, la <strong>Halle aux Toiles<\/strong> va se transformer en QG absolu de tous les passionn\u00e9s de musique. Et spoiler : vous allez kiffer.<\/p>\n<p>TST Radio remet le couvert (et c\u2019est tant mieux)<\/p>\n<p>Pour la <strong>troisi\u00e8me ann\u00e9e cons\u00e9cutive<\/strong>, l\u2019association TST Radio organise LE rendez-vous incontournable de la <strong>sc\u00e8ne musicale rouennaise<\/strong> \u2013 et m\u00eame nationale. Cette fois, c\u2019est du lourd : <strong>plus de 50 exposants<\/strong> qui d\u00e9barquent des quatre coins de la France pour squatter les <strong>800 m\u00b2<\/strong> du premier \u00e9tage de la Halle aux Toiles. Luthiers, disquaires, \u00e9coles de musique, labels, studios, artistes\u2026 Bref, tout ce qui compte dans le game musical sera l\u00e0.<\/p>\n<p>Et on vous le dit tout de suite : ce n\u2019est pas votre salon pompeux o\u00f9 on ose \u00e0 peine toucher les instruments. Ici, que vous soyez <strong>musicien confirm\u00e9<\/strong> ou simple <strong>amateur<\/strong> qui \u00e9coute du Jul sous la douche, vous \u00eates les bienvenus. L\u2019ambiance ? Ultra-chill et hyper-accessible.<\/p>\n<blockquote class=\"instagram-media\" data-instgrm-permalink=\"https:\/\/www.instagram.com\/p\/DQTkckLDeLl\/?utm_source=ig_embed&amp;utm_campaign=loading\" data-instgrm-version=\"14\" style=\" background:#FFF; border:0; border-radius:3px; box-shadow:0 0 1px 0 rgba(0,0,0,0.5),0 1px 10px 0 rgba(0,0,0,0.15); margin: 1px; max-width:540px; min-width:326px; padding:0; width:99.375%; width:-webkit-calc(100% - 2px); width:calc(100% - 2px);\" wp_automatic_readability=\"-0.18260869565217\"\/><p>Des expos qu\u2019on ne voit pas partout<\/p>\n<p>Parce que voir la SACEM ou Cultura, c\u2019est cool, mais pas hyper original, le salon a d\u00e9cid\u00e9 de sortir des sentiers battus. Au programme des d\u00e9couvertes insolites :<\/p>\n<ul class=\"wp-block-list\">\n<li>Une <strong>\u00e9cole de compositeurs de musique de film<\/strong> <\/li>\n<li>Un <strong>bijoutier pour instruments<\/strong> <\/li>\n<li>Une <strong>sophrologue sp\u00e9cialis\u00e9e dans le trac des musiciens<\/strong><\/li>\n<\/ul>\n<p>Et bien s\u00fbr, les classiques qui rassurent : <strong>Cultura<\/strong>, <strong>Riff X<\/strong> (le Credit Mutuel version rock\u2019n\u2019roll), <strong>l\u2019EIJ<\/strong>, <strong>le Kalif<\/strong>\u2026 Tous les acteurs majeurs de la sc\u00e8ne normande seront pr\u00e9sents.<\/p>\n<p style=\"margin: 0; color: #000000; font-size: 16px; font-weight: bold;\">\u00c0 voir aussi sur Rouen Bouge<\/p>\n<\/p>\n<p>                    \u2716\n                <\/p>\n<p>Un programme de ouf (litt\u00e9ralement)<\/p>\n<p>D\u00e8s <strong>9h du mat\u2019<\/strong>, Marie Andr\u00e9e Malleville, l\u2019\u00e9lue \u00e0 la Culture de la Ville de Rouen, donnera le coup d\u2019envoi officiel. Mais le vrai kiff, c\u2019est le programme qui suit :<\/p>\n<p><strong>9h \u2013 L\u2019\u00e9veil musical pour les kids<\/strong> : Comptines au piano, ukul\u00e9l\u00e9 et kalimba pour les petites mains. Parce qu\u2019il n\u2019est jamais trop t\u00f4t pour devenir la future star de Rouen.<\/p>\n<p><strong>9h30 \u2013 Le Speed Dating Musical<\/strong> : Vous cherchez un bassiste qui ne disparaisse pas apr\u00e8s deux r\u00e9p\u00e8tes ? Un clavi\u00e9riste qui kiffe vraiment le prog ? C\u2019est le moment ou jamais. Sur inscription uniquement (parce qu\u2019on ne veut que des gens motiv\u00e9s).<\/p>\n<p><strong>11h \u2013 Conf\u00e9rence avec Pierrick Benhafaied<\/strong> : \u00ab\u00a0Les erreurs \u00e0 \u00e9viter pour la cr\u00e9ation d\u2019un album\u00a0\u00bb. Autant dire que si vous comptez sortir votre premier EP, cette conf est obligatoire.<\/p>\n<p><strong>14h \u2013 G\u00e9rer son trac avec Fredericke Richard<\/strong> : La sophrologue dont on vous parlait plus haut d\u00e9voile ses secrets pour ne plus trembler comme une feuille avant un concert.<\/p>\n<p><strong>16h \u2013 \u00ab\u00a0La Guitare \u00c9lectrique : quasiment 100 ans de n\u2019importe quoi\u00a0\u00bb<\/strong> : Ga\u00ebl Liger nous raconte l\u2019histoire d\u00e9jant\u00e9e de l\u2019instrument qui a tout chang\u00e9. On parie que vous allez apprendre des trucs louches.<\/p>\n<p><strong>17h \u2013 Jam Session<\/strong> : Le moment que tout le monde attend. On sort les instruments, on se l\u00e2che, on improvise. L\u2019occasion parfaite pour tester ce que vous venez d\u2019acheter chez les exposants.<\/p>\n<p><strong>18h \u2013 Fin du salon<\/strong> (et probablement le d\u00e9but d\u2019une longue soir\u00e9e dans les bars du centre-ville).<\/p>\n<p>\u00ab\u00a0R\u00e9sonances F\u00e9minines\u00a0\u00bb : parce qu\u2019il \u00e9tait temps<\/p>\n<p>En partenariat avec l\u2019association <strong>MEUF Rouen<\/strong>, une exposition mettra en lumi\u00e8re les <strong>femmes dans la musique<\/strong> : musiciennes, techniciennes, cr\u00e9atrices\u2026 Toutes celles qui bossent dans l\u2019ombre et qu\u2019on ne voit jamais assez. Une initiative n\u00e9cessaire et bienvenue dans un milieu encore trop masculin.<\/p>\n<p>Les infos pratiques (parce que vous allez y aller, on le sait)<\/p>\n<p><strong>Quand ?<\/strong> Dimanche 23 novembre 2025, de 9h \u00e0 18h<br \/><strong>O\u00f9 ?<\/strong> Halle aux Toiles (1er \u00e9tage), Place de la Haute Vieille Tour, 76000 Rouen<br \/><strong>Combien ?<\/strong> 2 \u20ac l\u2019entr\u00e9e (le prix d\u2019un caf\u00e9, quoi)<br \/><strong>Comment y aller ?<\/strong> Parking Cath\u00e9drale juste \u00e0 c\u00f4t\u00e9 ou TEOR, arr\u00eat \u00ab\u00a0Cath\u00e9drale\u00a0\u00bb<br \/><strong>Plus d\u2019infos et billets ?<\/strong> tst-radio.com\/event-details\/salon-de-la-musique-2025<\/p>\n<p>            <script async src=\"\/\/www.instagram.com\/embed.js\"><\/script><\/p>\n","protected":false},"excerpt":{"rendered":"\u00c9v\u00e9nement musique Rouen : 3e \u00e9dition du Salon de la Musique \u00e0 la Halle aux Toiles le 23&hellip;\n","protected":false},"author":2,"featured_media":538267,"comment_status":"","ping_status":"","sticky":false,"template":"","format":"standard","meta":{"footnotes":""},"categories":[9587],"tags":[1111,11,1777,674,1011,27,12,5161,25,9590],"class_list":{"0":"post-538266","1":"post","2":"type-post","3":"status-publish","4":"format-standard","5":"has-post-thumbnail","7":"category-rouen","8":"tag-actu","9":"tag-actualites","10":"tag-eu","11":"tag-europe","12":"tag-fr","13":"tag-france","14":"tag-news","15":"tag-normandie","16":"tag-republique-francaise","17":"tag-rouen"},"share_on_mastodon":{"url":"https:\/\/pubeurope.com\/@fr\/115559824313561786","error":""},"_links":{"self":[{"href":"https:\/\/www.europesays.com\/fr\/wp-json\/wp\/v2\/posts\/538266","targetHints":{"allow":["GET"]}}],"collection":[{"href":"https:\/\/www.europesays.com\/fr\/wp-json\/wp\/v2\/posts"}],"about":[{"href":"https:\/\/www.europesays.com\/fr\/wp-json\/wp\/v2\/types\/post"}],"author":[{"embeddable":true,"href":"https:\/\/www.europesays.com\/fr\/wp-json\/wp\/v2\/users\/2"}],"replies":[{"embeddable":true,"href":"https:\/\/www.europesays.com\/fr\/wp-json\/wp\/v2\/comments?post=538266"}],"version-history":[{"count":0,"href":"https:\/\/www.europesays.com\/fr\/wp-json\/wp\/v2\/posts\/538266\/revisions"}],"wp:featuredmedia":[{"embeddable":true,"href":"https:\/\/www.europesays.com\/fr\/wp-json\/wp\/v2\/media\/538267"}],"wp:attachment":[{"href":"https:\/\/www.europesays.com\/fr\/wp-json\/wp\/v2\/media?parent=538266"}],"wp:term":[{"taxonomy":"category","embeddable":true,"href":"https:\/\/www.europesays.com\/fr\/wp-json\/wp\/v2\/categories?post=538266"},{"taxonomy":"post_tag","embeddable":true,"href":"https:\/\/www.europesays.com\/fr\/wp-json\/wp\/v2\/tags?post=538266"}],"curies":[{"name":"wp","href":"https:\/\/api.w.org\/{rel}","templated":true}]}}