{"id":538272,"date":"2025-11-16T14:28:13","date_gmt":"2025-11-16T14:28:13","guid":{"rendered":"https:\/\/www.europesays.com\/fr\/538272\/"},"modified":"2025-11-16T14:28:13","modified_gmt":"2025-11-16T14:28:13","slug":"quel-avenir-pour-le-reseau-envie-en-bretagne","status":"publish","type":"post","link":"https:\/\/www.europesays.com\/fr\/538272\/","title":{"rendered":"quel avenir pour le r\u00e9seau Envie en Bretagne\u00a0?"},"content":{"rendered":"<p>                    Par<br \/>\n        <strong><br \/>\n            <a href=\"https:\/\/actu.fr\/auteur\/laurene-fertin\" title=\"Consulter tous les articles de Laur\u00e8ne Fertin\" target=\"_blank\" rel=\"noopener\">Laur\u00e8ne Fertin<\/a><br \/>\n                    <\/strong><\/p>\n<p>        Publi\u00e9 le<\/p>\n<p>            16 nov. 2025 \u00e0 15h20        <\/p>\n<p>L\u2019annonce avait fait l\u2019effet d\u2019une bombe. En avril\u00a02025,<a href=\"https:\/\/actu.fr\/bretagne\/rennes_35238\/plus-de-200-emplois-menaces-envie-bretagne-saisit-la-justice-pour-sauver-son-reseau-d-insertion_62596234.html\" target=\"_blank\" rel=\"noopener\"> <strong>le r\u00e9seau de r\u00e9emploi et recyclage Envie<\/strong> alertait<\/a> sur la suppression de plus de <strong>200 emplois<\/strong> sur ses quatre sites\u2009: Envie 44 <strong>(Nantes),<\/strong> Envie 49 <strong>(Angers),<\/strong> Envie Deux-S\u00e8vres <strong>(Niort)<\/strong> et Envie 35 \u00e0 <strong>Rennes<\/strong>. Nous vous en parlions dans <a href=\"https:\/\/actu.fr\/bretagne\/rennes_35238\/plus-de-200-emplois-menaces-envie-bretagne-saisit-la-justice-pour-sauver-son-reseau-d-insertion_62596234.html\" target=\"_blank\" rel=\"noopener\">cet article<\/a>, l\u2019\u00e9co-organisme <strong><a href=\"https:\/\/www.ecosystem.eco\/\" target=\"_blank\" rel=\"noopener\">Ecosystem<\/a><\/strong> avait en effet d\u00e9cid\u00e9 d\u2019\u00e9vincer Envie de march\u00e9s \u00ab\u2009historiques\u2009\u00bb qu\u2019il occupait depuis plus de 20\u00a0ans \u2013 concernant, notamment, la collecte et le transport des appareils \u00e9lectrom\u00e9nagers vou\u00e9s au r\u00e9emploi. Six mois plus tard, <strong>60 postes<\/strong>, tous bas\u00e9s \u00e0 Rennes, ont \u00e9t\u00e9<strong> \u00ab\u2009d\u00e9truits\u2009\u00bb<\/strong>.<\/p>\n<p>60 emplois \u00ab\u2009d\u00e9truits\u2009\u00bb, 20 cr\u00e9\u00e9s<\/p>\n<p class=\" wall-content\">Pr\u00e9cis\u00e9ment, ces <strong>60 postes<\/strong> correspondent au <strong>non-remplacement<\/strong> de salari\u00e9s en insertion en fin de parcours, mais \u00e9galement en raison de <strong>d\u00e9missions<\/strong> parmi les postes permanents, indique le groupe Envie. \u00ab\u2009Il faut comprendre que la collecte d\u2019\u00e9lectrom\u00e9nager n\u00e9cessite l\u2019organisation de toute une fili\u00e8re (stockage \u00e0 plats, etc\u2026)\u2009\u00bb, illustre la porte-parole du groupe Envie \u00e0 la r\u00e9daction d\u2019<a href=\"https:\/\/actu.fr\/rennes\/\" target=\"_blank\" rel=\"noopener\">actu Rennes<\/a>. D\u2019o\u00f9 le nombre \u00e9lev\u00e9 de postes en p\u00e9ril.<\/p>\n<p class=\" wall-content\">Pour limiter la casse, Envie a d\u00e9cid\u00e9, par le biais de plusieurs leviers, de <strong>r\u00e9organiser sa fili\u00e8re<\/strong> et de s\u2019orienter vers d\u2019autres march\u00e9s. \u00ab\u2009Nous avons d\u00e9velopp\u00e9, entre autres, <strong>le recyclage de batteries<\/strong> et de <strong>panneaux photovolta\u00efques\u2009\u00bb,<\/strong> indique la porte-parole du groupe. En octobre et novembre, le groupe a r\u00e9pondu \u00e0 huit appels d\u2019offres. Ce dernier a par ailleurs list\u00e9 \u00ab\u200912 pistes de d\u00e9veloppement\u2009\u00bb \u00e0 prioriser.<\/p>\n<p>Un march\u00e9 \u00ab\u00a0historique\u00a0\u00bb essentiel<\/p>\n<p>La perte du march\u00e9 qu&rsquo;occupait Envie constituait pr\u00e8s de 70 % du chiffre d&rsquo;affaires d&rsquo;Envie Transport Bretagne, et de 60 % de la production d&rsquo;appareil \u00e9lectrom\u00e9nager d&rsquo;occasion par Envie 35.<\/p>\n<p class=\" wall-content\">Une pratique qui n\u2019est pas nouvelle puisque l\u2019entreprise indique, depuis plusieurs ann\u00e9es, <strong>r\u00e9fl\u00e9chir au d\u00e9veloppement d\u2019autres fili\u00e8res<\/strong> qui concernerait le recyclage et r\u00e9emploi des \u00ab\u2009<strong>matelas,<\/strong> du <strong>mat\u00e9riel informatique,<\/strong> du <strong>mat\u00e9riel m\u00e9dical\u2026\u2009\u00bb,<\/strong> \u00e9gr\u00e8ne la porte-parole.<\/p>\n<p class=\" wall-content\">Avec cette nouvelle restructuration, Envie l\u2019assure\u2009: \u00ab\u2009si 60 postes ont \u00e9t\u00e9 supprim\u00e9s, <strong>20 emplois ont \u00e9t\u00e9 cr\u00e9\u00e9s\u2009\u00bb.<\/strong> De quoi amortir les pertes, en attendant que la Justice s\u2019exprime d\u00e9finitivement.<\/p>\n<p>Votre r\u00e9gion, votre actu !<\/p>\n<p>Recevez chaque jour les infos qui comptent pour vous.<\/p>\n<p>\t<a href=\"https:\/\/actu.fr\/newsletter\" class=\"ac-btn ac-btn--corner ac-btn--medium ac-btn--blue800\" target=\"_blank\" rel=\"noopener\">S&rsquo;incrire<\/a><br \/>\n\u00ab\u2009De longues ann\u00e9es\u2009\u00bb<\/p>\n<p class=\" wall-content\">Car les quatre antennes de Niort, Angers, Rennes et Nantes ont lanc\u00e9 d\u00e9but mai \u2013 via le groupe Ressources T* -, <strong>un recours juridique<\/strong> aupr\u00e8s du tribunal des Affaires \u00e9conomiques de Nanterre. Le but\u2009: <strong>questionner la l\u00e9galit\u00e9 du march\u00e9 <\/strong>pass\u00e9 et, in fine, esp\u00e9rer la sauvegarde des emplois.<\/p>\n<blockquote class=\"ac-article-quote wall-content\">\n<p>La question de la l\u00e9galit\u00e9 du march\u00e9 public a \u00e9t\u00e9 pos\u00e9e \u00e0 plusieurs niveaux &#8211; notamment sur des mesures techniques &#8211; mais aussi parce que le prestataire choisi par Ecosystem ne fait pas des collectes pr\u00e9servantes. C&rsquo;est-\u00e0-dire que l&rsquo;\u00e9lectrom\u00e9nager qui est r\u00e9cup\u00e9r\u00e9 ne fait pas l&rsquo;objet d&rsquo;interventions pour \u00eatre r\u00e9par\u00e9 puis vendu. L&rsquo;\u00e9lectrom\u00e9nager est jet\u00e9. Avec Envie, il \u00e9tait au contraire r\u00e9employ\u00e9.<\/p>\n<p>    <strong>Porte-parole d&rsquo;Envie<\/strong>\n            <\/p><\/blockquote>\n<p class=\" wall-content\">En parall\u00e8le, les quatre antennes locales ont \u00e9galement d\u00e9pos\u00e9 <strong>une demande incidente<\/strong> afin de solliciter la mise en \u0153uvre <strong>de mesures conservatoires<\/strong> en attendant le jugement de fond. En d\u2019autres termes\u2009: faire en sorte que la Justice accorde \u00e0 Envie le droit de maintenir leur march\u00e9 existant, \u00e0 d\u00e9faut du prestataire finalement choisi par Ecosystem, le temps que la Justice se prononce. \u00ab\u2009Car il y en a pour quelques ann\u00e9es\u2009\u00bb, glisse la porte-parole d\u2019Envie.<\/p>\n<p>240 postes d\u2019ici 2026<\/p>\n<p class=\" wall-content\">Mais la Justice a d\u00e9cid\u00e9 de <strong>maintenir le march\u00e9 conclu<\/strong> avec le nouveau prestataire. En attendant, Envie doit continuer \u00e0 d\u00e9velopper ses fili\u00e8res en attendant que les juges statuent effectivement sur le fond de l\u2019affaire.<\/p>\n<p class=\" wall-content\">Le groupe l\u2019assure\u2009: \u00ab\u2009une petite dizaine de projets sont en d\u2019\u00e9tude\u2009\u00bb, le but \u00e9tant \u00ab\u2009de sauver les emplois et d\u2019arriver \u00e0 un effectif de<strong> 240 postes fin 2026\u2009\u00bb.<\/strong><\/p>\n<p>*Le groupe Ressources T est un groupe coop\u00e9ratif breton sp\u00e9cialis\u00e9 dans l\u2019\u00e9conomie circulaire et l\u2019insertion sociale fond\u00e9e en 1994. Il regroupe quatre entreprises d\u00e9di\u00e9es \u00e0 l\u2019insertion, au r\u00e9emploi, au recyclage et \u00e0 la valorisation des d\u00e9chets\u2009: Envie \u00c9lectrom\u00e9nager Bretagne, Envie Recyclage Bretagne, Envie Transport Bretagne et Ressources T.<\/p>\n<p class=\" wall-content\">Personnalisez votre actualit\u00e9 en ajoutant vos villes et m\u00e9dias en favori avec <a href=\"https:\/\/moncompte.actu.fr\" title=\"D\u00e9couvez Mon Actu\" rel=\"nofollow noopener\" data-trk=\"{&quot;cta&quot;:{&quot;action&quot;:&quot;https:\\\/\\\/moncompte.actu.fr&quot;,&quot;category&quot;:&quot;mon compte&quot;,&quot;from&quot;:&quot;article footer&quot;,&quot;name&quot;:&quot;Mon actu&quot;,&quot;type&quot;:&quot;cta&quot;}}\" target=\"_blank\">Mon Actu<\/a>.<\/p>\n","protected":false},"excerpt":{"rendered":"Par Laur\u00e8ne Fertin Publi\u00e9 le 16 nov. 2025 \u00e0 15h20 L\u2019annonce avait fait l\u2019effet d\u2019une bombe. En avril\u00a02025,&hellip;\n","protected":false},"author":2,"featured_media":538273,"comment_status":"","ping_status":"","sticky":false,"template":"","format":"standard","meta":{"footnotes":""},"categories":[2821],"tags":[1111,11,829,33,341,436,1777,674,1011,27,12,3887,584,25,216],"class_list":{"0":"post-538272","1":"post","2":"type-post","3":"status-publish","4":"format-standard","5":"has-post-thumbnail","7":"category-rennes","8":"tag-actu","9":"tag-actualites","10":"tag-bretagne","11":"tag-economie","12":"tag-emploi","13":"tag-environnement","14":"tag-eu","15":"tag-europe","16":"tag-fr","17":"tag-france","18":"tag-news","19":"tag-recyclage","20":"tag-rennes","21":"tag-republique-francaise","22":"tag-vie-des-entreprises"},"share_on_mastodon":{"url":"https:\/\/pubeurope.com\/@fr\/115559851868074218","error":""},"_links":{"self":[{"href":"https:\/\/www.europesays.com\/fr\/wp-json\/wp\/v2\/posts\/538272","targetHints":{"allow":["GET"]}}],"collection":[{"href":"https:\/\/www.europesays.com\/fr\/wp-json\/wp\/v2\/posts"}],"about":[{"href":"https:\/\/www.europesays.com\/fr\/wp-json\/wp\/v2\/types\/post"}],"author":[{"embeddable":true,"href":"https:\/\/www.europesays.com\/fr\/wp-json\/wp\/v2\/users\/2"}],"replies":[{"embeddable":true,"href":"https:\/\/www.europesays.com\/fr\/wp-json\/wp\/v2\/comments?post=538272"}],"version-history":[{"count":0,"href":"https:\/\/www.europesays.com\/fr\/wp-json\/wp\/v2\/posts\/538272\/revisions"}],"wp:featuredmedia":[{"embeddable":true,"href":"https:\/\/www.europesays.com\/fr\/wp-json\/wp\/v2\/media\/538273"}],"wp:attachment":[{"href":"https:\/\/www.europesays.com\/fr\/wp-json\/wp\/v2\/media?parent=538272"}],"wp:term":[{"taxonomy":"category","embeddable":true,"href":"https:\/\/www.europesays.com\/fr\/wp-json\/wp\/v2\/categories?post=538272"},{"taxonomy":"post_tag","embeddable":true,"href":"https:\/\/www.europesays.com\/fr\/wp-json\/wp\/v2\/tags?post=538272"}],"curies":[{"name":"wp","href":"https:\/\/api.w.org\/{rel}","templated":true}]}}