{"id":538290,"date":"2025-11-16T14:40:27","date_gmt":"2025-11-16T14:40:27","guid":{"rendered":"https:\/\/www.europesays.com\/fr\/538290\/"},"modified":"2025-11-16T14:40:27","modified_gmt":"2025-11-16T14:40:27","slug":"le-froid-arrive-enfin-ce-dimanche-des-gelees-voire-de-la-neige-a-partir-de-mardi","status":"publish","type":"post","link":"https:\/\/www.europesays.com\/fr\/538290\/","title":{"rendered":"Le froid arrive enfin ce dimanche, des gel\u00e9es voire de la neige \u00e0 partir de mardi"},"content":{"rendered":"<p>On l\u2019attendait presque, tant l\u2019automne rimait jusque-l\u00e0 avec douceur\u00a0: la <a href=\"https:\/\/caen.maville.com\/actu\/actudet_-la-temperature-de-20-8-c-relevee-en-normandie-ce-vendredi-la-meteo-adoucit-le-mois-de-novembre-avant-un-coup-de-froid-_4-7064066_actu.Htm\" target=\"_self\" rel=\"noopener\">chute des temp\u00e9ratures<\/a> arrive ce dimanche 16\u00a0novembre 2025. Elle promet de gros \u00e9carts de temp\u00e9ratures entre cette semaine et la semaine \u00e0 venir. \u00c0 Paris, par exemple, le thermom\u00e8tre n\u2019est pas descendu sous les 14\u00a0\u00b0C jeudi 14\u00a0novembre, alors qu\u2019il pourrait descendre jusqu\u2019\u00e0 1\u00a0\u00b0C ce jeudi 20\u00a0novembre, selon les pr\u00e9visions. Explications.<\/p>\n<p>Chute des temp\u00e9ratures cette nuit<\/p>\n<p>Si l\u2019\u00e9cart de temp\u00e9rature est si grand, c\u2019est surtout parce que les temp\u00e9ratures \u00e9taient anormalement hautes cette semaine. Et ce, en lien avec\u00a0la d\u00e9pression Claudia, situ\u00e9e sur la p\u00e9ninsule ib\u00e9rique.<strong> \u00ab\u00a0C\u2019est elle qui a g\u00e9n\u00e9r\u00e9 ce flux d\u2019air du sud et la hausse des temp\u00e9ratures\u00a0\u00bb,<\/strong> expliquait <a href=\"https:\/\/rennes.maville.com\/actu\/actudet_-meteo-apres-des-temperatures-anormalement-douces-pour-la-saison-le-mercure-va-chuter-dans-les-jours-a-venir-_54135-7063850_actu.Htm\" target=\"_self\" rel=\"noopener\">cette semaine \u00e0 Ouest-France le m\u00e9t\u00e9orologue Yann Amice<\/a>.<\/p>\n<p>La situation change ce dimanche, avec l\u2019arriv\u00e9e d\u2019un\u00a0flux d\u2019air en provenance du nord-est. Et, dans la nuit de dimanche \u00e0 lundi, un flux\u00a0en provenance de la mer du Nord va accentuer la chute des temp\u00e9ratures, comme on le voit sur cette visualisation propos\u00e9e par M\u00e9t\u00e9ociel\u00a0:<\/p>\n<p><img decoding=\"async\" src=\"https:\/\/www.europesays.com\/fr\/wp-content\/uploads\/2025\/11\/animbpr3.gif\" border=\"0\"\/><\/p>\n<p>Ainsi, pour lundi matin \u00e0 7\u00a0h, le mod\u00e8le m\u00e9t\u00e9orologique europ\u00e9en ECMWF pr\u00e9voit 5\u00a0\u00b0C \u00e0 Paris, 9\u00a0\u00b0C \u00e0 Rennes, 7\u00a0\u00b0C \u00e0 Toulouse ou encore 8\u00a0\u00b0C \u00e0 Lyon. En journ\u00e9e, les temp\u00e9ratures oscilleront entre 7 et 13\u00a0\u00b0C, sauf dans le Sud-Est o\u00f9 le soleil est encore tr\u00e8s g\u00e9n\u00e9reux. Ces valeurs ont rarement \u00e9t\u00e9 atteintes depuis la rentr\u00e9e, et pourtant elles sont toujours au-dessus des normales de saison.<\/p>\n<p>Des gel\u00e9es et peut-\u00eatre de la neige dans la semaine<\/p>\n<p>Le froid s\u2019accentuera mardi, avec\u00a0un flux polaire maritime et des gel\u00e9es pr\u00e9vues. ECMWF annonce pour mardi 7\u00a0h des temp\u00e9ratures de -1\u00a0\u00b0C \u00e0 Clermont-Ferrand et Strasbourg, 3\u00a0\u00b0C \u00e0 Lille, 2\u00a0\u00b0C \u00e0 Nantes\u2026<\/p>\n<p>Pour les journ\u00e9es de mercredi et jeudi, <strong>\u00ab\u00a0on n\u2019exclut pas des chutes de neige \u00e0 tr\u00e8s basse altitude sur le nord-est\u00a0\u00bb,<\/strong> indique\u00a0M\u00e9t\u00e9o France dans son dernier bulletin de pr\u00e9vision des ph\u00e9nom\u00e8nes dangereux, \u00e9voquant un<strong> \u00ab\u00a0temps perturb\u00e9 et assez froid\u00a0\u00bb.<\/strong><\/p>\n<p>Les pr\u00e9visions doivent encore \u00eatre affin\u00e9es mais, selon le m\u00e9t\u00e9orologue Yann Amice, il faudra attendre la fin du mois pour retrouver\u00a0un flux de sud-ouest, et donc des temp\u00e9ratures plus douces.<\/p>\n<p>\u00a0<\/p>\n","protected":false},"excerpt":{"rendered":"On l\u2019attendait presque, tant l\u2019automne rimait jusque-l\u00e0 avec douceur\u00a0: la chute des temp\u00e9ratures arrive ce dimanche 16\u00a0novembre 2025.&hellip;\n","protected":false},"author":2,"featured_media":538291,"comment_status":"","ping_status":"","sticky":false,"template":"","format":"standard","meta":{"footnotes":""},"categories":[2815],"tags":[1111,11,15200,6664,6596,1777,674,1011,27,3447,65702,811,1307,9778,10584,12,5537,25,65703],"class_list":{"0":"post-538290","1":"post","2":"type-post","3":"status-publish","4":"format-standard","5":"has-post-thumbnail","7":"category-lille","8":"tag-actu","9":"tag-actualites","10":"tag-arrive","11":"tag-dimanche","12":"tag-enfin","13":"tag-eu","14":"tag-europe","15":"tag-fr","16":"tag-france","17":"tag-froid","18":"tag-gelees","19":"tag-hauts-de-france","20":"tag-lille","21":"tag-mardi","22":"tag-neige","23":"tag-news","24":"tag-partir","25":"tag-republique-francaise","26":"tag-voire"},"share_on_mastodon":{"url":"https:\/\/pubeurope.com\/@fr\/115559899305165525","error":""},"_links":{"self":[{"href":"https:\/\/www.europesays.com\/fr\/wp-json\/wp\/v2\/posts\/538290","targetHints":{"allow":["GET"]}}],"collection":[{"href":"https:\/\/www.europesays.com\/fr\/wp-json\/wp\/v2\/posts"}],"about":[{"href":"https:\/\/www.europesays.com\/fr\/wp-json\/wp\/v2\/types\/post"}],"author":[{"embeddable":true,"href":"https:\/\/www.europesays.com\/fr\/wp-json\/wp\/v2\/users\/2"}],"replies":[{"embeddable":true,"href":"https:\/\/www.europesays.com\/fr\/wp-json\/wp\/v2\/comments?post=538290"}],"version-history":[{"count":0,"href":"https:\/\/www.europesays.com\/fr\/wp-json\/wp\/v2\/posts\/538290\/revisions"}],"wp:featuredmedia":[{"embeddable":true,"href":"https:\/\/www.europesays.com\/fr\/wp-json\/wp\/v2\/media\/538291"}],"wp:attachment":[{"href":"https:\/\/www.europesays.com\/fr\/wp-json\/wp\/v2\/media?parent=538290"}],"wp:term":[{"taxonomy":"category","embeddable":true,"href":"https:\/\/www.europesays.com\/fr\/wp-json\/wp\/v2\/categories?post=538290"},{"taxonomy":"post_tag","embeddable":true,"href":"https:\/\/www.europesays.com\/fr\/wp-json\/wp\/v2\/tags?post=538290"}],"curies":[{"name":"wp","href":"https:\/\/api.w.org\/{rel}","templated":true}]}}