{"id":538294,"date":"2025-11-16T14:42:13","date_gmt":"2025-11-16T14:42:13","guid":{"rendered":"https:\/\/www.europesays.com\/fr\/538294\/"},"modified":"2025-11-16T14:42:13","modified_gmt":"2025-11-16T14:42:13","slug":"une-association-forme-les-jeunes-a-devenir-acteurs-du-changement-en-afrique","status":"publish","type":"post","link":"https:\/\/www.europesays.com\/fr\/538294\/","title":{"rendered":"une association forme les jeunes \u00e0 devenir acteurs du changement en Afrique"},"content":{"rendered":"<p>Cr\u00e9\u00e9e en 2021 par Iliana Santos et Amina Zakhnouf, l&rsquo;association Je\u00a0m&rsquo;engage pour l&rsquo;Afrique accompagne et forme les jeunes pour qu&rsquo;ils participent activement aux politiques publiques, et deviennent acteurs du changement <a href=\"https:\/\/www.laprovence.com\/article\/economie\/1058531285064214\/la-provence-partenaire-privilegie-de-lafrique-pour-les-echanges-commerciaux\" target=\"_blank\" rel=\"noopener\">pour l&rsquo;avenir du continent<\/a>.<\/p>\n<p>\u00ab\u00a0Nous voulons qu&rsquo;ils se forgent un avis et prennent position sur les d\u00e9cisions qui les concernent\u00a0\u00bb, explique Anouk\u00a0Rabesandratana, formatrice au sein de l&rsquo;organisation.<\/p>\n<p>Cet objectif constitue le premier pilier de l&rsquo;association, \u00ab\u00a0l&rsquo;incubateur de politique publique\u00a0\u00bb et s&rsquo;est concr\u00e9tis\u00e9 \u00e0 Marseille \u00e0 travers le programme L&rsquo;\u00e9cole\u00a0de la d\u00e9lib\u00e9ration, qui a r\u00e9uni en octobre pas moins de 18\u00a0jeunes de 18 \u00e0 27\u00a0ans.<\/p>\n<p>Transition \u00e9cologique et budget participatif<br \/>\n<img alt=\"Anouk Rabesandratana, formatrice au sein de l'organisation &quot;Je m'engage pour l'Afrique&quot;.\" loading=\"lazy\" decoding=\"async\" data-nimg=\"fill\" class=\" TwicCore_img__i9TC1 undefined  undefined\" style=\"position:absolute;height:100%;width:100%;left:0;top:0;right:0;bottom:0;color:transparent;background-size:cover;background-position:50% 50%;background-repeat:no-repeat;background-image:url(&quot;data:image\/svg+xml;charset=utf-8,%3Csvg xmlns='http:\/\/www.w3.org\/2000\/svg' %3E%3Cfilter id='b' color-interpolation-filters='sRGB'%3E%3CfeGaussianBlur stdDeviation='20'\/%3E%3CfeColorMatrix values='1 0 0 0 0 0 1 0 0 0 0 0 1 0 0 0 0 0 100 -1' result='s'\/%3E%3CfeFlood x='0' y='0' width='100%25' height='100%25'\/%3E%3CfeComposite operator='out' in='s'\/%3E%3CfeComposite in2='SourceGraphic'\/%3E%3CfeGaussianBlur stdDeviation='20'\/%3E%3C\/filter%3E%3Cimage width='100%25' height='100%25' x='0' y='0' preserveAspectRatio='none' style='filter: url(%23b);' href='https:\/\/pictures.laprovence.com\/cdn-cgi\/image\/blur=250\/media\/melody\/2025\/11\/16\/semaine-de-la-solidarite-anouk-rabesandratana-portraits-151125nvi01-1763289944_dcca1d86b8196036b1d86b819468b1v_.jpg'\/%3E%3C\/svg%3E&quot;)\"   src=\"https:\/\/www.europesays.com\/fr\/wp-content\/uploads\/2025\/11\/semaine-de-la-solidarite-anouk-rabesandratana-portraits-151125nvi01-1763289944_dcca1d86b8196036b1d86.jpeg\"\/>Anouk Rabesandratana, formatrice au sein de l&rsquo;organisation \u00ab\u00a0Je m&rsquo;engage pour l&rsquo;Afrique\u00a0\u00bb. \/ PHOTO Nicolas VALLAURI<\/p>\n<p>Lors d&rsquo;ateliers, ils ont \u00e9labor\u00e9 des recommandations autour d&rsquo;enjeux tels que l&#8217;employabilit\u00e9 des jeunes africains, la transition \u00e9cologique inspir\u00e9e de mod\u00e8les africains de d\u00e9veloppement durable, ou encore autour du budget participatif, \u00ab\u00a0toujours dans l&rsquo;objectif de renforcer la coop\u00e9ration entre Marseille et l&rsquo;Afrique\u00a0\u00bb, pr\u00e9cise Anouk Rabesandratana.<\/p>\n<p>Le deuxi\u00e8me pilier, \u00ab\u00a0La\u00a0fabrique des savoirs\u00a0\u00bb, accompagne les jeunes pour transformer leurs id\u00e9es en actions concr\u00e8tes et prendre la parole dans le&#8230;<\/p>\n","protected":false},"excerpt":{"rendered":"Cr\u00e9\u00e9e en 2021 par Iliana Santos et Amina Zakhnouf, l&rsquo;association Je\u00a0m&rsquo;engage pour l&rsquo;Afrique accompagne et forme les jeunes&hellip;\n","protected":false},"author":2,"featured_media":538295,"comment_status":"","ping_status":"","sticky":false,"template":"","format":"standard","meta":{"footnotes":""},"categories":[2814],"tags":[17,1111,11,4077,1777,674,4988,1011,27,6085,151,884,12,1186,882,25,65704,104,96],"class_list":{"0":"post-538294","1":"post","2":"type-post","3":"status-publish","4":"format-standard","5":"has-post-thumbnail","7":"category-marseille","8":"tag-17","9":"tag-actu","10":"tag-actualites","11":"tag-association","12":"tag-eu","13":"tag-europe","14":"tag-forme","15":"tag-fr","16":"tag-france","17":"tag-ils","18":"tag-les","19":"tag-marseille","20":"tag-news","21":"tag-provence","22":"tag-provence-alpes-cote-dazur","23":"tag-republique-francaise","24":"tag-sengagent","25":"tag-societe","26":"tag-une"},"share_on_mastodon":{"url":"https:\/\/pubeurope.com\/@fr\/115559907900517486","error":""},"_links":{"self":[{"href":"https:\/\/www.europesays.com\/fr\/wp-json\/wp\/v2\/posts\/538294","targetHints":{"allow":["GET"]}}],"collection":[{"href":"https:\/\/www.europesays.com\/fr\/wp-json\/wp\/v2\/posts"}],"about":[{"href":"https:\/\/www.europesays.com\/fr\/wp-json\/wp\/v2\/types\/post"}],"author":[{"embeddable":true,"href":"https:\/\/www.europesays.com\/fr\/wp-json\/wp\/v2\/users\/2"}],"replies":[{"embeddable":true,"href":"https:\/\/www.europesays.com\/fr\/wp-json\/wp\/v2\/comments?post=538294"}],"version-history":[{"count":0,"href":"https:\/\/www.europesays.com\/fr\/wp-json\/wp\/v2\/posts\/538294\/revisions"}],"wp:featuredmedia":[{"embeddable":true,"href":"https:\/\/www.europesays.com\/fr\/wp-json\/wp\/v2\/media\/538295"}],"wp:attachment":[{"href":"https:\/\/www.europesays.com\/fr\/wp-json\/wp\/v2\/media?parent=538294"}],"wp:term":[{"taxonomy":"category","embeddable":true,"href":"https:\/\/www.europesays.com\/fr\/wp-json\/wp\/v2\/categories?post=538294"},{"taxonomy":"post_tag","embeddable":true,"href":"https:\/\/www.europesays.com\/fr\/wp-json\/wp\/v2\/tags?post=538294"}],"curies":[{"name":"wp","href":"https:\/\/api.w.org\/{rel}","templated":true}]}}