{"id":538298,"date":"2025-11-16T14:44:11","date_gmt":"2025-11-16T14:44:11","guid":{"rendered":"https:\/\/www.europesays.com\/fr\/538298\/"},"modified":"2025-11-16T14:44:11","modified_gmt":"2025-11-16T14:44:11","slug":"va-t-il-faire-tout-noir-cette-ville-pres-de-lyon-concerte-sa-population-sur-lavenir-de-leclairage-public","status":"publish","type":"post","link":"https:\/\/www.europesays.com\/fr\/538298\/","title":{"rendered":"Va-t-il faire tout noir ? Cette ville pr\u00e8s de Lyon concerte sa population sur l\u2019avenir de l\u2019\u00e9clairage public"},"content":{"rendered":"<p itemprop=\"description\"><strong>La Ville de Genas invite les habitants \u00e0 une r\u00e9union publique le lundi 24 novembre \u00e0 19h, \u00e0 l\u2019h\u00f4tel de Ville, pour faire le point sur l\u2019avenir de l\u2019\u00e9clairage public.<\/strong><\/p>\n<p>La municipalit\u00e9 annonce vouloir adapter le dispositif actuel aux usages, aux enjeux de s\u00e9curit\u00e9 et aux imp\u00e9ratifs de sobri\u00e9t\u00e9 \u00e9nerg\u00e9tique.<\/p>\n<p>Ces derniers mois, plusieurs \u00e9tudes techniques ont \u00e9t\u00e9 r\u00e9alis\u00e9es. Elles ont permis d\u2019identifier plusieurs sc\u00e9narios possibles, du maintien du dispositif actuel \u00e0 des solutions d\u2019abaissement ou d\u2019extinction partielle de l\u2019\u00e9clairage. Avant de trancher, la Ville souhaite pr\u00e9senter ces r\u00e9sultats et recueillir l\u2019avis des Genassiens.<\/p>\n<p>La rencontre, ouverte \u00e0 tous, permettra \u00e9galement d\u2019expliquer le fonctionnement de l\u2019\u00e9clairage public sur la commune et d\u2019\u00e9changer avec les \u00e9lus sur ses futures \u00e9volutions.<\/p>\n<p>La r\u00e9union se tiendra dans la salle des mariages, \u00e0 l\u2019H\u00f4tel de Ville.<\/p>\n","protected":false},"excerpt":{"rendered":"La Ville de Genas invite les habitants \u00e0 une r\u00e9union publique le lundi 24 novembre \u00e0 19h, \u00e0&hellip;\n","protected":false},"author":2,"featured_media":538299,"comment_status":"","ping_status":"","sticky":false,"template":"","format":"standard","meta":{"footnotes":""},"categories":[1889],"tags":[1111,11,2813,2190,2430,1109,251,1112,2811,1777,674,118,1011,27,1922,1110,1114,2428,2810,12,241,316,25,2812,517,800],"class_list":{"0":"post-538298","1":"post","2":"type-post","3":"status-publish","4":"format-standard","5":"has-post-thumbnail","7":"category-lyon","8":"tag-actu","9":"tag-actualites","10":"tag-article","11":"tag-asvel","12":"tag-auvergne-rhone-alpes","13":"tag-breves","14":"tag-culture","15":"tag-depeches","16":"tag-economique","17":"tag-eu","18":"tag-europe","19":"tag-faits-divers","20":"tag-fr","21":"tag-france","22":"tag-info","23":"tag-informations","24":"tag-infos","25":"tag-lyon","26":"tag-lyonmag","27":"tag-news","28":"tag-ol","29":"tag-politique","30":"tag-republique-francaise","31":"tag-sociale","32":"tag-sport","33":"tag-transports"},"share_on_mastodon":{"url":"https:\/\/pubeurope.com\/@fr\/115559914840584896","error":""},"_links":{"self":[{"href":"https:\/\/www.europesays.com\/fr\/wp-json\/wp\/v2\/posts\/538298","targetHints":{"allow":["GET"]}}],"collection":[{"href":"https:\/\/www.europesays.com\/fr\/wp-json\/wp\/v2\/posts"}],"about":[{"href":"https:\/\/www.europesays.com\/fr\/wp-json\/wp\/v2\/types\/post"}],"author":[{"embeddable":true,"href":"https:\/\/www.europesays.com\/fr\/wp-json\/wp\/v2\/users\/2"}],"replies":[{"embeddable":true,"href":"https:\/\/www.europesays.com\/fr\/wp-json\/wp\/v2\/comments?post=538298"}],"version-history":[{"count":0,"href":"https:\/\/www.europesays.com\/fr\/wp-json\/wp\/v2\/posts\/538298\/revisions"}],"wp:featuredmedia":[{"embeddable":true,"href":"https:\/\/www.europesays.com\/fr\/wp-json\/wp\/v2\/media\/538299"}],"wp:attachment":[{"href":"https:\/\/www.europesays.com\/fr\/wp-json\/wp\/v2\/media?parent=538298"}],"wp:term":[{"taxonomy":"category","embeddable":true,"href":"https:\/\/www.europesays.com\/fr\/wp-json\/wp\/v2\/categories?post=538298"},{"taxonomy":"post_tag","embeddable":true,"href":"https:\/\/www.europesays.com\/fr\/wp-json\/wp\/v2\/tags?post=538298"}],"curies":[{"name":"wp","href":"https:\/\/api.w.org\/{rel}","templated":true}]}}