{"id":538300,"date":"2025-11-16T14:45:25","date_gmt":"2025-11-16T14:45:25","guid":{"rendered":"https:\/\/www.europesays.com\/fr\/538300\/"},"modified":"2025-11-16T14:45:25","modified_gmt":"2025-11-16T14:45:25","slug":"en-direct-coupe-de-france-de-football-pierrelatte-plus-que-jamais-dos-au-mur-face-a-lyon-la-duchere-suivez-la-rencontre-du-7e-tour","status":"publish","type":"post","link":"https:\/\/www.europesays.com\/fr\/538300\/","title":{"rendered":"En direct Coupe de France de football. Pierrelatte plus que jamais dos au mur face \u00e0 Lyon La Duch\u00e8re&#8230;\u00a0Suivez la rencontre du 7e\u00a0tour"},"content":{"rendered":"<p>&#13;<br \/>\n                                                    En direct&#13;<br \/>\n                        &#13;\n                                            <\/p>\n<p>C&rsquo;est un gros morceau qui attend Pierrelatte (R\u00e9gional 3) ce dimanche 14 heures) au stade Gustave Jaume. Apr\u00e8s leur qualification historique, les Dr\u00f4mois font face \u00e0 Lyon La Duch\u00e8re (National 3) pour le compte du 7e tour de la Coupe de France. Un adversaire qui \u00e9volue trois divisions au-dessus&#8230; Une mission compliqu\u00e9e, mais avec Pierrelatte tout est possible. Suivez la rencontre en direct comment\u00e9.<\/p>\n<p>&#13;<br \/>\n              S.B. (avec L.G.) &#8211; &#13;<br \/>\n        &#13;<br \/>\n          Aujourd&rsquo;hui \u00e0 15:26&#13;<br \/>\n    &#13;<br \/>\n                  | mis \u00e0 jour aujourd&rsquo;hui \u00e0 15:34&#13;<br \/>\n              &#8211; Temps de lecture : &#13;<br \/>\n  &#13;<\/p>\n","protected":false},"excerpt":{"rendered":"&#13; En direct&#13; &#13; C&rsquo;est un gros morceau qui attend Pierrelatte (R\u00e9gional 3) ce dimanche 14 heures) au&hellip;\n","protected":false},"author":2,"featured_media":538301,"comment_status":"","ping_status":"","sticky":false,"template":"","format":"standard","meta":{"footnotes":""},"categories":[1889],"tags":[1111,11,2430,15922,3545,2730,6436,1777,674,1701,63,1011,27,2428,12,17022,57402,25,2429,517,1947],"class_list":{"0":"post-538300","1":"post","2":"type-post","3":"status-publish","4":"format-standard","5":"has-post-thumbnail","7":"category-lyon","8":"tag-actu","9":"tag-actualites","10":"tag-auvergne-rhone-alpes","11":"tag-coupe-de-france-de-football","12":"tag-direct-sport","13":"tag-drome","14":"tag-edition-montelimar-drome-provencale","15":"tag-eu","16":"tag-europe","17":"tag-fil-info-sport","18":"tag-football","19":"tag-fr","20":"tag-france","21":"tag-lyon","22":"tag-news","23":"tag-pierrelatte","24":"tag-pierrelatte-bassin","25":"tag-republique-francaise","26":"tag-rhone","27":"tag-sport","28":"tag-sport-national"},"share_on_mastodon":{"url":"https:\/\/pubeurope.com\/@fr\/115559918649473962","error":""},"_links":{"self":[{"href":"https:\/\/www.europesays.com\/fr\/wp-json\/wp\/v2\/posts\/538300","targetHints":{"allow":["GET"]}}],"collection":[{"href":"https:\/\/www.europesays.com\/fr\/wp-json\/wp\/v2\/posts"}],"about":[{"href":"https:\/\/www.europesays.com\/fr\/wp-json\/wp\/v2\/types\/post"}],"author":[{"embeddable":true,"href":"https:\/\/www.europesays.com\/fr\/wp-json\/wp\/v2\/users\/2"}],"replies":[{"embeddable":true,"href":"https:\/\/www.europesays.com\/fr\/wp-json\/wp\/v2\/comments?post=538300"}],"version-history":[{"count":0,"href":"https:\/\/www.europesays.com\/fr\/wp-json\/wp\/v2\/posts\/538300\/revisions"}],"wp:featuredmedia":[{"embeddable":true,"href":"https:\/\/www.europesays.com\/fr\/wp-json\/wp\/v2\/media\/538301"}],"wp:attachment":[{"href":"https:\/\/www.europesays.com\/fr\/wp-json\/wp\/v2\/media?parent=538300"}],"wp:term":[{"taxonomy":"category","embeddable":true,"href":"https:\/\/www.europesays.com\/fr\/wp-json\/wp\/v2\/categories?post=538300"},{"taxonomy":"post_tag","embeddable":true,"href":"https:\/\/www.europesays.com\/fr\/wp-json\/wp\/v2\/tags?post=538300"}],"curies":[{"name":"wp","href":"https:\/\/api.w.org\/{rel}","templated":true}]}}