{"id":538306,"date":"2025-11-16T14:51:14","date_gmt":"2025-11-16T14:51:14","guid":{"rendered":"https:\/\/www.europesays.com\/fr\/538306\/"},"modified":"2025-11-16T14:51:14","modified_gmt":"2025-11-16T14:51:14","slug":"quinte-du-lundi-17-novembre-2025-a-vincennes-les-pronostics","status":"publish","type":"post","link":"https:\/\/www.europesays.com\/fr\/538306\/","title":{"rendered":"Quint\u00e9 du lundi 17 novembre 2025 \u00e0 Vincennes : les pronostics"},"content":{"rendered":"<p class=\"article-p mdl\">Retrouvez les pronostics de Dominique Cordier pour le Quint\u00e9 du lundi 17 novembre 2025 \u00e0 Vincennes, le Prix de Paimpol. <strong>D\u00e9part \u00e0 13h55. 15 partantes (le 7 Kaza Rock est non partante). <\/strong>Trot attel\u00e9. 2.700 m\u00e8tres. Grande piste. Juments de 5 ans.&#13;<\/p>\n<p class=\"article-p mdl\">Notre confiance, relative cependant car elle tant\u00f4t fautive, tant\u00f4t d\u00e9cevante, ira ici au <strong>15 Koh Samui<\/strong> pour la forme de l\u2019entra\u00eenement et la qualit\u00e9 de l\u2019engagement. Notons aussi qu\u2019elle a gagn\u00e9 sur la grande piste de Vincennes, ce qui n\u2019est pas le cas de toutes ici.&#13;<\/p>\n<p class=\"article-p mdl\">Bien n\u00e9e, le <strong>12 Karol\u00e8ne d\u2019Etang <\/strong>a sans doute cette course sur ses tablettes depuis longtemps. Bonne finisseuse en dernier lieu, c\u2019est une autre base d\u2019apparence fiable.&#13;<\/p>\n<p class=\"article-p mdl\">L\u2019outsider de RTL, le <strong>3 Kyra d\u2019Essarts<\/strong>, d\u00e9fend les int\u00e9r\u00eats de la famille Lagadeuc.<\/p>\n<p class=\"article-p mdl\">Venant de s\u2019imposer \u00e0 Enghien, elle a toujours pris une allocation lors de ses quatre incursions \u00e0 Vincennes. La grande piste ne lui fait pas peur, elle est n\u00e9e pour y briller un jour. D\u00e8s ce quint\u00e9 ?&#13;<\/p>\n<p class=\"article-p mdl\">Attention \u00e9galement au <strong>14 Klassica Dudalo <\/strong>et au <strong>13 Kalinda du Parc <\/strong>: elles ont leur chance dans ce lot ouvert.<\/p>\n<p>            Les pronostics<\/p>\n<p class=\"article-p mdl\">15. Koh Samui&#13;<br \/>12. Karol\u00e8ne d\u2019Etang&#13;<br \/>3. Kyra d\u2019Essarts&#13;<br \/>4. Kety du Goutier&#13;<br \/>14. Klassica Didalo&#13;<br \/>13. Kalinda du Parc&#13;<br \/>9. Kassiopeia<\/p>\n<p>            L&rsquo;outsider de RTL<\/p>\n<p class=\"article-p mdl\">3. Kyra d\u2019Essarts<\/p>\n<p>    R\u00e9sultats du samedi 15 novembre 2025 \u00e0 Auteuil<\/p>\n<p class=\"article-p mdl\">Le favori de RTL est arr\u00eat\u00e9 en fin de parcours, l\u2019outsider de RTL se classe 4e.<\/p>\n<p>    La r\u00e9daction vous recommande<\/p>\n<p class=\"s-newsletter__title\">\n                L\u2019actualit\u00e9 par la r\u00e9daction de RTL dans votre bo\u00eete mail.\n            <\/p>\n<p class=\"s-newsletter__subtitle\">\n                Gr\u00e2ce \u00e0 votre compte RTL abonnez-vous \u00e0 la newsletter RTL info pour suivre toute l&rsquo;actualit\u00e9 au quotidien\n            <\/p>\n<p>\n                                    Lire la suite\n                                <\/p>\n","protected":false},"excerpt":{"rendered":"Retrouvez les pronostics de Dominique Cordier pour le Quint\u00e9 du lundi 17 novembre 2025 \u00e0 Vincennes, le Prix&hellip;\n","protected":false},"author":2,"featured_media":3836,"comment_status":"","ping_status":"","sticky":false,"template":"","format":"standard","meta":{"footnotes":""},"categories":[1888],"tags":[11,2621,2622,1777,674,107,2619,1011,27,12,626,2623,362,25],"class_list":{"0":"post-538306","1":"post","2":"type-post","3":"status-publish","4":"format-standard","5":"has-post-thumbnail","7":"category-paris","8":"tag-actualites","9":"tag-chevaux","10":"tag-courses","11":"tag-eu","12":"tag-europe","13":"tag-fil-info","14":"tag-fil-sport","15":"tag-fr","16":"tag-france","17":"tag-news","18":"tag-paris","19":"tag-quinte","20":"tag-replay","21":"tag-republique-francaise"},"share_on_mastodon":{"url":"https:\/\/pubeurope.com\/@fr\/115559942656689755","error":""},"_links":{"self":[{"href":"https:\/\/www.europesays.com\/fr\/wp-json\/wp\/v2\/posts\/538306","targetHints":{"allow":["GET"]}}],"collection":[{"href":"https:\/\/www.europesays.com\/fr\/wp-json\/wp\/v2\/posts"}],"about":[{"href":"https:\/\/www.europesays.com\/fr\/wp-json\/wp\/v2\/types\/post"}],"author":[{"embeddable":true,"href":"https:\/\/www.europesays.com\/fr\/wp-json\/wp\/v2\/users\/2"}],"replies":[{"embeddable":true,"href":"https:\/\/www.europesays.com\/fr\/wp-json\/wp\/v2\/comments?post=538306"}],"version-history":[{"count":0,"href":"https:\/\/www.europesays.com\/fr\/wp-json\/wp\/v2\/posts\/538306\/revisions"}],"wp:featuredmedia":[{"embeddable":true,"href":"https:\/\/www.europesays.com\/fr\/wp-json\/wp\/v2\/media\/3836"}],"wp:attachment":[{"href":"https:\/\/www.europesays.com\/fr\/wp-json\/wp\/v2\/media?parent=538306"}],"wp:term":[{"taxonomy":"category","embeddable":true,"href":"https:\/\/www.europesays.com\/fr\/wp-json\/wp\/v2\/categories?post=538306"},{"taxonomy":"post_tag","embeddable":true,"href":"https:\/\/www.europesays.com\/fr\/wp-json\/wp\/v2\/tags?post=538306"}],"curies":[{"name":"wp","href":"https:\/\/api.w.org\/{rel}","templated":true}]}}