{"id":538309,"date":"2025-11-16T14:54:13","date_gmt":"2025-11-16T14:54:13","guid":{"rendered":"https:\/\/www.europesays.com\/fr\/538309\/"},"modified":"2025-11-16T14:54:13","modified_gmt":"2025-11-16T14:54:13","slug":"en-roumanie-lotan-affiche-lunion-et-la-force-face-a-la-menace-russe-liberation","status":"publish","type":"post","link":"https:\/\/www.europesays.com\/fr\/538309\/","title":{"rendered":"en Roumanie, l\u2019Otan affiche l\u2019union et la force face \u00e0 la menace russe \u2013 Lib\u00e9ration"},"content":{"rendered":"<p class=\"sc-cPiKLX AiZTS text-element\">En Transylvanie, enclav\u00e9e entre des cha\u00eenes montagneuses au centre de la Roumanie, la campagne semble s\u2019\u00eatre fig\u00e9e au XXe si\u00e8cle, avec ses fermes au toit affaiss\u00e9, ses carrioles de foin tir\u00e9es par des chevaux et ses grands Christ dor\u00e9s qui tr\u00f4nent jusque dans les jardins. A 300 kilom\u00e8tres \u00e0 l\u2019est, des drones russes attaquent sans r\u00e9pit les ports fluviaux ukrainiens situ\u00e9s sur l\u2019autre rive du Danube \u2013 deux jours plus t\u00f4t l\u2019un d\u2019eux s\u2019est \u00e9cras\u00e9 en morceaux sur le territoire roumain. Mais ce jeudi 13 septembre, la pluie d\u2019obus qui s\u2019abat sur les champs et les collines de Cincu est tir\u00e9e par les Roumains et leurs alli\u00e9s pour cl\u00f4turer <a href=\"https:\/\/www.liberation.fr\/international\/europe\/les-etats-unis-restent-engages-dans-lotan-et-en-faveur-dune-defense-commune-de-leurope-assurent-les-americains-en-roumanie-20251114_DPOYMXN37VB37EX7KMENXYRKD4\/\" target=\"_blank\" rel=\"noreferrer nofollow noopener\" title=\"https:\/\/www.liberation.fr\/international\/europe\/les-etats-unis-restent-engages-dans-lotan-et-en-faveur-dune-defense-commune-de-leurope-assurent-les-americains-en-roumanie-20251114_DPOYMXN37VB37EX7KMENXYRKD4\/\">le grand exercice de l\u2019Otan \u00abDacian Fall\u00bb<\/a>, dont l\u2019un des objectifs est de dissuader Moscou d\u2019attaquer un autre pays europ\u00e9en. \u00abOn voit augmenter la probabilit\u00e9 d\u2019un sc\u00e9nario dans lequel la Russie va vouloir tester la solidit\u00e9 de l\u2019Otan. Les attaques hybrides sur nos partenaires de l\u2019Est, y compris sur les arri\u00e8res et sur la France, montrent que le danger monte, explique le g\u00e9n\u00e9ral <\/p>\n","protected":false},"excerpt":{"rendered":"En Transylvanie, enclav\u00e9e entre des cha\u00eenes montagneuses au centre de la Roumanie, la campagne semble s\u2019\u00eatre fig\u00e9e au&hellip;\n","protected":false},"author":2,"featured_media":538310,"comment_status":"","ping_status":"","sticky":false,"template":"","format":"standard","meta":{"footnotes":""},"categories":[1591],"tags":[11,1887,12,136,4868,1885,1886,132,297],"class_list":{"0":"post-538309","1":"post","2":"type-post","3":"status-publish","4":"format-standard","5":"has-post-thumbnail","7":"category-russie","8":"tag-actualites","9":"tag-federation-de-russie","10":"tag-news","11":"tag-otan","12":"tag-roumanie","13":"tag-russia","14":"tag-russian-federation","15":"tag-russie","16":"tag-ukraine-la-crise"},"share_on_mastodon":{"url":"https:\/\/pubeurope.com\/@fr\/115559954155339438","error":""},"_links":{"self":[{"href":"https:\/\/www.europesays.com\/fr\/wp-json\/wp\/v2\/posts\/538309","targetHints":{"allow":["GET"]}}],"collection":[{"href":"https:\/\/www.europesays.com\/fr\/wp-json\/wp\/v2\/posts"}],"about":[{"href":"https:\/\/www.europesays.com\/fr\/wp-json\/wp\/v2\/types\/post"}],"author":[{"embeddable":true,"href":"https:\/\/www.europesays.com\/fr\/wp-json\/wp\/v2\/users\/2"}],"replies":[{"embeddable":true,"href":"https:\/\/www.europesays.com\/fr\/wp-json\/wp\/v2\/comments?post=538309"}],"version-history":[{"count":0,"href":"https:\/\/www.europesays.com\/fr\/wp-json\/wp\/v2\/posts\/538309\/revisions"}],"wp:featuredmedia":[{"embeddable":true,"href":"https:\/\/www.europesays.com\/fr\/wp-json\/wp\/v2\/media\/538310"}],"wp:attachment":[{"href":"https:\/\/www.europesays.com\/fr\/wp-json\/wp\/v2\/media?parent=538309"}],"wp:term":[{"taxonomy":"category","embeddable":true,"href":"https:\/\/www.europesays.com\/fr\/wp-json\/wp\/v2\/categories?post=538309"},{"taxonomy":"post_tag","embeddable":true,"href":"https:\/\/www.europesays.com\/fr\/wp-json\/wp\/v2\/tags?post=538309"}],"curies":[{"name":"wp","href":"https:\/\/api.w.org\/{rel}","templated":true}]}}