{"id":53831,"date":"2025-04-26T07:33:13","date_gmt":"2025-04-26T07:33:13","guid":{"rendered":"https:\/\/www.europesays.com\/fr\/53831\/"},"modified":"2025-04-26T07:33:13","modified_gmt":"2025-04-26T07:33:13","slug":"lille-le-spectre-dune-menace-plane-sur-le-match","status":"publish","type":"post","link":"https:\/\/www.europesays.com\/fr\/53831\/","title":{"rendered":"Lille : le spectre d&rsquo;une menace plane sur le match"},"content":{"rendered":"<p><strong>Ce dimanche 27 avril, la pelouse du stade Raymond-Kopa, \u00e0 Angers, sera le th\u00e9\u00e2tre d\u2019un affrontement crucial entre les locaux du SCO et le LOSC, dans le cadre de la 31e journ\u00e9e de Ligue 1.<\/strong><\/p>\n<p>Si l\u2019enjeu sportif est bien r\u00e9el pour les deux formations, un autre d\u00e9fi, bien plus sensible, mobilise les autorit\u00e9s fran\u00e7aises : garantir la s\u00e9curit\u00e9 de plus de 12 000 spectateurs dans un climat de tension marqu\u00e9 par une menace d\u2019ordre s\u00e9curitaire.<\/p>\n<p>Une rencontre sous haute surveillance<\/p>\n<p>En effet, le match entre Angers SCO et Lille se tiendra alors que le plan Vigipirate reste maintenu \u00e0 son niveau le plus \u00e9lev\u00e9 : \u00ab Urgence attentat \u00bb. Dans ce contexte, la pr\u00e9fecture de Maine-et-Loire a d\u00e9clench\u00e9 un important dispositif s\u00e9curitaire. Philippe Chopin, pr\u00e9fet du d\u00e9partement, a annonc\u00e9 \u00ab un renforcement de la pr\u00e9sence polici\u00e8re autour de l\u2019enceinte sportive \u00bb, lit-on sur <a href=\"https:\/\/www.msn.com\/fr-fr\/sport\/basketball\/ligue-1-dispositif-de-s\u00e9curit\u00e9-renforc\u00e9-pour-la-rencontre-angers-sco-losc-ce-dimanche\/ar-AA1DBC3C?ocid=windirect&amp;cvid=6ef6095654e84c1e8342795682a89a7c&amp;ei=11\" target=\"_blank\" rel=\"noopener\">Angers Info<\/a>, ainsi que des mesures sp\u00e9cifiques encadrant le d\u00e9placement des supporters lillois. Ces d\u00e9cisions, prises en concertation avec les forces de l\u2019ordre, visent \u00e0 pr\u00e9venir tout incident, notamment l\u2019introduction d\u2019engins pyrotechniques, formellement interdits.<\/p>\n<p>Circulation restreinte, vigilance accrue<\/p>\n<p>Pour fluidifier les flux et \u00e9viter les attroupements suspects, les portes du stade ouvriront d\u00e8s 13h30, soit 90 minutes avant le coup d\u2019envoi. Un appel \u00e0 la responsabilit\u00e9 collective est lanc\u00e9 : venir t\u00f4t, respecter les consignes de s\u00e9curit\u00e9, et \u00e9viter les regroupements statiques, en accord avec les directives du plan Vigipirate.<\/p>\n<p>Des arr\u00eat\u00e9s municipaux viennent renforcer ces mesures, restreignant le stationnement et la circulation aux abords imm\u00e9diats du stade. Les spectateurs sont donc invit\u00e9s \u00e0 privil\u00e9gier les transports doux, et \u00e0 anticiper leur venue pour franchir sans encombre les contr\u00f4les.<\/p>\n<p>Angers \u2013 Lille : des Alg\u00e9riens sous les projecteurs<\/p>\n<p>Au-del\u00e0 du contexte tendu, ce match aura \u00e9galement une saveur particuli\u00e8re pour de nombreux supporters alg\u00e9riens. Du c\u00f4t\u00e9 d\u2019Angers, le trio alg\u00e9rien : <strong>Himad Abdelli<\/strong>, <strong>Haris Belkebla<\/strong> et <strong>Zin\u00e9dine Ferhat<\/strong> visent une victoire pour s\u2019\u00e9loigner de la zone rouge, tandis qu\u2019\u00e0 Lille, <strong>Nabil Bentaleb<\/strong> et <strong>Aissa Mandi<\/strong> esp\u00e8rent peser sur le jeu du LOSC.<\/p>\n<p><strong>LIRE AUSSI : <a href=\"https:\/\/lagazettedufennec.com\/al-raed-le-slalom-de-malade-signe-amir-sayoud\/\" target=\"_blank\" rel=\"noopener\">Al Raed : Le slalom de malade sign\u00e9 Amir Sayoud !<\/a><\/strong><\/p>\n","protected":false},"excerpt":{"rendered":"Ce dimanche 27 avril, la pelouse du stade Raymond-Kopa, \u00e0 Angers, sera le th\u00e9\u00e2tre d\u2019un affrontement crucial entre&hellip;\n","protected":false},"author":2,"featured_media":53832,"comment_status":"","ping_status":"","sticky":false,"template":"","format":"standard","meta":{"footnotes":""},"categories":[2815],"tags":[1111,11,1438,1777,674,1011,27,811,66,1307,12,25],"class_list":{"0":"post-53831","1":"post","2":"type-post","3":"status-publish","4":"format-standard","5":"has-post-thumbnail","7":"category-lille","8":"tag-actu","9":"tag-actualites","10":"tag-angers","11":"tag-eu","12":"tag-europe","13":"tag-fr","14":"tag-france","15":"tag-hauts-de-france","16":"tag-ligue-1","17":"tag-lille","18":"tag-news","19":"tag-republique-francaise"},"share_on_mastodon":{"url":"https:\/\/pubeurope.com\/@fr\/114403108667706778","error":""},"_links":{"self":[{"href":"https:\/\/www.europesays.com\/fr\/wp-json\/wp\/v2\/posts\/53831","targetHints":{"allow":["GET"]}}],"collection":[{"href":"https:\/\/www.europesays.com\/fr\/wp-json\/wp\/v2\/posts"}],"about":[{"href":"https:\/\/www.europesays.com\/fr\/wp-json\/wp\/v2\/types\/post"}],"author":[{"embeddable":true,"href":"https:\/\/www.europesays.com\/fr\/wp-json\/wp\/v2\/users\/2"}],"replies":[{"embeddable":true,"href":"https:\/\/www.europesays.com\/fr\/wp-json\/wp\/v2\/comments?post=53831"}],"version-history":[{"count":0,"href":"https:\/\/www.europesays.com\/fr\/wp-json\/wp\/v2\/posts\/53831\/revisions"}],"wp:featuredmedia":[{"embeddable":true,"href":"https:\/\/www.europesays.com\/fr\/wp-json\/wp\/v2\/media\/53832"}],"wp:attachment":[{"href":"https:\/\/www.europesays.com\/fr\/wp-json\/wp\/v2\/media?parent=53831"}],"wp:term":[{"taxonomy":"category","embeddable":true,"href":"https:\/\/www.europesays.com\/fr\/wp-json\/wp\/v2\/categories?post=53831"},{"taxonomy":"post_tag","embeddable":true,"href":"https:\/\/www.europesays.com\/fr\/wp-json\/wp\/v2\/tags?post=53831"}],"curies":[{"name":"wp","href":"https:\/\/api.w.org\/{rel}","templated":true}]}}