{"id":538317,"date":"2025-11-16T14:58:16","date_gmt":"2025-11-16T14:58:16","guid":{"rendered":"https:\/\/www.europesays.com\/fr\/538317\/"},"modified":"2025-11-16T14:58:16","modified_gmt":"2025-11-16T14:58:16","slug":"nagelsmann-avant-le-match-decisif-de-lallemagne-nous-devons-tous-etre-sur-nos-gardes","status":"publish","type":"post","link":"https:\/\/www.europesays.com\/fr\/538317\/","title":{"rendered":"Nagelsmann avant le match d\u00e9cisif de l&rsquo;Allemagne : \u00ab\u00a0Nous devons tous \u00eatre sur nos gardes\u00a0\u00bb"},"content":{"rendered":"<p data-testid=\"wcl-typoNewsPerex\" itemprop=\"description\">Julian Nagelsmann a une nouvelle fois exhort\u00e9 ses internationaux avant le choc de la qualification pour la Coupe du monde face \u00e0 la Slovaquie, qui a d\u00e9j\u00e0 caus\u00e9 bien des soucis \u00e0 la s\u00e9lection allemande. La d\u00e9faite 0-2 lors du match aller \u00e0 Bratislava \u00ab\u00a0devrait nous servir d\u2019avertissement \u00e0 tous\u00a0\u00bb, a d\u00e9clar\u00e9 le s\u00e9lectionneur avant la rencontre d\u00e9cisive pour d\u00e9crocher directement le billet pour la Coupe du monde, lundi (20h45\/ZDF) \u00e0 Leipzig.<\/p>\n<p>Il a soulign\u00e9 qu\u2019il ne <b>\u00ab\u00a0craignait\u00a0\u00bb <\/b>pas l\u2019adversaire, mais que, avec la <a href=\"https:\/\/www.flashscore.fr\/equipe\/allemagne\/ptQide1O\/\" data-analytics-element=\"ARTICLE_TEXT_LINK\" data-analytics-alias=\"internal\" rel=\"nofollow noopener\" target=\"_blank\">s\u00e9lection allemande<\/a>, un simple point suffirait pour se qualifier pour le grand tournoi aux \u00c9tats-Unis, au Mexique et au Canada en 2026. Cependant : \u00ab\u00a0<b>Notre approche doit \u00eatre totalement diff\u00e9rente<\/b>.\u00a0\u00bb Si cela fonctionne et que son \u00e9quipe montre la d\u00e9termination n\u00e9cessaire, <b>\u00ab\u00a0tu joueras aussi diff\u00e9remment sur le plan footballistique\u00a0\u00bb<\/b>, assure le coach de 38 ans.<\/p>\n<p>Le match aller comme avertissement<\/p>\n<p>Qu\u2019a r\u00e9v\u00e9l\u00e9 son analyse de cette d\u00e9convenue ? \u00ab\u00a0<b>Nous avons perdu beaucoup de duels en un contre un, sur des postes cl\u00e9s. Il faut que cela change<\/b>\u00ab\u00a0, a-t-il affirm\u00e9, tout en tirant aussi du positif de ce d\u00e9but de qualification rat\u00e9 : \u00ab\u00a0<b>C\u2019est une bonne chose de savoir qu\u2019ils savent jouer et qu\u2019ils peuvent nous mettre en difficult\u00e9 si nous ne donnons pas tout. C\u2019est pourquoi nous savons ce que nous avons \u00e0 faire<\/b>.\u00a0\u00bb<\/p>\n<p><img class=\"wcl-image_vG4MA\" decoding=\"async\" loading=\"lazy\" fetchpriority=\"auto\" src=\"https:\/\/www.europesays.com\/fr\/wp-content\/uploads\/2025\/11\/028ae94f-70dd-4c27-950e-2c63007ed9b0.jpg\" alt=\"La poule de qualification de l\u2019Allemagne en un coup d\u2019\u0153il\" title=\"La poule de qualification de l\u2019Allemagne en un coup d\u2019\u0153il\" itemprop=\"image\"\/>La poule de qualification de l\u2019Allemagne en un coup d\u2019\u0153ilFlashscore<\/p>\n<p>Par exemple, il faudra jouer avec beaucoup plus de rythme. \u00ab\u00a0<b>Notre construction du jeu \u00e9tait tr\u00e8s lente, tr\u00e8s apathique<\/b>\u00ab\u00a0, a comment\u00e9 Nagelsmann \u00e0 propos du match aller. Il a aussi reconnu que la <a href=\"https:\/\/www.flashscore.fr\/equipe\/slovaquie\/KpLb2q1U\/\" data-analytics-element=\"ARTICLE_TEXT_LINK\" data-analytics-alias=\"internal\" rel=\"nofollow noopener\" target=\"_blank\">Slovaquie<\/a> avait eu beaucoup de r\u00e9ussite ce jour-l\u00e0. <b>\u00ab\u00a0Leur deuxi\u00e8me but n\u2019est pas quelque chose qu\u2019on voit tous les jours\u00a0\u00bb,<\/b> a-t-il ajout\u00e9 au sujet du superbe tir de <b><a href=\"https:\/\/www.flashscore.fr\/joueur\/strelec-david\/EeiPGlNh\/\" data-analytics-element=\"ARTICLE_TEXT_LINK\" data-analytics-alias=\"internal\" rel=\"nofollow noopener\" target=\"_blank\">David Strelec<\/a><\/b>.<\/p>\n<p>Mais pour le s\u00e9lectionneur, la v\u00e9ritable pi\u00e8ce ma\u00eetresse de l\u2019adversaire est un autre joueur. Le milieu de terrain <a href=\"https:\/\/www.flashscore.fr\/joueur\/lobotka-stanislav\/0Qcw6Yy1\/\" data-analytics-element=\"ARTICLE_TEXT_LINK\" data-analytics-alias=\"internal\" rel=\"nofollow noopener\" target=\"_blank\">Stanislav Lobotka<\/a> \u00ab\u00a0<b>est un \u00e9l\u00e9ment cl\u00e9 \u2013 aussi bien \u00e0 Naples qu\u2019en Slovaquie, il est le v\u00e9ritable moteur de l\u2019\u00e9quipe<\/b>\u00ab\u00a0, a pr\u00e9venu Nagelsmann.<\/p>\n<p><b><a href=\"https:\/\/www.flashscore.fr\/match\/football\/allemagne-ptQide1O\/slovaquie-KpLb2q1U\/?mid=x21OTMSp\" data-analytics-element=\"ARTICLE_TEXT_LINK\" data-analytics-alias=\"internal\" rel=\"nofollow noopener\" target=\"_blank\">Match-Center : Allemagne vs. Slovaquie<\/a><\/b><\/p>\n","protected":false},"excerpt":{"rendered":"Julian Nagelsmann a une nouvelle fois exhort\u00e9 ses internationaux avant le choc de la qualification pour la Coupe&hellip;\n","protected":false},"author":2,"featured_media":538318,"comment_status":"","ping_status":"","sticky":false,"template":"","format":"standard","meta":{"footnotes":""},"categories":[1587],"tags":[11,672,1804,1805,1803,1777,674,1801,12,1802],"class_list":{"0":"post-538317","1":"post","2":"type-post","3":"status-publish","4":"format-standard","5":"has-post-thumbnail","7":"category-allemagne","8":"tag-actualites","9":"tag-allemagne","10":"tag-bundesrepublik-deutschland","11":"tag-de","12":"tag-deutschland","13":"tag-eu","14":"tag-europe","15":"tag-germany","16":"tag-news","17":"tag-republique-federale-dallemagne"},"share_on_mastodon":{"url":"https:\/\/pubeurope.com\/@fr\/115559971453816859","error":""},"_links":{"self":[{"href":"https:\/\/www.europesays.com\/fr\/wp-json\/wp\/v2\/posts\/538317","targetHints":{"allow":["GET"]}}],"collection":[{"href":"https:\/\/www.europesays.com\/fr\/wp-json\/wp\/v2\/posts"}],"about":[{"href":"https:\/\/www.europesays.com\/fr\/wp-json\/wp\/v2\/types\/post"}],"author":[{"embeddable":true,"href":"https:\/\/www.europesays.com\/fr\/wp-json\/wp\/v2\/users\/2"}],"replies":[{"embeddable":true,"href":"https:\/\/www.europesays.com\/fr\/wp-json\/wp\/v2\/comments?post=538317"}],"version-history":[{"count":0,"href":"https:\/\/www.europesays.com\/fr\/wp-json\/wp\/v2\/posts\/538317\/revisions"}],"wp:featuredmedia":[{"embeddable":true,"href":"https:\/\/www.europesays.com\/fr\/wp-json\/wp\/v2\/media\/538318"}],"wp:attachment":[{"href":"https:\/\/www.europesays.com\/fr\/wp-json\/wp\/v2\/media?parent=538317"}],"wp:term":[{"taxonomy":"category","embeddable":true,"href":"https:\/\/www.europesays.com\/fr\/wp-json\/wp\/v2\/categories?post=538317"},{"taxonomy":"post_tag","embeddable":true,"href":"https:\/\/www.europesays.com\/fr\/wp-json\/wp\/v2\/tags?post=538317"}],"curies":[{"name":"wp","href":"https:\/\/api.w.org\/{rel}","templated":true}]}}