{"id":538321,"date":"2025-11-16T15:00:16","date_gmt":"2025-11-16T15:00:16","guid":{"rendered":"https:\/\/www.europesays.com\/fr\/538321\/"},"modified":"2025-11-16T15:00:16","modified_gmt":"2025-11-16T15:00:16","slug":"la-nouvelle-version-de-chatcontrol-aurait-encore-un-souci","status":"publish","type":"post","link":"https:\/\/www.europesays.com\/fr\/538321\/","title":{"rendered":"la nouvelle version de Chatcontrol aurait encore un souci"},"content":{"rendered":"<p>La disposition de \u00ab\u00a0ChatControl\u00a0\u00bb a \u00e9t\u00e9 supprim\u00e9e de la nouvelle version du projet de r\u00e8glement europ\u00e9en visant \u00e0 prot\u00e9ger les mineurs en ligne. Mais pour l\u2019ex-eurod\u00e9put\u00e9 allemand Patrick Breyer, un nouvel article, introduit par le Danemark, aurait le m\u00eame objectif\u00a0: imposer encore et toujours une obligation de d\u00e9tection de nos conversations aux messageries chiffr\u00e9es.<\/p>\n<p>Apr\u00e8s trois ans de n\u00e9gociation, les 27 pays de l\u2019Union europ\u00e9enne seraient sur le point de trouver un accord concernant le <a href=\"https:\/\/www.01net.com\/actualites\/le-projet-de-loi-pour-espionner-vos-conversations-privees-whatsapp-revient-sur-la-table-lopposition-se-mobilise.html\" rel=\"nofollow noopener\" target=\"_blank\">r\u00e8glement contre les abus sexuels sur les mineurs en ligne (CSAM).<\/a> Le jeudi 13 novembre, le Danemark, qui pr\u00e9side le Conseil depuis juin, a estim\u00e9 avoir suffisamment de soutien au sein des 27 pays de l\u2019Union europ\u00e9enne pour proposer un vote officiel, rapporte <a href=\"https:\/\/www.contexte.com\/fr\/actualite\/medias\/abus-sexuels-sur-mineurs-les-etats-membres-enfin-en-route-vers-un-accord_245717?go-back-to-briefitem=245717\" target=\"_blank\" rel=\"false noopener nofollow\">Contexte<\/a>, ce vendredi 14 novembre.<\/p>\n<p>Pour rappel, la disposition controvers\u00e9e de Chatcontrol (ou contr\u00f4le des conversations en fran\u00e7ais) avait finalement \u00e9t\u00e9 supprim\u00e9e, faute de consensus. La soci\u00e9t\u00e9 civile et les organisations de d\u00e9fense des droits num\u00e9riques \u00e9taient vent debout contre cette disposition qui aurait contraint les messageries chiffr\u00e9es comme Telegram, Signal ou WhatApp, \u00e0 d\u00e9tecter les contenus p\u00e9dopornographiques.<\/p>\n<p> Nouvelle controverse avec un nouvel article 4 <\/p>\n<p>Le compromis trouv\u00e9 cette semaine reviendrait \u00e0 prolonger le r\u00e9gime actuel qui expirera en avril 2026. Les plateformes comme WhatsApp, Signal ou Olvid peuvent, aujourd\u2019hui, d\u00e9tecter de tels contenus, mais sur la base du volontariat. <\/p>\n<p>Le Danemark veut toutefois ajouter une disposition qui fait encore pol\u00e9mique\u00a0: le fait que les plateformes qui proposent des services \u00e0 risque pour les mineurs aient l\u2019obligation d\u2019adopter des \u00ab\u00a0mesures de r\u00e9duction des risques\u00a0\u00bb.<\/p>\n<p>Et pour l\u2019ex-Eurod\u00e9put\u00e9 du parti pirate allemand Patrick Breyer, opposant notoire \u00e0 ChatControl, cela reviendrait, ni plus ni moins, \u00e0 une obligation de d\u00e9tection. \u00ab\u00a0Officiellement,\u00a0les obligations explicites de scan ont \u00e9t\u00e9 supprim\u00e9es\u00a0\u00bb, \u00e9crit-il dans son <a href=\"https:\/\/www.patrick-breyer.de\/en\/chat-control-2-0-through-the-back-door-breyer-warns-the-eu-is-playing-us-for-fools-now-theyre-scanning-our-texts-and-banning-teens\/\" target=\"_blank\" rel=\"false noopener nofollow\">article de blog<\/a>, dat\u00e9 du 11 novembre dernier.<\/p>\n<p>Mais \u00ab l\u2019article 4 du nouveau projet oblige les fournisseurs de services de messagerie \u00e9lectronique, de chat et de messagerie instantan\u00e9e comme WhatsApp \u00e0 prendre \u201ctoutes les mesures appropri\u00e9es d\u2019att\u00e9nuation des risques\u201d. Cela signifie qu\u2019ils peuvent toujours \u00eatre contraints de scanner tous les messages priv\u00e9s, y compris sur les services chiffr\u00e9s de bout en bout\u00a0\u00bb regrette-t-il.<\/p>\n<p>Ce dernier demande \u00e0 nouveau aux 27 \u00c9tats membres de \u00ab\u00a0bloquer ce compromis fallacieux au Conseil et d\u2019exiger des corrections imm\u00e9diates afin de pr\u00e9server les droits fondamentaux de tous les citoyens\u00a0\u00bb. Il sugg\u00e8re notamment de pr\u00e9ciser que les d\u00e9tections ne puissent pas \u00eatre impos\u00e9es au nom de la \u00ab\u00a0r\u00e9duction des risques\u00a0\u00bb. Le texte doit d\u00e9sormais \u00eatre officiellement approuv\u00e9 par les 27 \u2013 vraisemblablement d\u00e9but d\u00e9cembre \u2013 avant d\u2019\u00eatre n\u00e9goci\u00e9 entre les trois co-l\u00e9gislateurs de l\u2019Union europ\u00e9enne\u00a0: le Conseil, le Parlement europ\u00e9en, et la Commission europ\u00e9enne.<\/p>\n<p><strong>La saga ChatControl en 13 \u00e9pisodes<\/strong><\/p>\n<p><a href=\"https:\/\/www.01net.com\/actualites\/la-commission-europeenne-veut-des-backdoors-dans-les-messageries-contre-la-pedopornographie-2056189.html\" rel=\"nofollow noopener\" target=\"_blank\">La Commission europ\u00e9enne veut des backdoors dans les messageries contre la p\u00e9dopornographie (2022)<\/a><\/p>\n<p><a href=\"https:\/\/www.01net.com\/actualites\/imposer-la-detection-de-contenus-pedopornographiques-serait-aussi-inefficace-que-dangereux-selon-des-experts.html\" rel=\"nofollow noopener\" target=\"_blank\">Imposer la d\u00e9tection de contenus p\u00e9dopornographiques serait aussi inefficace que nuisible, selon des experts (2023)<\/a><\/p>\n<p><a href=\"https:\/\/www.01net.com\/actualites\/publicite-microciblee-pour-defendre-son-projet-de-reglement-sur-la-protection-des-mineurs-csar-la-commission-europeenne-est-elle-allee-trop-loin.html\" rel=\"nofollow noopener\" target=\"_blank\">Publicit\u00e9 microcibl\u00e9e\u00a0: pour d\u00e9fendre son projet de r\u00e8glement sur la protection des mineurs (CSAR), la Commission europ\u00e9enne est-elle all\u00e9e trop loin\u00a0? (2023)<\/a><\/p>\n<p><a href=\"https:\/\/www.01net.com\/actualites\/scanner-les-messageries-chiffrees-pour-lutter-contre-la-pedopornographie-des-lobbys-industriels-derriere-la-future-loi-europeenne.html\" rel=\"nofollow noopener\" target=\"_blank\">Scanner les messageries chiffr\u00e9es pour lutter contre la p\u00e9dopornographie\u00a0: des lobbys industriels derri\u00e8re la future loi europ\u00e9enne\u00a0?<\/a><\/p>\n<p><a href=\"https:\/\/www.01net.com\/actualites\/lutte-contre-les-contenus-pedopornographiques-les-pme-europeennes-du-numerique-sinquietent-du-reglement-csar.html\" rel=\"nofollow noopener\" target=\"_blank\">P\u00e9dopornographie\u00a0: Des PME europ\u00e9ennes du num\u00e9rique s\u2019inqui\u00e8tent d\u2019une future loi europ\u00e9enne qui leur imposerait le scan des conversations (2024)<\/a><\/p>\n<p><a href=\"https:\/\/www.01net.com\/actualites\/thorn-la-solution-preferee-de-bruxelles-pour-detecter-des-contenus-pedopornographiques-ne-serait-pas-fiable.html\" rel=\"nofollow noopener\" target=\"_blank\">Thorn, la solution pr\u00e9f\u00e9r\u00e9e de Bruxelles pour d\u00e9tecter des contenus p\u00e9dopornographiques, ne serait pas fiable (2024)<\/a><\/p>\n<p><strong><a href=\"https:\/\/www.01net.com\/actualites\/whatsapp-vos-conversations-privees-bientot-espionnees-par-leurope.html\" rel=\"nofollow noopener\" target=\"_blank\">WhatsApp\u00a0: vos conversations priv\u00e9es bient\u00f4t espionn\u00e9es par l\u2019Europe\u00a0? (vid\u00e9o Clic Droit)<\/a><\/strong><\/p>\n<p><a href=\"https:\/\/www.01net.com\/actualites\/leurope-met-en-pause-son-projet-dimposer-aux-messageries-chiffrees-le-scan-de-nos-conversations-en-ligne.html\" rel=\"nofollow noopener\" target=\"_blank\">L\u2019Europe met en pause son projet d\u2019imposer aux messageries chiffr\u00e9es le scan de nos conversations en ligne (2024)<\/a><\/p>\n<p><strong><a href=\"https:\/\/www.01net.com\/actualites\/pourra-t-on-encore-utiliser-telegram-signal-et-whatsapp-si-la-loi-impose-de-casser-le-chiffrement.html\" rel=\"nofollow noopener\" target=\"_blank\">Pourra-t-on encore avoir des conversations priv\u00e9es, si la loi impose des \u00ab\u00a0portes d\u00e9rob\u00e9es\u00a0\u00bb \u00e0 WhatsApp, Telegram ou Signal\u00a0?\u00a0<\/a><\/strong><\/p>\n<p><strong><a href=\"https:\/\/www.01net.com\/actualites\/le-systeme-chat-control-qui-signerait-la-fin-des-conversations-privees-en-europe-subit-une-defection-de-poids.html\" rel=\"nofollow noopener\" target=\"_blank\">Le syst\u00e8me \u00ab\u00a0Chat Control\u00a0\u00bb qui signerait la fin des conversations priv\u00e9es en Europe subit une d\u00e9fection de poids <\/a><\/strong><\/p>\n<p><strong><a href=\"https:\/\/www.01net.com\/actualites\/le-projet-de-loi-pour-espionner-vos-conversations-privees-whatsapp-revient-sur-la-table-lopposition-se-mobilise.html\" rel=\"nofollow noopener\" target=\"_blank\">Le projet de loi pour espionner vos conversations priv\u00e9es WhatsApp revient sur la table, l\u2019opposition se mobilise<\/a>\u00a0<\/strong><\/p>\n<p><strong><a href=\"https:\/\/www.01net.com\/actualites\/chatcontrol-le-danemark-sur-le-point-de-remettre-le-reglement-controverse-a-la-table-des-discussions.html\" rel=\"nofollow noopener\" target=\"_blank\">Chatcontrol\u00a0: le Danemark sur le point de remettre le r\u00e8glement controvers\u00e9 \u00e0 la table des discussions\u00a0? (<\/a><\/strong><\/p>\n<p><a href=\"https:\/\/www.01net.com\/actualites\/chatcontrol-le-danemark-renonce-finalement-a-imposer-le-scan-de-nos-conversations-aux-messageries-chiffrees-whatsapp-signal.html\" rel=\"nofollow noopener\" target=\"_blank\">ChatControl\u00a0: le Danemark renonce, finalement, \u00e0 imposer le scan de nos conversations aux messageries chiffr\u00e9es (WhatsApp, Signal)\u00a0<\/a><\/p>\n<blockquote style=\"border:1px solid grey;border-radius:8px;\">\n<p class=\"text-base text-neutral-700 dark:text-neutral-300\" style=\"color:grey;\">\ud83d\udc49\ud83c\udffb Suivez l\u2019actualit\u00e9 tech en temps r\u00e9el\u00a0: ajoutez 01net \u00e0 vos sources sur <a href=\"https:\/\/news.google.com\/publications\/CAAqBwgKMJPsvAswoIfUAw?hl=fr&amp;gl=FR&amp;ceid=FR%3Afr\" target=\"_blank\" rel=\"nofollow noopener\">Google Actualit\u00e9s<\/a>, abonnez-vous \u00e0 notre canal <a href=\"https:\/\/whatsapp.com\/channel\/0029VaH5gKg6xCSG9nQQhQ1Z\" target=\"_blank\" rel=\"nofollow noopener\">WhatsApp<\/a> ou suivez-nous en vid\u00e9o sur <a href=\"https:\/\/www.tiktok.com\/@01net.com\" target=\"_blank\" rel=\"nofollow noopener\">TikTok<\/a>.<\/p>\n<\/blockquote>\n<p>              <script async src=\"\/\/www.tiktok.com\/embed.js\"><\/script><\/p>\n","protected":false},"excerpt":{"rendered":"La disposition de \u00ab\u00a0ChatControl\u00a0\u00bb a \u00e9t\u00e9 supprim\u00e9e de la nouvelle version du projet de r\u00e8glement europ\u00e9en visant \u00e0&hellip;\n","protected":false},"author":2,"featured_media":538322,"comment_status":"","ping_status":"","sticky":false,"template":"","format":"standard","meta":{"footnotes":""},"categories":[1586],"tags":[11,61590,65708,65709,1777,674,1779,1011,27,65710,12,25,1778,364,657],"class_list":{"0":"post-538321","1":"post","2":"type-post","3":"status-publish","4":"format-standard","5":"has-post-thumbnail","7":"category-europe","8":"tag-actualites","9":"tag-csar","10":"tag-chatcontrol","11":"tag-csam","12":"tag-eu","13":"tag-europe","14":"tag-european-union","15":"tag-fr","16":"tag-france","17":"tag-messageries-chiffrees","18":"tag-news","19":"tag-republique-francaise","20":"tag-ue","21":"tag-union-europeenne","22":"tag-vie-privee"},"share_on_mastodon":{"url":"https:\/\/pubeurope.com\/@fr\/115559977671773430","error":""},"_links":{"self":[{"href":"https:\/\/www.europesays.com\/fr\/wp-json\/wp\/v2\/posts\/538321","targetHints":{"allow":["GET"]}}],"collection":[{"href":"https:\/\/www.europesays.com\/fr\/wp-json\/wp\/v2\/posts"}],"about":[{"href":"https:\/\/www.europesays.com\/fr\/wp-json\/wp\/v2\/types\/post"}],"author":[{"embeddable":true,"href":"https:\/\/www.europesays.com\/fr\/wp-json\/wp\/v2\/users\/2"}],"replies":[{"embeddable":true,"href":"https:\/\/www.europesays.com\/fr\/wp-json\/wp\/v2\/comments?post=538321"}],"version-history":[{"count":0,"href":"https:\/\/www.europesays.com\/fr\/wp-json\/wp\/v2\/posts\/538321\/revisions"}],"wp:featuredmedia":[{"embeddable":true,"href":"https:\/\/www.europesays.com\/fr\/wp-json\/wp\/v2\/media\/538322"}],"wp:attachment":[{"href":"https:\/\/www.europesays.com\/fr\/wp-json\/wp\/v2\/media?parent=538321"}],"wp:term":[{"taxonomy":"category","embeddable":true,"href":"https:\/\/www.europesays.com\/fr\/wp-json\/wp\/v2\/categories?post=538321"},{"taxonomy":"post_tag","embeddable":true,"href":"https:\/\/www.europesays.com\/fr\/wp-json\/wp\/v2\/tags?post=538321"}],"curies":[{"name":"wp","href":"https:\/\/api.w.org\/{rel}","templated":true}]}}