{"id":538323,"date":"2025-11-16T15:02:16","date_gmt":"2025-11-16T15:02:16","guid":{"rendered":"https:\/\/www.europesays.com\/fr\/538323\/"},"modified":"2025-11-16T15:02:16","modified_gmt":"2025-11-16T15:02:16","slug":"apres-quatre-mois-de-detention-au-venezuela-camilo-castro-est-libre-et-bientot-en-france-liberation","status":"publish","type":"post","link":"https:\/\/www.europesays.com\/fr\/538323\/","title":{"rendered":"Apr\u00e8s quatre mois de d\u00e9tention au Venezuela, Camilo Castro est libre et bient\u00f4t en France \u2013 Lib\u00e9ration"},"content":{"rendered":"<p class=\"sc-cPiKLX AiZTS text-element\"><a href=\"https:\/\/www.liberation.fr\/international\/amerique\/detenu-au-venezuela-camilo-castro-nouvelle-victime-francaise-de-la-diplomatie-des-otages-venezuelienne-20250819_XMXTOR7NWNDZTOVGWHLYHUOOJU\/\" target=\"_blank\" rel=\"noopener\" title=\"https:\/\/www.liberation.fr\/international\/amerique\/detenu-au-venezuela-camilo-castro-nouvelle-victime-francaise-de-la-diplomatie-des-otages-venezuelienne-20250819_XMXTOR7NWNDZTOVGWHLYHUOOJU\/\">Il \u00e9tait d\u00e9tenu au Venezuela<\/a> depuis le 26 juin. Camilo Castro est d\u00e9sormais libre et devrait retrouver sa famille ce dimanche 16 novembre en France. \u00abOn part \u00e0 Blagnac [l\u2019a\u00e9roport de Toulouse, ndlr] prendre l\u2019avion pour l\u2019accueillir \u00e0 Paris, sa s\u0153ur nous rejoint, a \u00e9crit sa m\u00e8re \u00e0 Lib\u00e9ration. Impossible de d\u00e9crire ce que nous ressentons. Camilo est libre, libre, libre.\u00bb<\/p>\n<p class=\"sc-cPiKLX AiZTS text-element\">Professeur de yoga, le quadrag\u00e9naire attir\u00e9 par l\u2019Am\u00e9rique latine a v\u00e9cu au Mexique, au P\u00e9rou, et surtout en Colombie, \u00e0 Palomino, avant d\u2019acheter un bout de terrain \u00e0 Marquetalia, dans la cordill\u00e8re des Andes, en 2020, pour s\u2019y installer. Il r\u00eavait de construire sa maison en bois et de vivre selon les traditions du peuple indig\u00e8ne Kogi. Son p\u00e8re \u00e9tait un r\u00e9fugi\u00e9 chilien qui avait fui la dictature de Pinochet, aujourd\u2019hui d\u00e9c\u00e9d\u00e9.<\/p>\n<p class=\"sc-cPiKLX AiZTS text-element\">Son beau-p\u00e8re, Yves Guibert, l\u2019a eu<b> <\/b>au t\u00e9l\u00e9phone apr\u00e8s sa lib\u00e9ration, quand il \u00e9tait \u00e0 l\u2019ambassade de France \u00e0 Caracas : Camilo<b> <\/b>Castro \u00ab\u00e9tait extr\u00eamement heureux d\u2019\u00eatre sorti, un peu surexcit\u00e9 et en m\u00eame temps encore dans une forme d\u2019inqui\u00e9tude tant qu\u2019il n\u2019avait pas quitt\u00e9 le territoire du Venezuela\u00bb. Ceci dit, \u00abon ne sort pas de prison le jour o\u00f9 on est lib\u00e9r\u00e9, a ajout\u00e9 Yves Guibert. Il y a tout un temps de r\u00e9adaptation au monde, il y a tout un temps pour reprendre contact avec la vie normale. Et \u00e7a va \u00eatre notre t\u00e2che, maintenant.\u00bb<\/p>\n<p class=\"sc-cPiKLX AiZTS text-element\">En tout d\u00e9but de matin\u00e9e, Emmanuel Macron avait annonc\u00e9 sa lib\u00e9ration par un message post\u00e9 sur le r\u00e9seau social X. \u00abJe partage le soulagement de ses proches et remercie tous ceux qui ont \u0153uvr\u00e9 \u00e0 sa lib\u00e9ration, ajoutait le chef de l\u2019Etat. La France avance parfois sans bruit, mais toujours avec d\u00e9termination et sang-froid : c\u2019est ainsi que nous prot\u00e9geons les n\u00f4tres.\u00bb \u00abC\u2019est l\u2019honneur de notre diplomatie que d\u2019avoir obtenu sa sortie de prison. Remerciements aux partenaires qui ont appuy\u00e9 nos efforts\u00bb, avait abond\u00e9 Jean-No\u00ebl Barrot, le ministre des Affaires \u00e9trang\u00e8res, qui \u00e9tait r\u00e9cemment, comme Emmanuel Macron, en tourn\u00e9e au Mexique et au Br\u00e9sil.<\/p>\n<p class=\"sc-cPiKLX AiZTS text-element\">Il n\u2019y a eu \u00abaucune contrepartie\u00bb pour sa lib\u00e9ration, a assur\u00e9 le chef de la diplomatie fran\u00e7aise sur France Inter et France Info, ajoutant que Camilo Castro avait fait les frais \u00abd\u2019accusations sans fondements\u00bb. \u00abJe salue le geste des autorit\u00e9s v\u00e9n\u00e9zu\u00e9liennes. Je remercie tout particuli\u00e8rement mes homologues br\u00e9siliens et mexicains qui ont pass\u00e9 un certain nombre de messages en lien \u00e9troit avec moi\u00bb, a-t-il ajout\u00e9.<\/p>\n<p class=\"sc-cPiKLX AiZTS text-element\">Camilo Castro avait \u00e9t\u00e9 arr\u00eat\u00e9 le 26 juin par la police migratoire v\u00e9n\u00e9zu\u00e9lienne de Paraguach\u00f3n, au poste-fronti\u00e8re entre la Colombie et le Venezuela, avant d\u2019\u00eatre transf\u00e9r\u00e9 \u00e0 Caracas. Sans proc\u00e8s ni le droit de consulter un avocat, il a \u00e9t\u00e9 accus\u00e9 de \u00abterrorisme\u00bb et a \u00e9t\u00e9 d\u00e9tenu \u00e0 la prison d\u2019El Rodeo I, dans une section d\u00e9di\u00e9e aux \u00e9trangers.<\/p>\n<p class=\"sc-cPiKLX AiZTS text-element\">Il \u00e9tait entr\u00e9 au Venezuela pour faire tamponner son passeport afin de prolonger son autorisation de s\u00e9jour en Colombie, o\u00f9 il vivait depuis des ann\u00e9es. Il avait fait cette man\u0153uvre en 2022, \u00e0 un autre endroit, sans aucun souci. Mais depuis l\u2019\u00e9t\u00e9 2024 et <a href=\"https:\/\/www.liberation.fr\/international\/amerique\/venezuela-nicolas-maduro-reelu-alors-que-lopposition-revendiquait-la-victoire-20240729_4ECQCFOPHVCNXEI6XP2DHF5UHU\/\" target=\"_blank\" rel=\"noopener\" title=\"https:\/\/www.liberation.fr\/international\/amerique\/venezuela-nicolas-maduro-reelu-alors-que-lopposition-revendiquait-la-victoire-20240729_4ECQCFOPHVCNXEI6XP2DHF5UHU\/\">la r\u00e9\u00e9lection contest\u00e9e de Nicol\u00e1s Maduro<\/a> \u00e0 la t\u00eate du pays, le gouvernement v\u00e9n\u00e9zu\u00e9lien arr\u00eate, souvent sans raison, des \u00e9trangers qui ont l\u2019outrecuidance de passer l\u00e9galement sa fronti\u00e8re, afin d\u2019en faire une monnaie d\u2019\u00e9change et un outil de pression sur les pays qui refusent de reconna\u00eetre sa l\u00e9gitimit\u00e9 douteuse.<\/p>\n<p class=\"sc-cPiKLX AiZTS text-element\">Camilo Castro \u00e9tait le quatri\u00e8me ressortissant fran\u00e7ais \u00e0 avoir \u00e9t\u00e9 arr\u00eat\u00e9 au cours des derniers mois. L\u2019un d\u2019entre eux, <a href=\"https:\/\/www.liberation.fr\/international\/amerique\/au-venezuela-le-touriste-franco-americain-lucas-hunter-potentiellement-pris-au-piege-de-la-diplomatie-des-otages-de-nicolas-maduro-20250312_33IWYAE27JG5XASHLMOC2UAINQ\/?redirected=1\" target=\"_blank\" rel=\"noopener\" title=\"https:\/\/www.liberation.fr\/international\/amerique\/au-venezuela-le-touriste-franco-americain-lucas-hunter-potentiellement-pris-au-piege-de-la-diplomatie-des-otages-de-nicolas-maduro-20250312_33IWYAE27JG5XASHLMOC2UAINQ\/?redirected=1\">Lucas Hunter<\/a>, franco-am\u00e9ricain, a \u00e9t\u00e9 lib\u00e9r\u00e9 depuis <a href=\"https:\/\/www.liberation.fr\/international\/amerique\/lucas-hunter-le-touriste-franco-americain-detenu-au-venezuela-a-ete-libere-20250719_B44TQ7IPEZAZ7JDU55GCMJZX74\/?redirected=1\" target=\"_blank\" rel=\"noreferrer noopener\" title=\"https:\/\/www.liberation.fr\/international\/amerique\/lucas-hunter-le-touriste-franco-americain-detenu-au-venezuela-a-ete-libere-20250719_B44TQ7IPEZAZ7JDU55GCMJZX74\/?redirected=1\">lors d\u2019un spectaculaire \u00e9change de prisonniers<\/a> contre des migrants v\u00e9n\u00e9zu\u00e9liens, expuls\u00e9s des Etats-Unis et retenus au Salvador, le 18 juillet. Sa famille \u00e9tait sans nouvelles de lui depuis le 7 janvier, date \u00e0 laquelle il avait disparu exactement au m\u00eame endroit que Camilo Castro, alors qu\u2019il \u00e9tait en vacances en Colombie.<\/p>\n<p class=\"sc-cPiKLX AiZTS text-element\">Un autre Fran\u00e7ais aurait \u00e9t\u00e9 lib\u00e9r\u00e9 dans une n\u00e9gociation directe entre l\u2019ambassade de France et le Venezuela. Selon l\u2019ONG v\u00e9n\u00e9zu\u00e9lienne Foro Penal, qui s\u2019occupe du suivi des prisonniers politiques au Venezuela, pr\u00e8s d\u2019une centaine de ressortissants \u00e9trangers seraient actuellement retenus dans le pays. De ces prisonniers, on ne sait pas grand-chose. Le Venezuela n\u2019en parle jamais officiellement. Nicol\u00e1s Maduro ou son ministre de l\u2019Int\u00e9rieur, Diosdado Cabello, \u00e9voquent de temps \u00e0 autre des arrestations de \u00abmercenaires\u00bb \u00e9trangers <a href=\"https:\/\/www.liberation.fr\/international\/amerique\/au-venezuela-frontieres-fermees-et-vraies-fausses-elections-20250521_T2HO3UBRMJC2FMVZZVC2FBJCR4\/\" target=\"_blank\" rel=\"noreferrer noopener\" title=\"https:\/\/www.liberation.fr\/international\/amerique\/au-venezuela-frontieres-fermees-et-vraies-fausses-elections-20250521_T2HO3UBRMJC2FMVZZVC2FBJCR4\/\">qui se seraient infiltr\u00e9s sur le sol v\u00e9n\u00e9zu\u00e9lien<\/a> pour renverser le pouvoir ou assassiner le Pr\u00e9sident.<\/p>\n<p class=\"sc-cPiKLX AiZTS text-element\"><b>Mise \u00e0 jour \u00e0 15 h 48<\/b> avec les t\u00e9moignages de membres de la famille de Camilo Castro.<\/p>\n","protected":false},"excerpt":{"rendered":"Il \u00e9tait d\u00e9tenu au Venezuela depuis le 26 juin. Camilo Castro est d\u00e9sormais libre et devrait retrouver sa&hellip;\n","protected":false},"author":2,"featured_media":538324,"comment_status":"","ping_status":"","sticky":false,"template":"","format":"standard","meta":{"footnotes":""},"categories":[2],"tags":[11,9395,1011,27,12,338,25,337],"class_list":{"0":"post-538323","1":"post","2":"type-post","3":"status-publish","4":"format-standard","5":"has-post-thumbnail","7":"category-actualites","8":"tag-actualites","9":"tag-colombie","10":"tag-fr","11":"tag-france","12":"tag-news","13":"tag-nicolas-maduro","14":"tag-republique-francaise","15":"tag-venezuela"},"share_on_mastodon":{"url":"https:\/\/pubeurope.com\/@fr\/115559985671517975","error":""},"_links":{"self":[{"href":"https:\/\/www.europesays.com\/fr\/wp-json\/wp\/v2\/posts\/538323","targetHints":{"allow":["GET"]}}],"collection":[{"href":"https:\/\/www.europesays.com\/fr\/wp-json\/wp\/v2\/posts"}],"about":[{"href":"https:\/\/www.europesays.com\/fr\/wp-json\/wp\/v2\/types\/post"}],"author":[{"embeddable":true,"href":"https:\/\/www.europesays.com\/fr\/wp-json\/wp\/v2\/users\/2"}],"replies":[{"embeddable":true,"href":"https:\/\/www.europesays.com\/fr\/wp-json\/wp\/v2\/comments?post=538323"}],"version-history":[{"count":0,"href":"https:\/\/www.europesays.com\/fr\/wp-json\/wp\/v2\/posts\/538323\/revisions"}],"wp:featuredmedia":[{"embeddable":true,"href":"https:\/\/www.europesays.com\/fr\/wp-json\/wp\/v2\/media\/538324"}],"wp:attachment":[{"href":"https:\/\/www.europesays.com\/fr\/wp-json\/wp\/v2\/media?parent=538323"}],"wp:term":[{"taxonomy":"category","embeddable":true,"href":"https:\/\/www.europesays.com\/fr\/wp-json\/wp\/v2\/categories?post=538323"},{"taxonomy":"post_tag","embeddable":true,"href":"https:\/\/www.europesays.com\/fr\/wp-json\/wp\/v2\/tags?post=538323"}],"curies":[{"name":"wp","href":"https:\/\/api.w.org\/{rel}","templated":true}]}}