{"id":538325,"date":"2025-11-16T15:03:15","date_gmt":"2025-11-16T15:03:15","guid":{"rendered":"https:\/\/www.europesays.com\/fr\/538325\/"},"modified":"2025-11-16T15:03:15","modified_gmt":"2025-11-16T15:03:15","slug":"ce-sont-des-mines-dor","status":"publish","type":"post","link":"https:\/\/www.europesays.com\/fr\/538325\/","title":{"rendered":"ce sont des mines d\u2019or\u00bb"},"content":{"rendered":"<p>\n    <strong>UNE HEURE DANS LE BUREAU &#8211;<\/strong> Chaque week-end, un dirigeant ouvre sa porte au Figaro. C\u2019est au tour d\u2019Isabelle Bettan, directrice g\u00e9n\u00e9rale de Pierres d\u2019Histoire.<\/p>\n<p class=\"fig-paragraph\">Entre la majestueuse place des Victoires et l\u2019avenue de l\u2019Op\u00e9ra, un immeuble typique du XVIIIe si\u00e8cle &#8211; avec sa porte coch\u00e8re permettant aux chevaux d\u2019entrer dans la cour &#8211; est en partie\u00a0<a href=\"http:\/\/www.lefigaro.fr\/actualite-france\/plus-de-7500-chantiers-simultanes-le-grand-ravalement-qui-exaspere-les-parisiens-20240510\" target=\"_blank\" data-fig-type=\"Article\" rel=\"noopener nofollow\" data-gtm-custom-categorie=\"navigation\" data-gtm-custom-action=\"crossclick\" data-gtm-custom-label=\"Contextuel\" data-gtm-event=\"customEventSPE\" data-fig-domain=\"LEFIGARO\">dissimul\u00e9 par un ravalement de fa\u00e7ade<\/a>. \u00c0 l\u2019int\u00e9rieur, des travaux \u00e9galement. \u00abCet immeuble ancien est en \u00e9tat de v\u00e9tust\u00e9 avanc\u00e9e et c\u2019est un chantier permanent, sourit Isabelle Bettan, directrice g\u00e9n\u00e9rale de Pierres d\u2019Histoire depuis 18 mois. C\u2019est amusant puisque cela illustre parfaitement notre business.\u00bb Quel business\u00a0? Tout est dans l\u2019intitul\u00e9 de la soci\u00e9t\u00e9\u00a0: il s\u2019agit\u00a0<a href=\"http:\/\/www.lefigaro.fr\/culture\/patrimoine\/grand-trophee-dassault-2025-le-chateau-de-vaux-en-champagne-l-histoire-d-un-sauvetage-20251017\" target=\"_blank\" data-fig-type=\"Article\" rel=\"noopener nofollow\" data-gtm-custom-categorie=\"navigation\" data-gtm-custom-action=\"crossclick\" data-gtm-custom-label=\"Contextuel\" data-gtm-event=\"customEventSPE\" data-fig-domain=\"LEFIGARO\">de faire vivre ou revivre des vieilles pierres<\/a>\u00a0gr\u00e2ce \u00e0 l\u2019hospitality. Notre h\u00f4te nous emm\u00e8ne au premier \u00e9tage en fond de cour, par un escalier en bois. Au premier entresol, un \u00e9criteau indique que l\u2019appartement est&#8230; en travaux. D\u00e9cid\u00e9ment\u00a0!<\/p>\n<p class=\"fig-paragraph\">Lorsque des professionnels l\u2019ont vid\u00e9, quelques mois auparavant, un vieux meuble en bois de La Poste aux allures de secr\u00e9taire tra\u00eenait devant la porte. Son avenir semblait \u00e9vident\u00a0: les encombrants. \u00abVous allez vraiment jeter \u00e7a\u00a0?\u00bb, demande la\u2026<\/p>\n<p class=\"fig-premium-paywall__infos\">\n        Cet article est r\u00e9serv\u00e9 aux abonn\u00e9s.        Il vous reste 76% \u00e0 d\u00e9couvrir.\n    <\/p>\n<p>                <img  data- alt=\"Le Figaro\" class=\"fig-img--complete fig-img\"\/><\/p>\n<p class=\"fig-premium-paywall__title\">Black Friday<\/p>\n<p class=\"fig-premium-paywall__subtitle\">-70% sur l&rsquo;abonnement num\u00e9rique<\/p>\n<p class=\"fig-premium-paywall__connect\">\n                D\u00e9j\u00e0 abonn\u00e9\u00a0?                <a class=\"fig-premium-paywall__connect-link\" href=\"https:\/\/connect.lefigaro.fr\/login?client=horizon_web&amp;type=main&amp;redirect_uri=https%3A%2F%2Fwww.lefigaro.fr%2Fdecideurs%2Fmanagement%2Fnous-sauvons-des-chateaux-francais-en-rehabilitant-des-dependances-inexploitees-ce-sont-des-mines-d-or-20251116\" data-js-gtm=\"{&quot;customCategorie&quot;: &quot;conversion&quot;, &quot;customAction&quot;: &quot;before_Landing_Connexion_paywall_manuel&quot;, &quot;customLabel&quot;: &quot;bGVmaWdhcm8uZnJfXzFmMGMxNDEyLTZhZjctNjQ4ZS1hZWM2LTUxZDQ5YzcwMmQzMV9fQXJ0aWNsZQ==_\u00abNous sauvons des ch\u00e2teaux fran\u00e7ais en r\u00e9habilitant des d\u00e9pendances inexploit\u00e9es\u00a0: ce sont des mines d\u2019or\u00bb_252&quot;, &quot;customIDSPE&quot;: &quot;bGVmaWdhcm8uZnJfXzFmMGMxNDEyLTZhZjctNjQ4ZS1hZWM2LTUxZDQ5YzcwMmQzMV9fQXJ0aWNsZQ==&quot;, &quot;event&quot;: &quot;customEventSPE&quot;}\" rel=\"nofollow noopener\" target=\"_blank\"><br \/>\n                    Connectez-vous<br \/>\n                <\/a>\n            <\/p>\n","protected":false},"excerpt":{"rendered":"UNE HEURE DANS LE BUREAU &#8211; Chaque week-end, un dirigeant ouvre sa porte au Figaro. C\u2019est au tour&hellip;\n","protected":false},"author":2,"featured_media":538326,"comment_status":"","ping_status":"","sticky":false,"template":"","format":"standard","meta":{"footnotes":""},"categories":[2],"tags":[11,12544,35,1011,27,937,2519,12,25],"class_list":{"0":"post-538325","1":"post","2":"type-post","3":"status-publish","4":"format-standard","5":"has-post-thumbnail","7":"category-actualites","8":"tag-actualites","9":"tag-bureau","10":"tag-business","11":"tag-fr","12":"tag-france","13":"tag-histoire","14":"tag-hotellerie","15":"tag-news","16":"tag-republique-francaise"},"share_on_mastodon":{"url":"https:\/\/pubeurope.com\/@fr\/115559989661783772","error":""},"_links":{"self":[{"href":"https:\/\/www.europesays.com\/fr\/wp-json\/wp\/v2\/posts\/538325","targetHints":{"allow":["GET"]}}],"collection":[{"href":"https:\/\/www.europesays.com\/fr\/wp-json\/wp\/v2\/posts"}],"about":[{"href":"https:\/\/www.europesays.com\/fr\/wp-json\/wp\/v2\/types\/post"}],"author":[{"embeddable":true,"href":"https:\/\/www.europesays.com\/fr\/wp-json\/wp\/v2\/users\/2"}],"replies":[{"embeddable":true,"href":"https:\/\/www.europesays.com\/fr\/wp-json\/wp\/v2\/comments?post=538325"}],"version-history":[{"count":0,"href":"https:\/\/www.europesays.com\/fr\/wp-json\/wp\/v2\/posts\/538325\/revisions"}],"wp:featuredmedia":[{"embeddable":true,"href":"https:\/\/www.europesays.com\/fr\/wp-json\/wp\/v2\/media\/538326"}],"wp:attachment":[{"href":"https:\/\/www.europesays.com\/fr\/wp-json\/wp\/v2\/media?parent=538325"}],"wp:term":[{"taxonomy":"category","embeddable":true,"href":"https:\/\/www.europesays.com\/fr\/wp-json\/wp\/v2\/categories?post=538325"},{"taxonomy":"post_tag","embeddable":true,"href":"https:\/\/www.europesays.com\/fr\/wp-json\/wp\/v2\/tags?post=538325"}],"curies":[{"name":"wp","href":"https:\/\/api.w.org\/{rel}","templated":true}]}}