{"id":538334,"date":"2025-11-16T15:12:14","date_gmt":"2025-11-16T15:12:14","guid":{"rendered":"https:\/\/www.europesays.com\/fr\/538334\/"},"modified":"2025-11-16T15:12:14","modified_gmt":"2025-11-16T15:12:14","slug":"cc-coupe-de-france-quelneuc-elite-u23-femmes-2-amandine-fouquenet-1ere-actualite","status":"publish","type":"post","link":"https:\/\/www.europesays.com\/fr\/538334\/","title":{"rendered":"CC &#8211; Coupe de France &#8211; Quelneuc &#8211; \u00c9lite &#038; U23 Femmes #2 : Amandine Fouquenet 1\u00e8re &#8211; Actualit\u00e9"},"content":{"rendered":"<p class=\"pf0\" style=\"text-align: justify;\">Amandine Fouquenet (Ark\u00e9a-B&amp;B H\u00f4tels Femmes)\u00a0a remport\u00e9, ce dimanche, \u00e0 Quelneuc-Carentoir (Morbihan), la quatri\u00e8me manche de la Coupe de France \u00c9lite &amp; U23 Femmes de cyclo-cross. La Championne de France a devanc\u00e9 Amandine Muller (AS Bike Racing-France Literie) et Ana\u00efs Morichon (Team Guevel Roadborn).<\/p>\n<p><strong>Classement non-officiel :<br \/><\/strong>1. FOUQUENET Amandine ARKEA &#8211; B&amp;B HOTELS WOMEN en 47&rsquo;13\u00a0\u00bb<br \/>2. MULLER Amandine AS BIKE RACING \/ FRANCE LITERIE +01:13<br \/>3. MORICHON Ana\u00efs TEAM GUEVEL ROADBORN +02:24<br \/>4. VIDON Amandine VELO CLUB D&rsquo;AMBERIEU +03:39<br \/>5. MOULIN Ana\u00efs U.C. ALBENASSIENNE +04:15<br \/>6. VALADE Alexandra VC ELANCOURT ST QUENTIN EN YVELINES TEAM VOUSSERT +04:39<br \/>7. DESPREZ Lison ACT CYCLING +05:03<br \/>8. DEVIGNE Camille EC WAMBRECHIES MARQUETTE LILLE +05:09<br \/>9. GARNIER Noemie TEAM GUEVEL ROADBORN +05:13<br \/>10. PORLIER Roxanne PARISIS A.C. 95 +05:23<br \/>11. WEINGARTEN Audrey TEAM CX CHARTRES +05:29<br \/>12. HURTELOUP Ad\u00e8le RETZ BIKE CLUB +06:01<br \/>13. KLAES Lise U.V.C.A TROYES +06:30<br \/>14. CORABOEUF Lea AC LANESTER 56 +06:35<br \/>15. ROGER Hugoline BRIOUZE CYCLISME COMPETITION +06:54<br \/>16. MOISSONNIER Marie LYON SPRINT EVOLUTION +07:21<br \/>17. BONNIN Noemie US VERN CYCLISME +07:52<br \/>18. TRITZ Mathilde C.S. CHAMONIX VTT +07:52<br \/>19. RIGAUX Alizee TEAM SPRINT ENERGY +08:20<br \/>20. ADAM Lucie CC VILLENEUVE ST GERMAIN SOISSONS AISNE +08:25<br \/>21. LALANNE Johanna TEAM CROSS TECHNO CONCEPT URBALOC +08:35<br \/>22. LISABOIS Lola CYCLO CLUB DU MADIRANAIS +08:35<br \/>23. YANNIC Tifenn EC LANDERNEAU +08:38<br \/>24. JOUAULT Ambre CC VITREEN +08:50<br \/>25. LANDRIN ZEBERT Flavie VC COMMUNAUTAIRE HETTANGE +09:20<br \/>26. MORICEAU Clarisse DURTAL VELO SPORT +09:51<br \/>27. LE BRAS Justine VC ELANCOURT ST QUENTIN EN YVELINES TEAM VOUSSERT +10:04<br \/>28. TOUFFET Elodie VC CHALLANDAIS +10:17<br \/>29. CHESNEAU Romane VC ELANCOURT ST QUENTIN EN YVELINES TEAM VOUSSERT +11:41<br \/>30. REYNIER Romane U.V.C.A TROYES + 2 tours<br \/>31. FROUARD Diane CC MARMANDAIS + 2 tours<br \/>32. REHM Coralie UC HAGUENAU CYCLO-CROSS + 2 tours<br \/>33. BRAMOULLE Pauline UC ALENCON DAMIGNY + 2 tours<br \/>34. POTTIER Camille VC DE L&rsquo;EVRON COETMIEUX + 2 tours<br \/>35. LIBOREAU Manon TEAM CROSS TECHNO CONCEPT URBALOC + 2 tours<br \/>36. LECOQ Alizea LE MANS SARTHE VELO + 2 tours<br \/>37. GAFFE Cassandra PARISIS A.C. 95 + 2 tours<br \/>38. BERGHEAUD Ma\u00eblys TEAM CYCLISTE LINAS MONTLHERY + 2 tours<br \/>39. LE COUEDIC HENIN Noemie VC PAYS DE LOUDEAC + 2 tours<br \/>40. BRAMOULLE Manon UC ALENCON DAMIGNY + 2 tours<\/p>\n<p><strong>Abandons :<\/strong><br \/>FAVREAU Pauline US ST PIERRE DES CORPS\u00a0<br \/>VERDIER Juliette TEAM CX CHARTRES<br \/>BONNELLIER CARON Elsa AS TREPORT CYCLISME<\/p>\n<p class=\"pf0\">Plus d&rsquo;informations \u00e0 venir.<\/p>\n","protected":false},"excerpt":{"rendered":"Amandine Fouquenet (Ark\u00e9a-B&amp;B H\u00f4tels Femmes)\u00a0a remport\u00e9, ce dimanche, \u00e0 Quelneuc-Carentoir (Morbihan), la quatri\u00e8me manche de la Coupe de&hellip;\n","protected":false},"author":2,"featured_media":538335,"comment_status":"","ping_status":"","sticky":false,"template":"","format":"standard","meta":{"footnotes":""},"categories":[1411],"tags":[834,828,836,829,837,827,83,826,824,823,1154,207,814,817,815,816,822,821,832,211,839,1011,27,820,818,819,835,831,830,833,838,60,212,208,825],"class_list":{"0":"post-538334","1":"post","2":"type-post","3":"status-publish","4":"format-standard","5":"has-post-thumbnail","7":"category-cyclisme","8":"tag-attaque","9":"tag-belgique","10":"tag-braquet","11":"tag-bretagne","12":"tag-chute","13":"tag-competition","14":"tag-coupe-de-france","15":"tag-coureur","16":"tag-course-cyclisme","17":"tag-course-cycliste","18":"tag-cycling","19":"tag-cyclisme","20":"tag-direct","21":"tag-direct-velo","22":"tag-directvelo","23":"tag-directvelo-com","24":"tag-epreuve","25":"tag-epreuve-cycliste","26":"tag-federation-francaise-de-cyclisme","27":"tag-ffc","28":"tag-flandres","29":"tag-fr","30":"tag-france","31":"tag-live","32":"tag-live-course","33":"tag-live-epreuve","34":"tag-peloton","35":"tag-radio-peloton","36":"tag-radio-tour","37":"tag-ravitaillement","38":"tag-relance","39":"tag-sports","40":"tag-uci","41":"tag-velo","42":"tag-velos"},"share_on_mastodon":{"url":"https:\/\/pubeurope.com\/@fr\/115560024962915122","error":""},"_links":{"self":[{"href":"https:\/\/www.europesays.com\/fr\/wp-json\/wp\/v2\/posts\/538334","targetHints":{"allow":["GET"]}}],"collection":[{"href":"https:\/\/www.europesays.com\/fr\/wp-json\/wp\/v2\/posts"}],"about":[{"href":"https:\/\/www.europesays.com\/fr\/wp-json\/wp\/v2\/types\/post"}],"author":[{"embeddable":true,"href":"https:\/\/www.europesays.com\/fr\/wp-json\/wp\/v2\/users\/2"}],"replies":[{"embeddable":true,"href":"https:\/\/www.europesays.com\/fr\/wp-json\/wp\/v2\/comments?post=538334"}],"version-history":[{"count":0,"href":"https:\/\/www.europesays.com\/fr\/wp-json\/wp\/v2\/posts\/538334\/revisions"}],"wp:featuredmedia":[{"embeddable":true,"href":"https:\/\/www.europesays.com\/fr\/wp-json\/wp\/v2\/media\/538335"}],"wp:attachment":[{"href":"https:\/\/www.europesays.com\/fr\/wp-json\/wp\/v2\/media?parent=538334"}],"wp:term":[{"taxonomy":"category","embeddable":true,"href":"https:\/\/www.europesays.com\/fr\/wp-json\/wp\/v2\/categories?post=538334"},{"taxonomy":"post_tag","embeddable":true,"href":"https:\/\/www.europesays.com\/fr\/wp-json\/wp\/v2\/tags?post=538334"}],"curies":[{"name":"wp","href":"https:\/\/api.w.org\/{rel}","templated":true}]}}