{"id":538338,"date":"2025-11-16T15:14:12","date_gmt":"2025-11-16T15:14:12","guid":{"rendered":"https:\/\/www.europesays.com\/fr\/538338\/"},"modified":"2025-11-16T15:14:12","modified_gmt":"2025-11-16T15:14:12","slug":"kevin-federline-retropedale-et-affirme-que-ses-fils-veulent-se-reconcilier-avec-leur-mere-britney-spears","status":"publish","type":"post","link":"https:\/\/www.europesays.com\/fr\/538338\/","title":{"rendered":"Kevin Federline r\u00e9trop\u00e9dale et affirme que ses fils veulent se r\u00e9concilier avec leur m\u00e8re Britney Spears"},"content":{"rendered":"<p>Serait-on \u00e0 la veille d\u2019un d\u00e9nouement heureux pour <a href=\"https:\/\/www.20minutes.fr\/arts-stars\/people\/4183191-20251103-britney-spears-pourquoi-compte-instagram-star-pop-supprime\" target=\"_blank\" class=\"c-link c-link--is-underlined\" rel=\"noopener\">Britney Spears<\/a> et ses enfants\u00a0? Ou bien <a href=\"https:\/\/www.20minutes.fr\/arts-stars\/people\/4167103-20250807-ex-britney-spears-kevin-federline-promet-revelations-tres-personnelles-autobiographie\" target=\"_blank\" class=\"c-link c-link--is-underlined\" rel=\"noopener\">Kevin Federline<\/a> a-t-il d\u00fb revoir ses ambitions \u00e0 la baisse apr\u00e8s les critiques sur son autobiographie trash You Thought You Knew\u00a0? En pleine promotion de son livre, Kevin Federline a en tout as r\u00e9v\u00e9l\u00e9 lors de plusieurs interviews que leurs deux fils, Sean Preston, 20 ans, et Jayden James, 19 ans, avaient renou\u00e9 le contact avec leur m\u00e8re.<\/p>\n<p>L\u2019ex-danseur de 47 ans, dont l\u2019ouvrage a soulev\u00e9 \u00e9c\u0153ur\u00e9 les fans de la chanteuse et <a href=\"https:\/\/www.20minutes.fr\/arts-stars\/people\/4179854-20251019-britney-spears-appele-justin-timberlake-juste-avant-marier-kevin-federline\" target=\"_blank\" class=\"c-link c-link--is-underlined\" rel=\"noopener\">soulev\u00e9 quelques pol\u00e9miques<\/a> depuis sa parution le 21\u00a0octobre, a d\u00e9clar\u00e9 au micro du <a href=\"https:\/\/talkshop.live\/watch\/_il-Dv9MgbHO\" rel=\"nofollow noopener\" target=\"_blank\" class=\"c-link c-link--is-underlined\">podcast<\/a> Talk Shop Live\u00a0: \u00ab\u00a0Je sais qu\u2019elle a parl\u00e9 \u00e0 nos fils, ce qui est une bonne chose\u00a0\u00bb. Et d\u2019ajouter\u00a0: \u00ab\u00a0Ils essaient de trouver un moyen de r\u00e9parer le lien avec leur m\u00e8re. Ils l\u2019aiment inconditionnellement\u00a0\u00bb.<\/p>\n<p>Un revirement de situation qui contraste fortement avec le ton volontiers alarmiste adopt\u00e9 par Kevin Federline dans son livre o\u00f9 il exprime des inqui\u00e9tudes s\u00e9rieuses sur la sant\u00e9 mentale et physique de la m\u00e8re de ses enfants. Tout comme dans <a href=\"https:\/\/www.20minutes.fr\/arts-stars\/people\/3346647-20220906-britney-spears-reagit-commentaires-enfants-interview-australienne\" target=\"_blank\" class=\"c-link c-link--is-underlined\" rel=\"noopener\">les premiers entretiens<\/a> qu\u2019il avait accord\u00e9s aux m\u00e9dias le mois dernier.<\/p>\n<p>Un livre qui semble avoir ouvert des portes<\/p>\n<p>En effet, Kevin Federline d\u00e9crivait jusque-l\u00e0 des relations distantes et compliqu\u00e9es, affirmant m\u00eame avoir \u00ab\u00a0perdu tout espoir\u00a0\u00bb de recoller les morceaux. Il expliquait aussi que leurs enfants avaient peur de la pop star, raison pour laquelle ils avaient totalement coup\u00e9 les ponts.<\/p>\n<p>Toujours est-il que si les fils de Britney Spears veulent revoir leur m\u00e8re apr\u00e8s avoir lu le portrait trash que leur p\u00e8re en fait, c\u2019est tout le mal que l\u2019on peut leur souhaiter.<\/p>\n","protected":false},"excerpt":{"rendered":"Serait-on \u00e0 la veille d\u2019un d\u00e9nouement heureux pour Britney Spears et ses enfants\u00a0? Ou bien Kevin Federline a-t-il&hellip;\n","protected":false},"author":2,"featured_media":538339,"comment_status":"","ping_status":"","sticky":false,"template":"","format":"standard","meta":{"footnotes":""},"categories":[1359],"tags":[8719,58,847,59,652,1011,27,973,133],"class_list":{"0":"post-538338","1":"post","2":"type-post","3":"status-publish","4":"format-standard","5":"has-post-thumbnail","7":"category-people","8":"tag-britney-spears","9":"tag-divertissement","10":"tag-enfant","11":"tag-entertainment","12":"tag-famille","13":"tag-fr","14":"tag-france","15":"tag-people","16":"tag-video"},"share_on_mastodon":{"url":"https:\/\/pubeurope.com\/@fr\/115560032811919051","error":""},"_links":{"self":[{"href":"https:\/\/www.europesays.com\/fr\/wp-json\/wp\/v2\/posts\/538338","targetHints":{"allow":["GET"]}}],"collection":[{"href":"https:\/\/www.europesays.com\/fr\/wp-json\/wp\/v2\/posts"}],"about":[{"href":"https:\/\/www.europesays.com\/fr\/wp-json\/wp\/v2\/types\/post"}],"author":[{"embeddable":true,"href":"https:\/\/www.europesays.com\/fr\/wp-json\/wp\/v2\/users\/2"}],"replies":[{"embeddable":true,"href":"https:\/\/www.europesays.com\/fr\/wp-json\/wp\/v2\/comments?post=538338"}],"version-history":[{"count":0,"href":"https:\/\/www.europesays.com\/fr\/wp-json\/wp\/v2\/posts\/538338\/revisions"}],"wp:featuredmedia":[{"embeddable":true,"href":"https:\/\/www.europesays.com\/fr\/wp-json\/wp\/v2\/media\/538339"}],"wp:attachment":[{"href":"https:\/\/www.europesays.com\/fr\/wp-json\/wp\/v2\/media?parent=538338"}],"wp:term":[{"taxonomy":"category","embeddable":true,"href":"https:\/\/www.europesays.com\/fr\/wp-json\/wp\/v2\/categories?post=538338"},{"taxonomy":"post_tag","embeddable":true,"href":"https:\/\/www.europesays.com\/fr\/wp-json\/wp\/v2\/tags?post=538338"}],"curies":[{"name":"wp","href":"https:\/\/api.w.org\/{rel}","templated":true}]}}