{"id":538344,"date":"2025-11-16T15:18:19","date_gmt":"2025-11-16T15:18:19","guid":{"rendered":"https:\/\/www.europesays.com\/fr\/538344\/"},"modified":"2025-11-16T15:18:19","modified_gmt":"2025-11-16T15:18:19","slug":"lempire-une-enquete-stupefiante-sur-lindustrie-du-rap-francais-et-ses-liens-avec-le-crime-organise","status":"publish","type":"post","link":"https:\/\/www.europesays.com\/fr\/538344\/","title":{"rendered":"\u00abL\u2019Empire\u00bb, une\u00a0enqu\u00eate stup\u00e9fiante sur l\u2019industrie du\u00a0rap fran\u00e7ais et ses\u00a0liens avec le\u00a0crime\u00a0organis\u00e9"},"content":{"rendered":"<p>Les trois auteurs, rompus au journalisme d\u2019investigation et \u00e0 l\u2019art du r\u00e9cit, ont donn\u00e9 \u00e0 leur enqu\u00eate sans pr\u00e9c\u00e9dent le titre de la s\u00e9rie Netflix qui immanquablement en sera tir\u00e9. L\u2019Empire est le roman vrai de ce que le rap fran\u00e7ais est devenu depuis dix\u00a0ans. Jul, Ninho, SCH, Koba\u00a0LaD, Gims sont les parrains truculents d\u2019un genre qui domine le march\u00e9 culturel; ils multiplient les centaines de millions de streams, remplissent des stades. Leur argent attire les narcotrafiquants qui exigent leur part du butin.<\/p>\n<p>Ce livre est une constellation du pire de l\u2019ultralib\u00e9ralisme pr\u00e9dateur. Il met en sc\u00e8ne la nouvelle \u00e9conomie du digital, des acteurs troubles dont on n\u2019entend jamais parler, comme ce label nomm\u00e9 Sativa, \u00e9tabli discr\u00e8tement dans un bourg espagnol devenu nouvelle Mecque du rap mondial. D\u2019une page \u00e0 l\u2019autre, vous passerez des bars \u00e0 chicha de Duba\u00ef aux ghettos de Kinshasa. Vous croiserez le vieux monde capitaliste qui cherche \u00e0 s\u2019encanailler mais surtout \u00e0 s\u2019enrichir gr\u00e2ce \u00e0 cette jeunesse p\u00e9riph\u00e9rique. Vous serez estomaqu\u00e9 par la d\u00e9sinvolture de l\u2019industrie du disque, qui pr\u00e9f\u00e8re fermer les yeux sur les destinataires criminels de leurs transferts financiers.<\/p>\n<p>Gr\u00e2ce \u00e0 ce \u00abRapocalypse\u00a0Now\u00bb \u00e0 la fran\u00e7aise, on comprend mieux deux choses. Le journalisme culturel m\u00e9rite le s\u00e9rieux de l\u2019investigation plut\u00f4t que la simple promotion \u2013 les auteurs ont r\u00e9alis\u00e9 des centaines d\u2019entretiens, leur bas de page sont satur\u00e9s de rapports de police et les chapitres sont truff\u00e9s de r\u00e9v\u00e9lations. Et puis, au-del\u00e0 du rap, cet Empire permet de comprendre comment un syst\u00e8me de captation g\u00e9n\u00e9ralis\u00e9e finit par tout d\u00e9truire. M\u00eame la beaut\u00e9 incandescente d\u2019une musique qui sait toujours raconter le monde.<\/p>\n<p>  <a class=\"glightbox\" href=\"https:\/\/www.letemps.ch\/placeholder.png\" data-type=\"image\" data-description=\"Joan Tilouine, co-auteur du livre \u00abL&#039;Empire\u00bb. \u2014 \u00a9 Franck Ferville \/ Editions Flamm\" data- target=\"_blank\" rel=\"noopener\"><\/p>\n<p>      <img decoding=\"async\" class=\"lazy\" title=\"Joan Tilouine, co-auteur du livre \u00abL'Empire\u00bb. \u2014 \u00a9 Franck Ferville \/ Editions Flamm\" alt=\"Joan Tilouine, co-auteur du livre \u00abL'Empire\u00bb. \u2014 \u00a9 Franck Ferville \/ Editions Flamm\" src=\"https:\/\/www.europesays.com\/fr\/wp-content\/uploads\/2025\/11\/large.jpeg\"\/><\/p>\n<p>  <\/a><br \/>\n  Joan Tilouine, co-auteur du livre \u00abL&rsquo;Empire\u00bb. \u2014 \u00a9 Franck Ferville \/ Editions Flamm<\/p>\n<p>Le Temps: Comment est n\u00e9e l\u2019id\u00e9e d\u2019une enqu\u00eate sur le rap fran\u00e7ais?<\/p>\n<p><strong>Joan Tilouine:<\/strong> D\u2019abord de la volont\u00e9 de raconter un pouvoir culturel colossal. Le rap est devenu la musique la plus \u00e9cout\u00e9e, la plus lucrative \u2013 on parle d\u2019un march\u00e9 de pr\u00e8s d\u2019un milliard d\u2019euros en France. Elle est aussi la plus influente, \u00e0 la fois sur l\u2019esth\u00e9tique, la langue et les codes sociaux. On souhaitait combler en partie un vide \u00e9ditorial concernant cette industrie.\u00a0Il n\u2019y a pas de presse libre, il n\u2019y a pas de journaliste ind\u00e9pendant qui ait men\u00e9 des investigations sur ce territoire-l\u00e0.<\/p>\n<p><strong>C\u2019est un paradoxe au moment o\u00f9 de plus en plus de m\u00e9dias traitent de la culture hip-hop\u2026<\/strong><\/p>\n<p>Il y a un foisonnement de m\u00e9dias rap qui d\u00e9pendent des majors du disque et des artistes pour exister. La plupart sont donc compromis \u00e9ditorialement. Nous n\u2019appartenons pas \u00e0 ce mouvement: c\u2019est une force et une faiblesse. Nous arrivons avec des outils de journalistes d\u2019investigation et nous avons appliqu\u00e9 exactement les m\u00eames m\u00e9thodes que si on travaillait sur l\u2019industrie pharmaceutique ou sur une affaire politico-financi\u00e8re.<\/p>\n<p>Lire aussi: <a href=\"https:\/\/www.letemps.ch\/articles\/geos-chroniqueur-radio-le-rap-est-un-miroir-grossissant-de-la-societe\" target=\"_blank\" rel=\"noopener\">Geos, chroniqueur radio: \u00abLe rap est un miroir grossissant de la soci\u00e9t\u00e9\u00bb<\/a>  <\/p>\n<p>La r\u00e9f\u00e9rence au gangst\u00e9risme est omnipr\u00e9sente dans l\u2019histoire du rap. Imaginiez-vous \u00e0 quel point cette musique est gangren\u00e9e par une \u00e9conomie et des pratiques mafieuses?<\/p>\n<p>Nous n\u2019avions pas anticip\u00e9 combien l\u2019\u00e9lite du mouvement musical est infiltr\u00e9e par le narcobanditisme. En ao\u00fbt 2024, nous avons atteint un point de bascule avec <a href=\"https:\/\/www.letemps.ch\/monde\/europe\/une-fusillade-pres-d-une-discotheque-de-la-grande-motte-fait-un-mort-et-un-blesse-grave\" rel=\"nofollow noopener\" target=\"_blank\">l\u2019attaque contre l\u2019entourage du rappeur SCH<\/a>: un homme est mort et un autre a \u00e9t\u00e9 gri\u00e8vement bless\u00e9, dans un r\u00e8glement de comptes li\u00e9 \u00e0 des tentatives d\u2019extorsion. Le sentiment d\u2019une perte de contr\u00f4le g\u00e9n\u00e9rale a d\u00e9li\u00e9 les langues, notamment celles de l\u2019entourage des rappeurs et des cadres de l\u2019industrie.<\/p>\n<p>La plupart des rappeurs dont vous parlez sont victimes d\u2019organisations qui les font chanter pour pr\u00e9lever une part de leurs avances. Vous \u00e9voquez aussi des artistes qui ont clairement franchi la ligne de la criminalit\u00e9\u2026<\/p>\n<p>L\u2019exemple plus frappant, c\u2019est Maes. Il a grandi \u00e0 Sevran, dans le nord-est de Paris. Il a obtenu un succ\u00e8s ph\u00e9nom\u00e9nal \u00e0 partir de la fin des ann\u00e9es 2010. Il a d\u00fb quitter son quartier parce qu\u2019il se voyait reprocher de ne pas redistribuer assez d\u2019argent localement. Il s\u2019est exil\u00e9 \u00e0 Duba\u00ef. Il est suspect\u00e9 par la justice fran\u00e7aise d\u2019avoir commandit\u00e9 deux assassinats via des tueurs \u00e0 gages qu\u2019il a contact\u00e9s. Il a ensuite fui les Emirats arabes unis juste avant que le ministre de l\u2019Int\u00e9rieur G\u00e9rald Darmanin s\u2019y rende en visite officielle. Le rappeur craignait d\u2019\u00eatre extrad\u00e9 en France. A son arriv\u00e9e au Maroc, o\u00f9 il pensait \u00eatre en s\u00e9curit\u00e9, il a \u00e9t\u00e9 arr\u00eat\u00e9 et emprisonn\u00e9 jusqu\u2019\u00e0 ce jour. C\u2019est sid\u00e9rant aujourd\u2019hui de relire certains de ses textes o\u00f9 il parle par exemple de ses \u00abshooters\u00bb, les tireurs qu\u2019il est suspect\u00e9 d\u2019avoir voulu contracter.<\/p>\n<p>Lire aussi: <a href=\"https:\/\/www.letemps.ch\/articles\/get-rich-or-die-tryin-a-la-ferme-des-tilleuls-quand-la-photographie-cree-les-idoles-du-rap\" target=\"_blank\" rel=\"noopener\">\u00abGet Rich or Die Tryin\u2019\u00bb \u00e0 la Ferme des Tilleuls: quand la photographie cr\u00e9e les idoles du rap<\/a>  <\/p>\n<p>Au-del\u00e0 des tr\u00e8s forts exemples individuels, vous montrez combien le syst\u00e8me \u00e9conomique du rap nourrit les organisations mafieuses\u2026<\/p>\n<p>Avec l\u2019effondrement des ventes de disques physiques, les majors\u00a0se sont pour l\u2019essentiel reconverties en des sortes de fonds d\u2019investissement et r\u00e9duites \u00e0 des soci\u00e9t\u00e9s de distribution qui se battent pour des artistes dont la notori\u00e9t\u00e9 en ligne est immense. Elles sont pr\u00eates \u00e0 d\u00e9bourser des millions d\u2019euros en avances. Ce sont ces sommes qui \u00e9veillent l\u2019app\u00e9tit des\u00a0narcobandits. Nous avons demand\u00e9 \u00e0 toutes les majors (Sony, Universal, Warner, qui sont pour certaines cot\u00e9es en bourse) quelles\u00a0sont leurs r\u00e8gles de compliance. Comment \u00e9vitent-elles que leur argent alimente le trafic? Personne n\u2019a r\u00e9pondu. Sous anonymat, on nous a affirm\u00e9 que, si les labels \u00e9taient trop regardants, il n\u2019y aurait plus de rap.<\/p>\n<p>Vous dressez\u00a0le portrait de Believe, une soci\u00e9t\u00e9 fran\u00e7aise\u00a0de distribution qui est devenue un poids lourd de la nouvelle \u00e9conomie hip-hop\u2026<\/p>\n<p>C\u2019est une bo\u00eete tech, une licorne, c\u2019est-\u00e0-dire une start-up dont la valorisation a d\u00e9pass\u00e9 le milliard d\u2019euros et qui \u00e9tait encourag\u00e9e par Emmanuel Macron \u00e0 s\u2019introduire en bourse. Au cours de notre enqu\u00eate, il nous est apparu que Believe \u00e9tait la structure la plus encline \u00e0 nouer des alliances financi\u00e8res avec des organisations dont elle sait pertinemment qu\u2019elles sont contr\u00f4l\u00e9es par des narcotrafiquants. Cela pose au minimum des questions morales. Il est plus sexy sans doute pour une partie de la presse de parler des mafias de banlieue. Mais l\u2019\u00e9conomie des beaux quartiers, celle qui a pignon sur rue, alimente sciemment la spirale criminelle du milieu rap.<\/p>\n<p>Gr\u00e2ce \u00e0 leur puissance \u00e9conomique, les principaux acteurs du rap ont acquis une importante capacit\u00e9 d\u2019influence. Vous pr\u00e9sentez Gims comme une sorte de diplomate informel\u2026<\/p>\n<p>Il est l\u2019ami personnel de la pianiste H\u00e9l\u00e8ne Mercier-Arnault, l\u2019\u00e9pouse du magnat du luxe Bernard Arnault. Nous racontons qu\u2019ils sont all\u00e9s ensemble en jet priv\u00e9 \u00e0 Kinshasa, la ville de naissance de Gims, pour notamment y rencontrer le pr\u00e9sident congolais qui lui a d\u2019ailleurs remis un passeport diplomatique. Gims est un ma\u00eetre du soft power. Il chante au Qatar lors de la Coupe du Monde, puis devient l\u2019ambassadeur des Pi\u00e8ces jaunes de Brigitte Macron, traite ensuite avec un chef d\u2019Etat africain puis un \u00e9mir du Golfe. Il est capable de dresser des ponts entre des puissances \u00e9mergentes et le Vieux Monde qui tente de grappiller une fraction de son aura.<\/p>\n<p>Il existe une tradition ancienne de rap conscient, au fort contenu politique. \u00c0 la lecture de votre enqu\u00eate, il semble que les plus grands rappeurs fran\u00e7ais privil\u00e9gient aujourd\u2019hui l\u2019id\u00e9ologie ultralib\u00e9rale et les autocraties du Sud global\u2026<\/p>\n<p>Certains parmi les plus gros vendeurs jugent en g\u00e9n\u00e9ral la France comme une nation d\u00e9clinante, assez peu attrayante. Ils se tournent vers le Maroc, vers Duba\u00ef, l\u00e0 o\u00f9 le fait d\u2019\u00eatre noir ou maghr\u00e9bin n\u2019est plus un d\u00e9savantage. La lenteur essouffl\u00e9e des d\u00e9mocraties du Nord ne les inspire pas. Ce n\u2019est pas un hasard si, en France, ce sont seulement quelques capitaines d\u2019industrie plut\u00f4t que les politiques qui trouvent gr\u00e2ce \u00e0 leurs yeux. Booba s\u2019est pr\u00e9cipit\u00e9 pour r\u00e9aliser un selfie avec Vincent Bollor\u00e9. Jul a rencontr\u00e9 Rodolphe Saad\u00e9, \u00e0 la demande de ce dernier qui souhaitait nouer une relation avec l\u2019ic\u00f4ne marseillaise pour \u00e9voquer d\u2019\u00e9ventuelles collaborations futures. Il y a dans ce d\u00e9sir de c\u00f4toyer la toute-puissance une part de revanche sociale.<\/p>\n<p>Comment le livre est-il re\u00e7u par le milieu rap?<\/p>\n<p>Dans la presse sp\u00e9cialis\u00e9e, le retour est globalement positif. Certaines figures d\u2019importance, comme le rappeur Soprano ou le r\u00e9alisateur Franck Gastambide, approuvent notre enqu\u00eate \u2013 c\u2019est comme si une partie de l\u2019omerta \u00e9tait en train de tomber. Mais ce qui est surtout fabuleux, c\u2019est de voir que ce livre fait lire les jeunes. On voit que des pages s\u2019\u00e9changent sur le r\u00e9seau X.<\/p>\n<p><strong>L\u2019Empire. Enqu\u00eate au c\u0153ur du RAP fran\u00e7ais.<\/strong> Un livre de Joan Tilouine, Paul Deutschmann, Simon Piel. Flammarion, 320 pages.<\/p>\n","protected":false},"excerpt":{"rendered":"Les trois auteurs, rompus au journalisme d\u2019investigation et \u00e0 l\u2019art du r\u00e9cit, ont donn\u00e9 \u00e0 leur enqu\u00eate sans&hellip;\n","protected":false},"author":2,"featured_media":538345,"comment_status":"","ping_status":"","sticky":false,"template":"","format":"standard","meta":{"footnotes":""},"categories":[1355],"tags":[251,58,59,3297,1011,27,4438,1380,1361,873,41607],"class_list":{"0":"post-538344","1":"post","2":"type-post","3":"status-publish","4":"format-standard","5":"has-post-thumbnail","7":"category-musique","8":"tag-culture","9":"tag-divertissement","10":"tag-entertainment","11":"tag-entre-temps","12":"tag-fr","13":"tag-france","14":"tag-free","15":"tag-livres","16":"tag-music","17":"tag-musique","18":"tag-rap-u0026-ru0026b"},"share_on_mastodon":{"url":"https:\/\/pubeurope.com\/@fr\/115560049176782515","error":""},"_links":{"self":[{"href":"https:\/\/www.europesays.com\/fr\/wp-json\/wp\/v2\/posts\/538344","targetHints":{"allow":["GET"]}}],"collection":[{"href":"https:\/\/www.europesays.com\/fr\/wp-json\/wp\/v2\/posts"}],"about":[{"href":"https:\/\/www.europesays.com\/fr\/wp-json\/wp\/v2\/types\/post"}],"author":[{"embeddable":true,"href":"https:\/\/www.europesays.com\/fr\/wp-json\/wp\/v2\/users\/2"}],"replies":[{"embeddable":true,"href":"https:\/\/www.europesays.com\/fr\/wp-json\/wp\/v2\/comments?post=538344"}],"version-history":[{"count":0,"href":"https:\/\/www.europesays.com\/fr\/wp-json\/wp\/v2\/posts\/538344\/revisions"}],"wp:featuredmedia":[{"embeddable":true,"href":"https:\/\/www.europesays.com\/fr\/wp-json\/wp\/v2\/media\/538345"}],"wp:attachment":[{"href":"https:\/\/www.europesays.com\/fr\/wp-json\/wp\/v2\/media?parent=538344"}],"wp:term":[{"taxonomy":"category","embeddable":true,"href":"https:\/\/www.europesays.com\/fr\/wp-json\/wp\/v2\/categories?post=538344"},{"taxonomy":"post_tag","embeddable":true,"href":"https:\/\/www.europesays.com\/fr\/wp-json\/wp\/v2\/tags?post=538344"}],"curies":[{"name":"wp","href":"https:\/\/api.w.org\/{rel}","templated":true}]}}